{"id":5872,"date":"2024-04-11T01:01:00","date_gmt":"2024-04-11T04:01:00","guid":{"rendered":"https:\/\/magazineweb.com.ar\/?p=5872"},"modified":"2024-04-10T20:48:39","modified_gmt":"2024-04-10T23:48:39","slug":"la-uta-advierte-que-podria-haber-paro-de-colectivos-en-el-amba-si-este-jueves-no-se-paga-el-aumento-acordado","status":"publish","type":"post","link":"https:\/\/magazineweb.com.ar\/?p=5872","title":{"rendered":"La UTA advierte que podr\u00eda haber paro de colectivos en el AMBA si este jueves no se paga el aumento acordado"},"content":{"rendered":"\n<p>La Uni\u00f3n Tranviaria Automotor (UTA) se\u00f1al\u00f3 ayer mi\u00e9rcoles que el sector empresario \u201cse niega a pagar los salarios\u201d con el aumento acordado en paritaria y advirti\u00f3 que podr\u00eda haber un cese de actividades durante la jornada de este jueves.<\/p>\n\n\n\n<p>\u201cEn el d\u00eda de ma\u00f1ana (por este jueves) los trabajadores estar\u00e1n en las empresas al inicio de la jornada esperando el pago del 100% de los salarios, como requisito previo a iniciar las tareas\u201d, dice un comunicado difundido en la tarde del mi\u00e9rcoles.<\/p>\n\n\n\n<p>Seg\u00fan explic\u00f3 el gremio, \u201cel sector empresario se niega a pagar los salarios en los montos acordados, a pesar de que los Gobierno Nacional y Provincial aportaron en subsidios la suma de m\u00e1s de $122.000.000.000, con un aumento respecto al de los meses anteriores de 42% y aumento del valor del pasaje que pagan los usuarios en un 250%\u201d.<\/p>\n\n\n\n<p>A pesar de eso, desde el sector empresario \u201cmanifiestan que los gobiernos deben aportar una suma superior porque los montos recibidos no son suficientes para cubrir los costos\u201d.<\/p>\n\n\n\n<p>\u201cAs\u00ed tambi\u00e9n ahora niegan lo acordado, intentando borrar con el codo lo que se escribi\u00f3 con la mano y ante la misma autoridad de aplicaci\u00f3n\u201d, indic\u00f3 la UTA en el comunicado de prensa.<\/p>\n\n\n\n<p>En ese marco,&nbsp;desde el gremio exhortaron a los empresarios a que \u201casuman la responsabilidad que les corresponde como empleadores y eviten afectar a miles de usuarios\u201d.<\/p>\n","protected":false},"excerpt":{"rendered":"<p>La Uni\u00f3n Tranviaria Automotor (UTA) se\u00f1al\u00f3 ayer mi\u00e9rcoles que el sector empresario \u201cse niega a pagar los salarios\u201d con el aumento acordado en paritaria y advirti\u00f3 que podr\u00eda haber un&hellip;<\/p>\n","protected":false},"author":3,"featured_media":5873,"comment_status":"closed","ping_status":"closed","sticky":false,"template":"","format":"standard","meta":{"footnotes":""},"categories":[4,9],"tags":[],"class_list":["post-5872","post","type-post","status-publish","format-standard","has-post-thumbnail","hentry","category-destacados","category-informacion-general"],"rttpg_featured_image_url":{"full":["https:\/\/magazineweb.com.ar\/wp-content\/uploads\/2024\/04\/colectivos.webp",790,444,false],"landscape":["https:\/\/magazineweb.com.ar\/wp-content\/uploads\/2024\/04\/colectivos.webp",790,444,false],"portraits":["https:\/\/magazineweb.com.ar\/wp-content\/uploads\/2024\/04\/colectivos.webp",790,444,false],"thumbnail":["https:\/\/magazineweb.com.ar\/wp-content\/uploads\/2024\/04\/colectivos-150x150.webp",150,150,true],"medium":["https:\/\/magazineweb.com.ar\/wp-content\/uploads\/2024\/04\/colectivos-300x169.webp",300,169,true],"large":["https:\/\/magazineweb.com.ar\/wp-content\/uploads\/2024\/04\/colectivos.webp",790,444,false],"1536x1536":["https:\/\/magazineweb.com.ar\/wp-content\/uploads\/2024\/04\/colectivos.webp",790,444,false],"2048x2048":["https:\/\/magazineweb.com.ar\/wp-content\/uploads\/2024\/04\/colectivos.webp",790,444,false],"ultp_layout_landscape_large":["https:\/\/magazineweb.com.ar\/wp-content\/uploads\/2024\/04\/colectivos.webp",790,444,false],"ultp_layout_landscape":["https:\/\/magazineweb.com.ar\/wp-content\/uploads\/2024\/04\/colectivos.webp",790,444,false],"ultp_layout_portrait":["https:\/\/magazineweb.com.ar\/wp-content\/uploads\/2024\/04\/colectivos-600x444.webp",600,444,true],"ultp_layout_square":["https:\/\/magazineweb.com.ar\/wp-content\/uploads\/2024\/04\/colectivos-600x444.webp",600,444,true]},"rttpg_author":{"display_name":"Redacci\u00f3n Magazine Web","author_link":"https:\/\/magazineweb.com.ar\/?author=3"},"rttpg_comment":0,"rttpg_category":"<a href=\"https:\/\/magazineweb.com.ar\/?cat=4\" rel=\"category\">Destacados<\/a> <a href=\"https:\/\/magazineweb.com.ar\/?cat=9\" rel=\"category\">Informaci\u00f3n General<\/a>","rttpg_excerpt":"La Uni\u00f3n Tranviaria Automotor (UTA) se\u00f1al\u00f3 ayer mi\u00e9rcoles que el sector empresario \u201cse niega a pagar los salarios\u201d con el aumento acordado en paritaria y advirti\u00f3 que podr\u00eda haber un&hellip;","_links":{"self":[{"href":"https:\/\/magazineweb.com.ar\/index.php?rest_route=\/wp\/v2\/posts\/5872","targetHints":{"allow":["GET"]}}],"collection":[{"href":"https:\/\/magazineweb.com.ar\/index.php?rest_route=\/wp\/v2\/posts"}],"about":[{"href":"https:\/\/magazineweb.com.ar\/index.php?rest_route=\/wp\/v2\/types\/post"}],"author":[{"embeddable":true,"href":"https:\/\/magazineweb.com.ar\/index.php?rest_route=\/wp\/v2\/users\/3"}],"replies":[{"embeddable":true,"href":"https:\/\/magazineweb.com.ar\/index.php?rest_route=%2Fwp%2Fv2%2Fcomments&post=5872"}],"version-history":[{"count":1,"href":"https:\/\/magazineweb.com.ar\/index.php?rest_route=\/wp\/v2\/posts\/5872\/revisions"}],"predecessor-version":[{"id":5874,"href":"https:\/\/magazineweb.com.ar\/index.php?rest_route=\/wp\/v2\/posts\/5872\/revisions\/5874"}],"wp:featuredmedia":[{"embeddable":true,"href":"https:\/\/magazineweb.com.ar\/index.php?rest_route=\/wp\/v2\/media\/5873"}],"wp:attachment":[{"href":"https:\/\/magazineweb.com.ar\/index.php?rest_route=%2Fwp%2Fv2%2Fmedia&parent=5872"}],"wp:term":[{"taxonomy":"category","embeddable":true,"href":"https:\/\/magazineweb.com.ar\/index.php?rest_route=%2Fwp%2Fv2%2Fcategories&post=5872"},{"taxonomy":"post_tag","embeddable":true,"href":"https:\/\/magazineweb.com.ar\/index.php?rest_route=%2Fwp%2Fv2%2Ftags&post=5872"}],"curies":[{"name":"wp","href":"https:\/\/api.w.org\/{rel}","templated":true}]}}