{"id":5882,"date":"2024-04-12T01:09:00","date_gmt":"2024-04-12T04:09:00","guid":{"rendered":"https:\/\/magazineweb.com.ar\/?p=5882"},"modified":"2024-04-11T18:32:42","modified_gmt":"2024-04-11T21:32:42","slug":"el-gobierno-bonaerense-congela-la-suba-del-impuesto-automotor-prevista-para-mayo","status":"publish","type":"post","link":"https:\/\/magazineweb.com.ar\/?p=5882","title":{"rendered":"El Gobierno bonaerense congela la suba del Impuesto Automotor prevista para mayo"},"content":{"rendered":"\n<p>El Gobierno bonaerense decidi\u00f3 congelar la suba prevista para mayo del Impuesto Automotor, en medio de la pol\u00e9mica que se gener\u00f3 por los aumentos de impuestos en la Provincia.<\/p>\n\n\n\n<p>La decisi\u00f3n oficial pasa por no hacer uso de las facultades que le otorg\u00f3 la Legislatura provincial a Axel Kicillof para realizar actualizaciones de las cuotas por inflaci\u00f3n en todos los tributos patrimoniales. La medida regir\u00e1, en principio, para la cuota 2 del Impuesto Automotor que vence en mayo, que mantendr\u00e1 el mismo valor de la cuota 1 que ya venci\u00f3.<\/p>\n\n\n\n<p>La ley Impositiva autoriz\u00f3 al gobierno bonaerense, m\u00e1s all\u00e1 de las subas globales respecto del a\u00f1o pasado, a actualizar las cuotas de los impuestos en relaci\u00f3n a la inflaci\u00f3n registrada en cada per\u00edodo. En el caso del Inmobiliario Urbano que venci\u00f3 el mi\u00e9rcoles, la cuota 2 fue reajustada en un 20% frente al costo de vida que trep\u00f3 al 51,5% en los \u00faltimos meses.<\/p>\n\n\n\n<p>En relaci\u00f3n a la Patente se iba a seguir el mismo rumbo, pero en las \u00faltimas horas trascendi\u00f3 la decisi\u00f3n de Kicillof de que al menos la cuota 2 el tributo tenga el mismo valor que la cuota 1. En tanto que para el tercer vencimiento no hay decisi\u00f3n tomada. Al respecto, desde el gobierno bonaerense sostuvieron que \u201cMilei propone un d\u00eda a d\u00eda, no tenemos par\u00e1metros claros para planificar\u201d.<\/p>\n\n\n\n<p>La versi\u00f3n respecto de la eventual medida oficial de no aplicar la actualizaci\u00f3n de la cuota hab\u00eda comenzado a trascender en los \u00faltimos d\u00edas en distintas fuentes.<\/p>\n\n\n\n<p>\u201cEn el caso del Automotor se interpret\u00f3 que con el aumento de las valuaciones y quita de bonificaciones, por ahora los ingresos por este impuesto est\u00e1n en l\u00ednea con lo previsto\u201d, se\u00f1alaron las fuentes consultadas.<\/p>\n","protected":false},"excerpt":{"rendered":"<p>El Gobierno bonaerense decidi\u00f3 congelar la suba prevista para mayo del Impuesto Automotor, en medio de la pol\u00e9mica que se gener\u00f3 por los aumentos de impuestos en la Provincia. La&hellip;<\/p>\n","protected":false},"author":3,"featured_media":5883,"comment_status":"closed","ping_status":"closed","sticky":false,"template":"","format":"standard","meta":{"footnotes":""},"categories":[5],"tags":[],"class_list":["post-5882","post","type-post","status-publish","format-standard","has-post-thumbnail","hentry","category-economia"],"rttpg_featured_image_url":{"full":["https:\/\/magazineweb.com.ar\/wp-content\/uploads\/2024\/04\/492530.webp",1280,853,false],"landscape":["https:\/\/magazineweb.com.ar\/wp-content\/uploads\/2024\/04\/492530.webp",1280,853,false],"portraits":["https:\/\/magazineweb.com.ar\/wp-content\/uploads\/2024\/04\/492530.webp",1280,853,false],"thumbnail":["https:\/\/magazineweb.com.ar\/wp-content\/uploads\/2024\/04\/492530-150x150.webp",150,150,true],"medium":["https:\/\/magazineweb.com.ar\/wp-content\/uploads\/2024\/04\/492530-300x200.webp",300,200,true],"large":["https:\/\/magazineweb.com.ar\/wp-content\/uploads\/2024\/04\/492530-1024x682.webp",1024,682,true],"1536x1536":["https:\/\/magazineweb.com.ar\/wp-content\/uploads\/2024\/04\/492530.webp",1280,853,false],"2048x2048":["https:\/\/magazineweb.com.ar\/wp-content\/uploads\/2024\/04\/492530.webp",1280,853,false],"ultp_layout_landscape_large":["https:\/\/magazineweb.com.ar\/wp-content\/uploads\/2024\/04\/492530-1200x800.webp",1200,800,true],"ultp_layout_landscape":["https:\/\/magazineweb.com.ar\/wp-content\/uploads\/2024\/04\/492530-870x570.webp",870,570,true],"ultp_layout_portrait":["https:\/\/magazineweb.com.ar\/wp-content\/uploads\/2024\/04\/492530-600x853.webp",600,853,true],"ultp_layout_square":["https:\/\/magazineweb.com.ar\/wp-content\/uploads\/2024\/04\/492530-600x600.webp",600,600,true]},"rttpg_author":{"display_name":"Redacci\u00f3n Magazine Web","author_link":"https:\/\/magazineweb.com.ar\/?author=3"},"rttpg_comment":0,"rttpg_category":"<a href=\"https:\/\/magazineweb.com.ar\/?cat=5\" rel=\"category\">Econom\u00eda<\/a>","rttpg_excerpt":"El Gobierno bonaerense decidi\u00f3 congelar la suba prevista para mayo del Impuesto Automotor, en medio de la pol\u00e9mica que se gener\u00f3 por los aumentos de impuestos en la Provincia. La&hellip;","_links":{"self":[{"href":"https:\/\/magazineweb.com.ar\/index.php?rest_route=\/wp\/v2\/posts\/5882","targetHints":{"allow":["GET"]}}],"collection":[{"href":"https:\/\/magazineweb.com.ar\/index.php?rest_route=\/wp\/v2\/posts"}],"about":[{"href":"https:\/\/magazineweb.com.ar\/index.php?rest_route=\/wp\/v2\/types\/post"}],"author":[{"embeddable":true,"href":"https:\/\/magazineweb.com.ar\/index.php?rest_route=\/wp\/v2\/users\/3"}],"replies":[{"embeddable":true,"href":"https:\/\/magazineweb.com.ar\/index.php?rest_route=%2Fwp%2Fv2%2Fcomments&post=5882"}],"version-history":[{"count":1,"href":"https:\/\/magazineweb.com.ar\/index.php?rest_route=\/wp\/v2\/posts\/5882\/revisions"}],"predecessor-version":[{"id":5884,"href":"https:\/\/magazineweb.com.ar\/index.php?rest_route=\/wp\/v2\/posts\/5882\/revisions\/5884"}],"wp:featuredmedia":[{"embeddable":true,"href":"https:\/\/magazineweb.com.ar\/index.php?rest_route=\/wp\/v2\/media\/5883"}],"wp:attachment":[{"href":"https:\/\/magazineweb.com.ar\/index.php?rest_route=%2Fwp%2Fv2%2Fmedia&parent=5882"}],"wp:term":[{"taxonomy":"category","embeddable":true,"href":"https:\/\/magazineweb.com.ar\/index.php?rest_route=%2Fwp%2Fv2%2Fcategories&post=5882"},{"taxonomy":"post_tag","embeddable":true,"href":"https:\/\/magazineweb.com.ar\/index.php?rest_route=%2Fwp%2Fv2%2Ftags&post=5882"}],"curies":[{"name":"wp","href":"https:\/\/api.w.org\/{rel}","templated":true}]}}