{"id":5888,"date":"2024-04-12T01:02:00","date_gmt":"2024-04-12T04:02:00","guid":{"rendered":"https:\/\/magazineweb.com.ar\/?p=5888"},"modified":"2024-04-11T19:21:23","modified_gmt":"2024-04-11T22:21:23","slug":"la-obra-de-puesta-en-valor-del-microestadio-presidente-nestor-kirchner-ingresa-en-su-etapa-final","status":"publish","type":"post","link":"https:\/\/magazineweb.com.ar\/?p=5888","title":{"rendered":"La obra de puesta en valor del Microestadio Presidente N\u00e9stor Kirchner ingresa en su etapa final"},"content":{"rendered":"\n<p>El Municipio de Quilmes informa que la obra de refacci\u00f3n y puesta en valor del microestadio Presidente N\u00e9stor Kirchner, ubicado dentro del Polideportivo Municipal Reinaldo Gorno (bulevar \u201cIndio\u201d G\u00f3mez y Lafinur, en Quilmes Oeste), ha ingresado en su etapa final y se encuentra pr\u00f3xima a concluirse.<\/p>\n\n\n\n<p>Desde la Secretar\u00eda de Desarrollo Urbano y Obra P\u00fablica local, a cargo de Ceci Soler, el microestadio est\u00e1 en un avance del 95 por ciento. En los \u00faltimos d\u00edas se realizaron trabajos el\u00e9ctricos adem\u00e1s de diversas tareas en la plaza de acceso y en el hall de entrada. A su vez, en la cancha multideporte, con el sellado e impermeabilizaci\u00f3n de sus tribunas, las labores han finalizado.<\/p>\n\n\n\n<p>En este marco, en el microestadio Presidente N\u00e9stor Kirchner se concretaron obras en los vestuarios locales (tambi\u00e9n en el sector visitante, bajo la tribuna), los anexos, la plaza de acceso principal al mismo, los desag\u00fces cloacales, entre otras acciones como la instalaci\u00f3n de bancos, cestos de residuos, luminarias LED, forestaci\u00f3n y parquizaci\u00f3n con plantas, 600m2 de c\u00e9sped y \u00e1rboles.<br><br>Adem\u00e1s, el edificio va a contar con un hall de entrada con sectores de oficinas de trabajo, boleter\u00edas para la atenci\u00f3n de quienes asistan al lugar, una cafeter\u00eda en planta alta y otro espacio de oficinas para el personal del \u00e1rea de Deportes del Municipio.<\/p>\n","protected":false},"excerpt":{"rendered":"<p>El Municipio de Quilmes informa que la obra de refacci\u00f3n y puesta en valor del microestadio Presidente N\u00e9stor Kirchner, ubicado dentro del Polideportivo Municipal Reinaldo Gorno (bulevar \u201cIndio\u201d G\u00f3mez y&hellip;<\/p>\n","protected":false},"author":3,"featured_media":5889,"comment_status":"closed","ping_status":"closed","sticky":false,"template":"","format":"standard","meta":{"footnotes":""},"categories":[4,9],"tags":[],"class_list":["post-5888","post","type-post","status-publish","format-standard","has-post-thumbnail","hentry","category-destacados","category-informacion-general"],"rttpg_featured_image_url":{"full":["https:\/\/magazineweb.com.ar\/wp-content\/uploads\/2024\/04\/thumbnail_LA-OBRA-DE-PUESTA-EN-VALOR-DEL-MICROESTADIO-PRESIDENTE-NESTOR-KIRCHNER-INGRESA-EN-SU-ETAPA-FINAL-1.jpg",567,378,false],"landscape":["https:\/\/magazineweb.com.ar\/wp-content\/uploads\/2024\/04\/thumbnail_LA-OBRA-DE-PUESTA-EN-VALOR-DEL-MICROESTADIO-PRESIDENTE-NESTOR-KIRCHNER-INGRESA-EN-SU-ETAPA-FINAL-1.jpg",567,378,false],"portraits":["https:\/\/magazineweb.com.ar\/wp-content\/uploads\/2024\/04\/thumbnail_LA-OBRA-DE-PUESTA-EN-VALOR-DEL-MICROESTADIO-PRESIDENTE-NESTOR-KIRCHNER-INGRESA-EN-SU-ETAPA-FINAL-1.jpg",567,378,false],"thumbnail":["https:\/\/magazineweb.com.ar\/wp-content\/uploads\/2024\/04\/thumbnail_LA-OBRA-DE-PUESTA-EN-VALOR-DEL-MICROESTADIO-PRESIDENTE-NESTOR-KIRCHNER-INGRESA-EN-SU-ETAPA-FINAL-1-150x150.jpg",150,150,true],"medium":["https:\/\/magazineweb.com.ar\/wp-content\/uploads\/2024\/04\/thumbnail_LA-OBRA-DE-PUESTA-EN-VALOR-DEL-MICROESTADIO-PRESIDENTE-NESTOR-KIRCHNER-INGRESA-EN-SU-ETAPA-FINAL-1-300x200.jpg",300,200,true],"large":["https:\/\/magazineweb.com.ar\/wp-content\/uploads\/2024\/04\/thumbnail_LA-OBRA-DE-PUESTA-EN-VALOR-DEL-MICROESTADIO-PRESIDENTE-NESTOR-KIRCHNER-INGRESA-EN-SU-ETAPA-FINAL-1.jpg",567,378,false],"1536x1536":["https:\/\/magazineweb.com.ar\/wp-content\/uploads\/2024\/04\/thumbnail_LA-OBRA-DE-PUESTA-EN-VALOR-DEL-MICROESTADIO-PRESIDENTE-NESTOR-KIRCHNER-INGRESA-EN-SU-ETAPA-FINAL-1.jpg",567,378,false],"2048x2048":["https:\/\/magazineweb.com.ar\/wp-content\/uploads\/2024\/04\/thumbnail_LA-OBRA-DE-PUESTA-EN-VALOR-DEL-MICROESTADIO-PRESIDENTE-NESTOR-KIRCHNER-INGRESA-EN-SU-ETAPA-FINAL-1.jpg",567,378,false],"ultp_layout_landscape_large":["https:\/\/magazineweb.com.ar\/wp-content\/uploads\/2024\/04\/thumbnail_LA-OBRA-DE-PUESTA-EN-VALOR-DEL-MICROESTADIO-PRESIDENTE-NESTOR-KIRCHNER-INGRESA-EN-SU-ETAPA-FINAL-1.jpg",567,378,false],"ultp_layout_landscape":["https:\/\/magazineweb.com.ar\/wp-content\/uploads\/2024\/04\/thumbnail_LA-OBRA-DE-PUESTA-EN-VALOR-DEL-MICROESTADIO-PRESIDENTE-NESTOR-KIRCHNER-INGRESA-EN-SU-ETAPA-FINAL-1.jpg",567,378,false],"ultp_layout_portrait":["https:\/\/magazineweb.com.ar\/wp-content\/uploads\/2024\/04\/thumbnail_LA-OBRA-DE-PUESTA-EN-VALOR-DEL-MICROESTADIO-PRESIDENTE-NESTOR-KIRCHNER-INGRESA-EN-SU-ETAPA-FINAL-1.jpg",567,378,false],"ultp_layout_square":["https:\/\/magazineweb.com.ar\/wp-content\/uploads\/2024\/04\/thumbnail_LA-OBRA-DE-PUESTA-EN-VALOR-DEL-MICROESTADIO-PRESIDENTE-NESTOR-KIRCHNER-INGRESA-EN-SU-ETAPA-FINAL-1.jpg",567,378,false]},"rttpg_author":{"display_name":"Redacci\u00f3n Magazine Web","author_link":"https:\/\/magazineweb.com.ar\/?author=3"},"rttpg_comment":0,"rttpg_category":"<a href=\"https:\/\/magazineweb.com.ar\/?cat=4\" rel=\"category\">Destacados<\/a> <a href=\"https:\/\/magazineweb.com.ar\/?cat=9\" rel=\"category\">Informaci\u00f3n General<\/a>","rttpg_excerpt":"El Municipio de Quilmes informa que la obra de refacci\u00f3n y puesta en valor del microestadio Presidente N\u00e9stor Kirchner, ubicado dentro del Polideportivo Municipal Reinaldo Gorno (bulevar \u201cIndio\u201d G\u00f3mez y&hellip;","_links":{"self":[{"href":"https:\/\/magazineweb.com.ar\/index.php?rest_route=\/wp\/v2\/posts\/5888","targetHints":{"allow":["GET"]}}],"collection":[{"href":"https:\/\/magazineweb.com.ar\/index.php?rest_route=\/wp\/v2\/posts"}],"about":[{"href":"https:\/\/magazineweb.com.ar\/index.php?rest_route=\/wp\/v2\/types\/post"}],"author":[{"embeddable":true,"href":"https:\/\/magazineweb.com.ar\/index.php?rest_route=\/wp\/v2\/users\/3"}],"replies":[{"embeddable":true,"href":"https:\/\/magazineweb.com.ar\/index.php?rest_route=%2Fwp%2Fv2%2Fcomments&post=5888"}],"version-history":[{"count":1,"href":"https:\/\/magazineweb.com.ar\/index.php?rest_route=\/wp\/v2\/posts\/5888\/revisions"}],"predecessor-version":[{"id":5890,"href":"https:\/\/magazineweb.com.ar\/index.php?rest_route=\/wp\/v2\/posts\/5888\/revisions\/5890"}],"wp:featuredmedia":[{"embeddable":true,"href":"https:\/\/magazineweb.com.ar\/index.php?rest_route=\/wp\/v2\/media\/5889"}],"wp:attachment":[{"href":"https:\/\/magazineweb.com.ar\/index.php?rest_route=%2Fwp%2Fv2%2Fmedia&parent=5888"}],"wp:term":[{"taxonomy":"category","embeddable":true,"href":"https:\/\/magazineweb.com.ar\/index.php?rest_route=%2Fwp%2Fv2%2Fcategories&post=5888"},{"taxonomy":"post_tag","embeddable":true,"href":"https:\/\/magazineweb.com.ar\/index.php?rest_route=%2Fwp%2Fv2%2Ftags&post=5888"}],"curies":[{"name":"wp","href":"https:\/\/api.w.org\/{rel}","templated":true}]}}