{"id":5900,"date":"2024-04-12T01:03:00","date_gmt":"2024-04-12T04:03:00","guid":{"rendered":"https:\/\/magazineweb.com.ar\/?p=5900"},"modified":"2024-04-11T21:05:17","modified_gmt":"2024-04-12T00:05:17","slug":"el-parque-industrial-platanos-festejo-su-20-aniversario","status":"publish","type":"post","link":"https:\/\/magazineweb.com.ar\/?p=5900","title":{"rendered":"El\u00a0Parque\u00a0Industrial\u00a0Pl\u00e1tanos festej\u00f3 su 20\u00b0 aniversario"},"content":{"rendered":"\n<p><strong>Se cumplieron 20 a\u00f1os de la inauguraci\u00f3n del&nbsp;Parque&nbsp;Industrial&nbsp;Pl\u00e1tanos (PIP). El intendente de Berazategui, Juan Jos\u00e9 Mussi, particip\u00f3 de la celebraci\u00f3n, junto a la subsecretaria bonaerense de Industria y Pymes, Mariela Bembi; y el presidente del PIP, Daniel Rosato.<\/strong><\/p>\n\n\n\n<p>El evento se realiz\u00f3 en el predio de la Papelera Rosato y cont\u00f3 con la asistencia de&nbsp;industriales, proveedores, cooperativistas, representantes del&nbsp;Parque&nbsp;e integrantes del Gabinete Municipal. Durante la celebraci\u00f3n, el Jefe Comunal, la Cooperativa Hormigas Podadoras y la Uni\u00f3n&nbsp;Industrial&nbsp;Berazategui (UIB) recibieron diferentes reconocimientos.<\/p>\n\n\n\n<p>\u201cCada vez nos emocionamos m\u00e1s con estas cosas, porque recordamos todo el recorrido que hicimos unidos. En el medio, hubo un mont\u00f3n de cosas que tuvimos que sortear, pero la uni\u00f3n con los&nbsp;industriales fue clave. Quiero que los j\u00f3venes sigan este ejemplo y que tengan en cuenta que no hay salida posible sin trabajo. No quiero m\u00e1s planes; quiero que la gente viva producto de su esfuerzo\u201d, destac\u00f3 Mussi. Y agreg\u00f3: \u201cAgradezco la presencia de la Provincia. Estoy convencido de que el gobernador Axel Kicillof no le va a soltar las manos a las pymes, porque sabe que la \u00fanica salida es a trav\u00e9s de estas industrias\u201d.<\/p>\n\n\n\n<p>Por su parte, Mariela Bembi expres\u00f3: \u201cEn estos cuatro a\u00f1os hemos trabajado con muchos municipios de todo el territorio bonaerense. El gobernador Kicillof hizo hincapi\u00e9 en que el modelo para la Provincia debe tener a la producci\u00f3n, el trabajo, los&nbsp;parques&nbsp;industriales y las pymes en el centro de cualquier pol\u00edtica de crecimiento\u201d.<\/p>\n\n\n\n<p>Finalmente, Rosato declar\u00f3:\u201d La historia del PIP se resume en la uni\u00f3n de los&nbsp;industriales con el Municipio de Berazategui, en un momento muy dif\u00edcil del pa\u00eds, en el que cerraban empresas o se iban al exterior. La confianza mutua que generamos es un ejemplo a nivel municipal, provincial y nacional. A partir de este lugar, logramos que el distrito tenga 13&nbsp;parques&nbsp;industriales\u201d<\/p>\n\n\n\n<p>El&nbsp;Parque&nbsp;fue inaugurado el 31 de marzo de 2004, con nueve empresas funcionando. Actualmente, suman un total de 56 f\u00e1bricas. El 39% de las industrias radicadas corresponde al sector metal\u00fargico; el 15% al del cuero\/caucho; el 13% al del papel y cart\u00f3n; y el resto, al qu\u00edmico, de alimentaci\u00f3n, vidrio y textil. Este espacio gener\u00f3 m\u00e1s de 1400 puestos de empleo directo. Un 45% de las empresas que lo integran concretaron exportaciones en los \u00faltimos tres a\u00f1os y los productos han llegado a 24 pa\u00edses. El 40% de estas industrias compra su materia prima, insumos y repuestos en Berazategui.<\/p>\n\n\n\n<p>El jueves 4 de abril, el Honorable Concejo Deliberante de Berazategui (HCD) sancion\u00f3 la Ordenanza Municipal N\u00b0 6504 que declara al 31 de Marzo (fecha inaugural del PIP) como el D\u00eda de los&nbsp;Parques&nbsp;Industriales de Berazategui. El&nbsp;Parque&nbsp;Industrial&nbsp;Berazategui es uno de los 13&nbsp;Parques y Miniparques&nbsp;industriales y tecnol\u00f3gicos que funcionan en el distrito, gracias a la decisi\u00f3n pol\u00edtica firme del intendente Mussi de impulsar el desarrollo productivo y crecimiento de la ciudad.<\/p>\n","protected":false},"excerpt":{"rendered":"<p>Se cumplieron 20 a\u00f1os de la inauguraci\u00f3n del&nbsp;Parque&nbsp;Industrial&nbsp;Pl\u00e1tanos (PIP). El intendente de Berazategui, Juan Jos\u00e9 Mussi, particip\u00f3 de la celebraci\u00f3n, junto a la subsecretaria bonaerense de Industria y Pymes, Mariela&hellip;<\/p>\n","protected":false},"author":3,"featured_media":5901,"comment_status":"closed","ping_status":"closed","sticky":false,"template":"","format":"standard","meta":{"footnotes":""},"categories":[4,9],"tags":[],"class_list":["post-5900","post","type-post","status-publish","format-standard","has-post-thumbnail","hentry","category-destacados","category-informacion-general"],"rttpg_featured_image_url":{"full":["https:\/\/magazineweb.com.ar\/wp-content\/uploads\/2024\/04\/EL-PARQUE-INDUSTRIAL-PLATANOS-FESTEJO-SU-20\u00b0-ANIVERSARIO-4.jpg",1920,1281,false],"landscape":["https:\/\/magazineweb.com.ar\/wp-content\/uploads\/2024\/04\/EL-PARQUE-INDUSTRIAL-PLATANOS-FESTEJO-SU-20\u00b0-ANIVERSARIO-4.jpg",1920,1281,false],"portraits":["https:\/\/magazineweb.com.ar\/wp-content\/uploads\/2024\/04\/EL-PARQUE-INDUSTRIAL-PLATANOS-FESTEJO-SU-20\u00b0-ANIVERSARIO-4.jpg",1920,1281,false],"thumbnail":["https:\/\/magazineweb.com.ar\/wp-content\/uploads\/2024\/04\/EL-PARQUE-INDUSTRIAL-PLATANOS-FESTEJO-SU-20\u00b0-ANIVERSARIO-4-150x150.jpg",150,150,true],"medium":["https:\/\/magazineweb.com.ar\/wp-content\/uploads\/2024\/04\/EL-PARQUE-INDUSTRIAL-PLATANOS-FESTEJO-SU-20\u00b0-ANIVERSARIO-4-300x200.jpg",300,200,true],"large":["https:\/\/magazineweb.com.ar\/wp-content\/uploads\/2024\/04\/EL-PARQUE-INDUSTRIAL-PLATANOS-FESTEJO-SU-20\u00b0-ANIVERSARIO-4-1024x683.jpg",1024,683,true],"1536x1536":["https:\/\/magazineweb.com.ar\/wp-content\/uploads\/2024\/04\/EL-PARQUE-INDUSTRIAL-PLATANOS-FESTEJO-SU-20\u00b0-ANIVERSARIO-4-1536x1025.jpg",1536,1025,true],"2048x2048":["https:\/\/magazineweb.com.ar\/wp-content\/uploads\/2024\/04\/EL-PARQUE-INDUSTRIAL-PLATANOS-FESTEJO-SU-20\u00b0-ANIVERSARIO-4.jpg",1920,1281,false],"ultp_layout_landscape_large":["https:\/\/magazineweb.com.ar\/wp-content\/uploads\/2024\/04\/EL-PARQUE-INDUSTRIAL-PLATANOS-FESTEJO-SU-20\u00b0-ANIVERSARIO-4-1200x800.jpg",1200,800,true],"ultp_layout_landscape":["https:\/\/magazineweb.com.ar\/wp-content\/uploads\/2024\/04\/EL-PARQUE-INDUSTRIAL-PLATANOS-FESTEJO-SU-20\u00b0-ANIVERSARIO-4-870x570.jpg",870,570,true],"ultp_layout_portrait":["https:\/\/magazineweb.com.ar\/wp-content\/uploads\/2024\/04\/EL-PARQUE-INDUSTRIAL-PLATANOS-FESTEJO-SU-20\u00b0-ANIVERSARIO-4-600x900.jpg",600,900,true],"ultp_layout_square":["https:\/\/magazineweb.com.ar\/wp-content\/uploads\/2024\/04\/EL-PARQUE-INDUSTRIAL-PLATANOS-FESTEJO-SU-20\u00b0-ANIVERSARIO-4-600x600.jpg",600,600,true]},"rttpg_author":{"display_name":"Redacci\u00f3n Magazine Web","author_link":"https:\/\/magazineweb.com.ar\/?author=3"},"rttpg_comment":0,"rttpg_category":"<a href=\"https:\/\/magazineweb.com.ar\/?cat=4\" rel=\"category\">Destacados<\/a> <a href=\"https:\/\/magazineweb.com.ar\/?cat=9\" rel=\"category\">Informaci\u00f3n General<\/a>","rttpg_excerpt":"Se cumplieron 20 a\u00f1os de la inauguraci\u00f3n del&nbsp;Parque&nbsp;Industrial&nbsp;Pl\u00e1tanos (PIP). El intendente de Berazategui, Juan Jos\u00e9 Mussi, particip\u00f3 de la celebraci\u00f3n, junto a la subsecretaria bonaerense de Industria y Pymes, Mariela&hellip;","_links":{"self":[{"href":"https:\/\/magazineweb.com.ar\/index.php?rest_route=\/wp\/v2\/posts\/5900","targetHints":{"allow":["GET"]}}],"collection":[{"href":"https:\/\/magazineweb.com.ar\/index.php?rest_route=\/wp\/v2\/posts"}],"about":[{"href":"https:\/\/magazineweb.com.ar\/index.php?rest_route=\/wp\/v2\/types\/post"}],"author":[{"embeddable":true,"href":"https:\/\/magazineweb.com.ar\/index.php?rest_route=\/wp\/v2\/users\/3"}],"replies":[{"embeddable":true,"href":"https:\/\/magazineweb.com.ar\/index.php?rest_route=%2Fwp%2Fv2%2Fcomments&post=5900"}],"version-history":[{"count":1,"href":"https:\/\/magazineweb.com.ar\/index.php?rest_route=\/wp\/v2\/posts\/5900\/revisions"}],"predecessor-version":[{"id":5902,"href":"https:\/\/magazineweb.com.ar\/index.php?rest_route=\/wp\/v2\/posts\/5900\/revisions\/5902"}],"wp:featuredmedia":[{"embeddable":true,"href":"https:\/\/magazineweb.com.ar\/index.php?rest_route=\/wp\/v2\/media\/5901"}],"wp:attachment":[{"href":"https:\/\/magazineweb.com.ar\/index.php?rest_route=%2Fwp%2Fv2%2Fmedia&parent=5900"}],"wp:term":[{"taxonomy":"category","embeddable":true,"href":"https:\/\/magazineweb.com.ar\/index.php?rest_route=%2Fwp%2Fv2%2Fcategories&post=5900"},{"taxonomy":"post_tag","embeddable":true,"href":"https:\/\/magazineweb.com.ar\/index.php?rest_route=%2Fwp%2Fv2%2Ftags&post=5900"}],"curies":[{"name":"wp","href":"https:\/\/api.w.org\/{rel}","templated":true}]}}