{"id":5903,"date":"2024-04-12T01:09:00","date_gmt":"2024-04-12T04:09:00","guid":{"rendered":"https:\/\/magazineweb.com.ar\/?p=5903"},"modified":"2024-04-11T21:35:50","modified_gmt":"2024-04-12T00:35:50","slug":"berazategui-homenajea-a-federico-moura","status":"publish","type":"post","link":"https:\/\/magazineweb.com.ar\/?p=5903","title":{"rendered":"Berazategui homenajea a Federico Moura"},"content":{"rendered":"\n<p>Se viene una nueva edici\u00f3n del Ciclo Municipal \u201cLa Calle Celebra\u201d, esta vez en honor a Federico Moura -cantante y l\u00edder del grupo Virus-, un \u00edcono del Rock Nacional, a m\u00e1s de tres d\u00e9cadas de su fallecimiento.<\/p>\n\n\n\n<p>Ser\u00e1 este s\u00e1bado 13 de abril, a partir de las 17.00, en el Complejo Cultural Municipal La Calle (148 y 18 A). Quienes se acerquen al evento, que contar\u00e1 con entrada libre y gratuita, podr\u00e1n estampar sus remeras, hacer fanzines, recorrer la Feria Regal\u00e1 Cultura y disfrutar de la m\u00fasica en comunidad.<\/p>\n\n\n\n<p>\u201cVamos a recordar a Federico Moura, un artista ic\u00f3nico que se suma a este ciclo de homenajes en donde ya hemos celebrado a Gustavo Cerati, a Luis Alberto Spinetta, a Mercedes Sosa, entre otros artistas. Las y los esperamos\u201d, expres\u00f3 Micaela Valenzuela, integrante de la Secretar\u00eda de Cultura y Educaci\u00f3n.<\/p>\n\n\n\n<p>\u00abLa Calle Celebra\u00bb es una propuesta de la Secretar\u00eda de Cultura y Educaci\u00f3n de la Municipalidad de Berazategui, impulsada por el intendente Juan Jos\u00e9 Mussi, con el objetivo de reconocer a artistas populares argentinos.<\/p>\n","protected":false},"excerpt":{"rendered":"<p>Se viene una nueva edici\u00f3n del Ciclo Municipal \u201cLa Calle Celebra\u201d, esta vez en honor a Federico Moura -cantante y l\u00edder del grupo Virus-, un \u00edcono del Rock Nacional, a&hellip;<\/p>\n","protected":false},"author":3,"featured_media":5904,"comment_status":"closed","ping_status":"closed","sticky":false,"template":"","format":"standard","meta":{"footnotes":""},"categories":[7],"tags":[],"class_list":["post-5903","post","type-post","status-publish","format-standard","has-post-thumbnail","hentry","category-espectaculos"],"rttpg_featured_image_url":{"full":["https:\/\/magazineweb.com.ar\/wp-content\/uploads\/2024\/04\/thumbnail_BERAZATEGUI-HOMENAJEA-A-FEDERICO-MOURA.jpg",1920,1280,false],"landscape":["https:\/\/magazineweb.com.ar\/wp-content\/uploads\/2024\/04\/thumbnail_BERAZATEGUI-HOMENAJEA-A-FEDERICO-MOURA.jpg",1920,1280,false],"portraits":["https:\/\/magazineweb.com.ar\/wp-content\/uploads\/2024\/04\/thumbnail_BERAZATEGUI-HOMENAJEA-A-FEDERICO-MOURA.jpg",1920,1280,false],"thumbnail":["https:\/\/magazineweb.com.ar\/wp-content\/uploads\/2024\/04\/thumbnail_BERAZATEGUI-HOMENAJEA-A-FEDERICO-MOURA-150x150.jpg",150,150,true],"medium":["https:\/\/magazineweb.com.ar\/wp-content\/uploads\/2024\/04\/thumbnail_BERAZATEGUI-HOMENAJEA-A-FEDERICO-MOURA-300x200.jpg",300,200,true],"large":["https:\/\/magazineweb.com.ar\/wp-content\/uploads\/2024\/04\/thumbnail_BERAZATEGUI-HOMENAJEA-A-FEDERICO-MOURA-1024x683.jpg",1024,683,true],"1536x1536":["https:\/\/magazineweb.com.ar\/wp-content\/uploads\/2024\/04\/thumbnail_BERAZATEGUI-HOMENAJEA-A-FEDERICO-MOURA-1536x1024.jpg",1536,1024,true],"2048x2048":["https:\/\/magazineweb.com.ar\/wp-content\/uploads\/2024\/04\/thumbnail_BERAZATEGUI-HOMENAJEA-A-FEDERICO-MOURA.jpg",1920,1280,false],"ultp_layout_landscape_large":["https:\/\/magazineweb.com.ar\/wp-content\/uploads\/2024\/04\/thumbnail_BERAZATEGUI-HOMENAJEA-A-FEDERICO-MOURA-1200x800.jpg",1200,800,true],"ultp_layout_landscape":["https:\/\/magazineweb.com.ar\/wp-content\/uploads\/2024\/04\/thumbnail_BERAZATEGUI-HOMENAJEA-A-FEDERICO-MOURA-870x570.jpg",870,570,true],"ultp_layout_portrait":["https:\/\/magazineweb.com.ar\/wp-content\/uploads\/2024\/04\/thumbnail_BERAZATEGUI-HOMENAJEA-A-FEDERICO-MOURA-600x900.jpg",600,900,true],"ultp_layout_square":["https:\/\/magazineweb.com.ar\/wp-content\/uploads\/2024\/04\/thumbnail_BERAZATEGUI-HOMENAJEA-A-FEDERICO-MOURA-600x600.jpg",600,600,true]},"rttpg_author":{"display_name":"Redacci\u00f3n Magazine Web","author_link":"https:\/\/magazineweb.com.ar\/?author=3"},"rttpg_comment":0,"rttpg_category":"<a href=\"https:\/\/magazineweb.com.ar\/?cat=7\" rel=\"category\">Espect\u00e1culos<\/a>","rttpg_excerpt":"Se viene una nueva edici\u00f3n del Ciclo Municipal \u201cLa Calle Celebra\u201d, esta vez en honor a Federico Moura -cantante y l\u00edder del grupo Virus-, un \u00edcono del Rock Nacional, a&hellip;","_links":{"self":[{"href":"https:\/\/magazineweb.com.ar\/index.php?rest_route=\/wp\/v2\/posts\/5903","targetHints":{"allow":["GET"]}}],"collection":[{"href":"https:\/\/magazineweb.com.ar\/index.php?rest_route=\/wp\/v2\/posts"}],"about":[{"href":"https:\/\/magazineweb.com.ar\/index.php?rest_route=\/wp\/v2\/types\/post"}],"author":[{"embeddable":true,"href":"https:\/\/magazineweb.com.ar\/index.php?rest_route=\/wp\/v2\/users\/3"}],"replies":[{"embeddable":true,"href":"https:\/\/magazineweb.com.ar\/index.php?rest_route=%2Fwp%2Fv2%2Fcomments&post=5903"}],"version-history":[{"count":1,"href":"https:\/\/magazineweb.com.ar\/index.php?rest_route=\/wp\/v2\/posts\/5903\/revisions"}],"predecessor-version":[{"id":5905,"href":"https:\/\/magazineweb.com.ar\/index.php?rest_route=\/wp\/v2\/posts\/5903\/revisions\/5905"}],"wp:featuredmedia":[{"embeddable":true,"href":"https:\/\/magazineweb.com.ar\/index.php?rest_route=\/wp\/v2\/media\/5904"}],"wp:attachment":[{"href":"https:\/\/magazineweb.com.ar\/index.php?rest_route=%2Fwp%2Fv2%2Fmedia&parent=5903"}],"wp:term":[{"taxonomy":"category","embeddable":true,"href":"https:\/\/magazineweb.com.ar\/index.php?rest_route=%2Fwp%2Fv2%2Fcategories&post=5903"},{"taxonomy":"post_tag","embeddable":true,"href":"https:\/\/magazineweb.com.ar\/index.php?rest_route=%2Fwp%2Fv2%2Ftags&post=5903"}],"curies":[{"name":"wp","href":"https:\/\/api.w.org\/{rel}","templated":true}]}}