{"id":5906,"date":"2024-04-12T01:09:00","date_gmt":"2024-04-12T04:09:00","guid":{"rendered":"https:\/\/magazineweb.com.ar\/?p=5906"},"modified":"2024-04-11T21:40:43","modified_gmt":"2024-04-12T00:40:43","slug":"berazategui-conmemora-el-mes-de-concientizacion-sobre-el-autismo","status":"publish","type":"post","link":"https:\/\/magazineweb.com.ar\/?p=5906","title":{"rendered":"Berazategui conmemora el mes de Concientizaci\u00f3n sobre el Autismo"},"content":{"rendered":"\n<p>Se realizar\u00e1 un encuentro familiar abierto y gratuito en el Complejo Cultural Municipal La Casa de la Estaci\u00f3n (Av. Sabin e\/ 362 y 363, Ranelagh) este s\u00e1bado 13 de abril, de 15.00 a 17.30. La jornada es impulsada por la Municipalidad de Berazategui, junto a la Agrupaci\u00f3n TGD Padres TEA Berazategui Red Federal, con el objetivo de reforzar la concientizaci\u00f3n y la sensibilizaci\u00f3n sobre el autismo. El evento se suspender\u00e1 en caso de malas condiciones clim\u00e1ticas.<\/p>\n\n\n\n<p>De esta manera, la Secretar\u00eda de Desarrollo Social y Comunitario, Recreaci\u00f3n, Turismo y Deportes municipal organizar\u00e1 actividades deportivas y recreativas. En tanto, la de Salud P\u00fablica e Higiene \u2013a trav\u00e9s del Centro Municipal de Salud Mental Dr. Ram\u00f3n Carrillo- y la Agrupaci\u00f3n TGD Padres TEA Berazategui Red Federal dispondr\u00e1n stands informativos.<\/p>\n\n\n\n<p>A trav\u00e9s de la gesti\u00f3n del intendente Juan Jos\u00e9 Mussi, la Municipalidad de Berazategui se destaca por pregonar el abordaje integral del autismo. En este sentido, el Municipio es impulsor de la Ley 14.651, que estipula la importancia de la visibilizaci\u00f3n y detecci\u00f3n temprana del TGD-TEA. Es as\u00ed que -como cada a\u00f1o-, en conmemoraci\u00f3n del D\u00eda Mundial de la Concientizaci\u00f3n sobre el Autismo, se iluminan de color azul (s\u00edmbolo de los Trastornos del Espectro Autista) algunos espacios emblem\u00e1ticos de la ciudad y se realizan jornadas informativas, de concientizaci\u00f3n y sensibilizaci\u00f3n abiertas y gratuitas.<\/p>\n","protected":false},"excerpt":{"rendered":"<p>Se realizar\u00e1 un encuentro familiar abierto y gratuito en el Complejo Cultural Municipal La Casa de la Estaci\u00f3n (Av. Sabin e\/ 362 y 363, Ranelagh) este s\u00e1bado 13 de abril,&hellip;<\/p>\n","protected":false},"author":3,"featured_media":5907,"comment_status":"closed","ping_status":"closed","sticky":false,"template":"","format":"standard","meta":{"footnotes":""},"categories":[16],"tags":[],"class_list":["post-5906","post","type-post","status-publish","format-standard","has-post-thumbnail","hentry","category-salud-y-medio-ambiente"],"rttpg_featured_image_url":{"full":["https:\/\/magazineweb.com.ar\/wp-content\/uploads\/2024\/04\/thumbnail_BERAZATEGUI-CONMEMORA-EL-MES-DE-CONCIENTIZACION-SOBRE-EL-AUTISMO2.jpg",1920,1280,false],"landscape":["https:\/\/magazineweb.com.ar\/wp-content\/uploads\/2024\/04\/thumbnail_BERAZATEGUI-CONMEMORA-EL-MES-DE-CONCIENTIZACION-SOBRE-EL-AUTISMO2.jpg",1920,1280,false],"portraits":["https:\/\/magazineweb.com.ar\/wp-content\/uploads\/2024\/04\/thumbnail_BERAZATEGUI-CONMEMORA-EL-MES-DE-CONCIENTIZACION-SOBRE-EL-AUTISMO2.jpg",1920,1280,false],"thumbnail":["https:\/\/magazineweb.com.ar\/wp-content\/uploads\/2024\/04\/thumbnail_BERAZATEGUI-CONMEMORA-EL-MES-DE-CONCIENTIZACION-SOBRE-EL-AUTISMO2-150x150.jpg",150,150,true],"medium":["https:\/\/magazineweb.com.ar\/wp-content\/uploads\/2024\/04\/thumbnail_BERAZATEGUI-CONMEMORA-EL-MES-DE-CONCIENTIZACION-SOBRE-EL-AUTISMO2-300x200.jpg",300,200,true],"large":["https:\/\/magazineweb.com.ar\/wp-content\/uploads\/2024\/04\/thumbnail_BERAZATEGUI-CONMEMORA-EL-MES-DE-CONCIENTIZACION-SOBRE-EL-AUTISMO2-1024x683.jpg",1024,683,true],"1536x1536":["https:\/\/magazineweb.com.ar\/wp-content\/uploads\/2024\/04\/thumbnail_BERAZATEGUI-CONMEMORA-EL-MES-DE-CONCIENTIZACION-SOBRE-EL-AUTISMO2-1536x1024.jpg",1536,1024,true],"2048x2048":["https:\/\/magazineweb.com.ar\/wp-content\/uploads\/2024\/04\/thumbnail_BERAZATEGUI-CONMEMORA-EL-MES-DE-CONCIENTIZACION-SOBRE-EL-AUTISMO2.jpg",1920,1280,false],"ultp_layout_landscape_large":["https:\/\/magazineweb.com.ar\/wp-content\/uploads\/2024\/04\/thumbnail_BERAZATEGUI-CONMEMORA-EL-MES-DE-CONCIENTIZACION-SOBRE-EL-AUTISMO2-1200x800.jpg",1200,800,true],"ultp_layout_landscape":["https:\/\/magazineweb.com.ar\/wp-content\/uploads\/2024\/04\/thumbnail_BERAZATEGUI-CONMEMORA-EL-MES-DE-CONCIENTIZACION-SOBRE-EL-AUTISMO2-870x570.jpg",870,570,true],"ultp_layout_portrait":["https:\/\/magazineweb.com.ar\/wp-content\/uploads\/2024\/04\/thumbnail_BERAZATEGUI-CONMEMORA-EL-MES-DE-CONCIENTIZACION-SOBRE-EL-AUTISMO2-600x900.jpg",600,900,true],"ultp_layout_square":["https:\/\/magazineweb.com.ar\/wp-content\/uploads\/2024\/04\/thumbnail_BERAZATEGUI-CONMEMORA-EL-MES-DE-CONCIENTIZACION-SOBRE-EL-AUTISMO2-600x600.jpg",600,600,true]},"rttpg_author":{"display_name":"Redacci\u00f3n Magazine Web","author_link":"https:\/\/magazineweb.com.ar\/?author=3"},"rttpg_comment":0,"rttpg_category":"<a href=\"https:\/\/magazineweb.com.ar\/?cat=16\" rel=\"category\">Salud y Medio Ambiente<\/a>","rttpg_excerpt":"Se realizar\u00e1 un encuentro familiar abierto y gratuito en el Complejo Cultural Municipal La Casa de la Estaci\u00f3n (Av. Sabin e\/ 362 y 363, Ranelagh) este s\u00e1bado 13 de abril,&hellip;","_links":{"self":[{"href":"https:\/\/magazineweb.com.ar\/index.php?rest_route=\/wp\/v2\/posts\/5906","targetHints":{"allow":["GET"]}}],"collection":[{"href":"https:\/\/magazineweb.com.ar\/index.php?rest_route=\/wp\/v2\/posts"}],"about":[{"href":"https:\/\/magazineweb.com.ar\/index.php?rest_route=\/wp\/v2\/types\/post"}],"author":[{"embeddable":true,"href":"https:\/\/magazineweb.com.ar\/index.php?rest_route=\/wp\/v2\/users\/3"}],"replies":[{"embeddable":true,"href":"https:\/\/magazineweb.com.ar\/index.php?rest_route=%2Fwp%2Fv2%2Fcomments&post=5906"}],"version-history":[{"count":1,"href":"https:\/\/magazineweb.com.ar\/index.php?rest_route=\/wp\/v2\/posts\/5906\/revisions"}],"predecessor-version":[{"id":5908,"href":"https:\/\/magazineweb.com.ar\/index.php?rest_route=\/wp\/v2\/posts\/5906\/revisions\/5908"}],"wp:featuredmedia":[{"embeddable":true,"href":"https:\/\/magazineweb.com.ar\/index.php?rest_route=\/wp\/v2\/media\/5907"}],"wp:attachment":[{"href":"https:\/\/magazineweb.com.ar\/index.php?rest_route=%2Fwp%2Fv2%2Fmedia&parent=5906"}],"wp:term":[{"taxonomy":"category","embeddable":true,"href":"https:\/\/magazineweb.com.ar\/index.php?rest_route=%2Fwp%2Fv2%2Fcategories&post=5906"},{"taxonomy":"post_tag","embeddable":true,"href":"https:\/\/magazineweb.com.ar\/index.php?rest_route=%2Fwp%2Fv2%2Ftags&post=5906"}],"curies":[{"name":"wp","href":"https:\/\/api.w.org\/{rel}","templated":true}]}}