{"id":5953,"date":"2024-04-16T01:06:00","date_gmt":"2024-04-16T04:06:00","guid":{"rendered":"https:\/\/magazineweb.com.ar\/?p=5953"},"modified":"2024-04-15T20:48:45","modified_gmt":"2024-04-15T23:48:45","slug":"segun-ate-los-estatales-perdieron-mas-del-20-por-ciento-de-poder-adquisitivo-y-llamo-a-un-plenario-para-definir-medidas","status":"publish","type":"post","link":"https:\/\/magazineweb.com.ar\/?p=5953","title":{"rendered":"Seg\u00fan ATE, los estatales perdieron m\u00e1s del 20 por ciento de poder adquisitivo y llam\u00f3 a un plenario para definir medidas"},"content":{"rendered":"\n<p>La&nbsp;Asociaci\u00f3n de Trabajadores del Estado (ATE) sostuvo que los estatales perdieron m\u00e1s del 20 por ciento del poder adquisitivo&nbsp;durante el gobierno de Javier Milei y realizar\u00e1 este mi\u00e9rcoles un plenario, para definir una nueva medida de fuerza antes de fines de abril.<\/p>\n\n\n\n<p>\u201cEn el sector p\u00fablico hemos perdido m\u00e1s poder de compra durante estos \u00faltimos 4 meses que en los 8 a\u00f1os anteriores.&nbsp;El recorte sobre salarios y jubilaciones es brutal\u201d, se\u00f1al\u00f3 el secretario general de ATE, Rodolfo Aguiar, desde Tucum\u00e1n, seg\u00fan un comunicado de prensa difundido en la ma\u00f1ana del lunes.&nbsp;<\/p>\n\n\n\n<p>Luego de la \u00faltima publicaci\u00f3n oficial de inflaci\u00f3n que&nbsp;dio un 11% para el mes de marzo, ATE&nbsp;precis\u00f3 que los trabajadores de la administraci\u00f3n p\u00fablica nacional perdieron m\u00e1s de un 20% de su poder adquisitivo durante la gesti\u00f3n de Milei y convoc\u00f3 a un plenario federal para este mi\u00e9rcoles.<\/p>\n\n\n\n<p>El plenario del Frente de Gremios Estatales y Empresas del Estado se desarrollar\u00e1 el mi\u00e9rcoles 17, a partir de las 16, en el anfiteatro Eva Per\u00f3n, ubicado en la sede nacional del sindicato en avenida Belgrano 2527 de la ciudad de Buenos Aires.<\/p>\n\n\n\n<p>\u201cLos estatales hemos perdido m\u00e1s poder de compra en nuestros salarios durante estos \u00faltimos 4 meses que en los 8 a\u00f1os anteriores. El recorte sobre salarios y jubilaciones es brutal\u201d, dijo Aguiar<\/p>\n\n\n\n<p>Y agreg\u00f3: \u201cNo podemos aceptar mansamente que el Gobierno celebre el 11% de marzo y la supuesta desaceleraci\u00f3n de la inflaci\u00f3n.&nbsp;En tan solo 4 meses han destruido los ingresos de los trabajadores y jubilados.&nbsp;El supuesto d\u00e9ficit cero hasta ahora se ha traducido en un deterioro grave de la condiciones de vida de toda la gente\u201d.<\/p>\n\n\n\n<p>En declaraciones desde la provincia de Tucum\u00e1n, donde participa de un congreso provincial, el dirigente sindical evalu\u00f3: \u201cCaen m\u00e1s del 27% las ventas de alimentos, caen m\u00e1s del 45% las ventas de medicamentos, y paralelamente conocimos la ejecuci\u00f3n presupuestaria del Gobierno.&nbsp;Aumentan las partidas destinadas al pago de la deuda p\u00fablica en un 60%, de Seguridad en un 52%, mientras que, tomando s\u00f3lo un sector como ejemplo, la inversi\u00f3n en ciencia y tecnolog\u00eda es cero. Estamos en una Argentina en donde no hay plata para comprar comida, no hay plata para comprar remedios, y para lo \u00fanico que hay plata es para reprimir\u201d.&nbsp;<\/p>\n\n\n\n<p>\u201cHemos visto que&nbsp;el ministro Caputo aprob\u00f3 la compra de aviones caza por 650 millones de d\u00f3lares.&nbsp;Esto se transforma en una verg\u00fcenza nacional, salvo que exista una hip\u00f3tesis de conflicto que no conozcamos. En la Argentina, la \u00fanica hip\u00f3tesis grave de conflicto en este momento es la desocupaci\u00f3n, el hambre y la pobreza\u201d, indic\u00f3.<\/p>\n\n\n\n<p>Las ofertas salariales del Gobierno en el marco de las paritarias de la Administraci\u00f3n P\u00fablica Nacional fueron rechazadas sistem\u00e1ticamente por ATE ya que no se correspond\u00edan con la evoluci\u00f3n de los precios, que lleg\u00f3 a 90,2% en los \u00faltimos cuatro meses.&nbsp;<\/p>\n\n\n\n<p>\u201cA la rebaja salarial se le suman miles de despidos en la administraci\u00f3n p\u00fablica. No podemos tolerar semejante vulneraci\u00f3n de derechos en el Estado.&nbsp;El plan de lucha en el Estado no se puede detener. Los trabajadores y jubilados llegamos a fin de mes. Por eso hemos decidido impulsar un plenario del Frente de Gremios Estatales y Empresas del Estado para la mitad de esta semana\u201d, explic\u00f3 sobre la convocatoria del mi\u00e9rcoles.&nbsp;<\/p>\n\n\n\n<p>Seg\u00fan precis\u00f3, en ese encuentro se&nbsp;\u201cdefinir\u00e1 una nueva medida de fuerza antes de fin de mes\u201d.&nbsp;<\/p>\n\n\n\n<p>\u201cValoramos la huelga general convocada por las centrales sindicales para el 9 de mayo, pero los estatales no podemos esperar tanto. Necesitamos una escala previa\u201d, concluy\u00f3 el secretario general de ATE.&nbsp;<\/p>\n","protected":false},"excerpt":{"rendered":"<p>La&nbsp;Asociaci\u00f3n de Trabajadores del Estado (ATE) sostuvo que los estatales perdieron m\u00e1s del 20 por ciento del poder adquisitivo&nbsp;durante el gobierno de Javier Milei y realizar\u00e1 este mi\u00e9rcoles un plenario,&hellip;<\/p>\n","protected":false},"author":3,"featured_media":5954,"comment_status":"closed","ping_status":"closed","sticky":false,"template":"","format":"standard","meta":{"footnotes":""},"categories":[17],"tags":[],"class_list":["post-5953","post","type-post","status-publish","format-standard","has-post-thumbnail","hentry","category-nacional"],"rttpg_featured_image_url":{"full":["https:\/\/magazineweb.com.ar\/wp-content\/uploads\/2024\/04\/asdf-1200x675-1.webp",1200,675,false],"landscape":["https:\/\/magazineweb.com.ar\/wp-content\/uploads\/2024\/04\/asdf-1200x675-1.webp",1200,675,false],"portraits":["https:\/\/magazineweb.com.ar\/wp-content\/uploads\/2024\/04\/asdf-1200x675-1.webp",1200,675,false],"thumbnail":["https:\/\/magazineweb.com.ar\/wp-content\/uploads\/2024\/04\/asdf-1200x675-1-150x150.webp",150,150,true],"medium":["https:\/\/magazineweb.com.ar\/wp-content\/uploads\/2024\/04\/asdf-1200x675-1-300x169.webp",300,169,true],"large":["https:\/\/magazineweb.com.ar\/wp-content\/uploads\/2024\/04\/asdf-1200x675-1-1024x576.webp",1024,576,true],"1536x1536":["https:\/\/magazineweb.com.ar\/wp-content\/uploads\/2024\/04\/asdf-1200x675-1.webp",1200,675,false],"2048x2048":["https:\/\/magazineweb.com.ar\/wp-content\/uploads\/2024\/04\/asdf-1200x675-1.webp",1200,675,false],"ultp_layout_landscape_large":["https:\/\/magazineweb.com.ar\/wp-content\/uploads\/2024\/04\/asdf-1200x675-1.webp",1200,675,false],"ultp_layout_landscape":["https:\/\/magazineweb.com.ar\/wp-content\/uploads\/2024\/04\/asdf-1200x675-1-870x570.webp",870,570,true],"ultp_layout_portrait":["https:\/\/magazineweb.com.ar\/wp-content\/uploads\/2024\/04\/asdf-1200x675-1-600x675.webp",600,675,true],"ultp_layout_square":["https:\/\/magazineweb.com.ar\/wp-content\/uploads\/2024\/04\/asdf-1200x675-1-600x600.webp",600,600,true]},"rttpg_author":{"display_name":"Redacci\u00f3n Magazine Web","author_link":"https:\/\/magazineweb.com.ar\/?author=3"},"rttpg_comment":0,"rttpg_category":"<a href=\"https:\/\/magazineweb.com.ar\/?cat=17\" rel=\"category\">Nacional<\/a>","rttpg_excerpt":"La&nbsp;Asociaci\u00f3n de Trabajadores del Estado (ATE) sostuvo que los estatales perdieron m\u00e1s del 20 por ciento del poder adquisitivo&nbsp;durante el gobierno de Javier Milei y realizar\u00e1 este mi\u00e9rcoles un plenario,&hellip;","_links":{"self":[{"href":"https:\/\/magazineweb.com.ar\/index.php?rest_route=\/wp\/v2\/posts\/5953","targetHints":{"allow":["GET"]}}],"collection":[{"href":"https:\/\/magazineweb.com.ar\/index.php?rest_route=\/wp\/v2\/posts"}],"about":[{"href":"https:\/\/magazineweb.com.ar\/index.php?rest_route=\/wp\/v2\/types\/post"}],"author":[{"embeddable":true,"href":"https:\/\/magazineweb.com.ar\/index.php?rest_route=\/wp\/v2\/users\/3"}],"replies":[{"embeddable":true,"href":"https:\/\/magazineweb.com.ar\/index.php?rest_route=%2Fwp%2Fv2%2Fcomments&post=5953"}],"version-history":[{"count":1,"href":"https:\/\/magazineweb.com.ar\/index.php?rest_route=\/wp\/v2\/posts\/5953\/revisions"}],"predecessor-version":[{"id":5955,"href":"https:\/\/magazineweb.com.ar\/index.php?rest_route=\/wp\/v2\/posts\/5953\/revisions\/5955"}],"wp:featuredmedia":[{"embeddable":true,"href":"https:\/\/magazineweb.com.ar\/index.php?rest_route=\/wp\/v2\/media\/5954"}],"wp:attachment":[{"href":"https:\/\/magazineweb.com.ar\/index.php?rest_route=%2Fwp%2Fv2%2Fmedia&parent=5953"}],"wp:term":[{"taxonomy":"category","embeddable":true,"href":"https:\/\/magazineweb.com.ar\/index.php?rest_route=%2Fwp%2Fv2%2Fcategories&post=5953"},{"taxonomy":"post_tag","embeddable":true,"href":"https:\/\/magazineweb.com.ar\/index.php?rest_route=%2Fwp%2Fv2%2Ftags&post=5953"}],"curies":[{"name":"wp","href":"https:\/\/api.w.org\/{rel}","templated":true}]}}