{"id":5980,"date":"2024-04-17T01:07:00","date_gmt":"2024-04-17T04:07:00","guid":{"rendered":"https:\/\/magazineweb.com.ar\/?p=5980"},"modified":"2024-04-16T20:02:03","modified_gmt":"2024-04-16T23:02:03","slug":"varela-impulso-al-sector-gastronomico-hotelero-y-turistico-local","status":"publish","type":"post","link":"https:\/\/magazineweb.com.ar\/?p=5980","title":{"rendered":"Varela: Impulso al sector gastron\u00f3mico, hotelero y tur\u00edstico local"},"content":{"rendered":"\n<p>El intendente -Andr\u00e9s Watson- protagoniz\u00f3 un encuentro con autoridades de la filial regional perteneciente a la Federaci\u00f3n Empresaria Hotelera Gastron\u00f3mica de la Rep\u00fablica Argentina -FEHGRA- en el Club \u201cVarela Junior\u201d, ubicado sobre Av. San Mart\u00edn esquina Moreno.<\/p>\n\n\n\n<p>El Jefe Comunal detall\u00f3 \u00abpr\u00f3ximas acciones colaborativas junto a la entidad vinculadas al fomento del turismo religioso en el partido\u00bb. \u00abAdem\u00e1s, coordinamos proyectos para capacitaciones profesionalizantes destinadas a personal del rubro\u00bb, agreg\u00f3.<\/p>\n\n\n\n<p>El Alcalde se\u00f1al\u00f3 como \u00abtrascendental enlazar la labor estatal con diversas \u00e1reas de la econom\u00eda en pos del desarrollo del distrito y la creaci\u00f3n de empleo genuino\u00bb.<\/p>\n\n\n\n<p>El presidente de la Asociaci\u00f3n Empresaria Hotelera Gastron\u00f3mica y Pastelera de la Ciudad de La Plata y su Zona de Influencia -Claudio Aguilar- consider\u00f3 \u00abcrucial el v\u00ednculo p\u00fablico-privado para superar los desaf\u00edos actuales\u00bb. Describi\u00f3 como \u00abfundamental el intercambio de ideas y la b\u00fasqueda conjunta de soluciones a fin de fortalecer el sector\u00bb.&nbsp;<\/p>\n\n\n\n<p>Tambi\u00e9n estuvieron presentes integrantes de la comisi\u00f3n directiva de la mencionada instituci\u00f3n.<\/p>\n","protected":false},"excerpt":{"rendered":"<p>El intendente -Andr\u00e9s Watson- protagoniz\u00f3 un encuentro con autoridades de la filial regional perteneciente a la Federaci\u00f3n Empresaria Hotelera Gastron\u00f3mica de la Rep\u00fablica Argentina -FEHGRA- en el Club \u201cVarela Junior\u201d,&hellip;<\/p>\n","protected":false},"author":3,"featured_media":5981,"comment_status":"closed","ping_status":"closed","sticky":false,"template":"","format":"standard","meta":{"footnotes":""},"categories":[9],"tags":[],"class_list":["post-5980","post","type-post","status-publish","format-standard","has-post-thumbnail","hentry","category-informacion-general"],"rttpg_featured_image_url":{"full":["https:\/\/magazineweb.com.ar\/wp-content\/uploads\/2024\/04\/03fd6a08-708d-72f9-f80e-9e0b315be969-scaled.jpg",2560,1707,false],"landscape":["https:\/\/magazineweb.com.ar\/wp-content\/uploads\/2024\/04\/03fd6a08-708d-72f9-f80e-9e0b315be969-scaled.jpg",2560,1707,false],"portraits":["https:\/\/magazineweb.com.ar\/wp-content\/uploads\/2024\/04\/03fd6a08-708d-72f9-f80e-9e0b315be969-scaled.jpg",2560,1707,false],"thumbnail":["https:\/\/magazineweb.com.ar\/wp-content\/uploads\/2024\/04\/03fd6a08-708d-72f9-f80e-9e0b315be969-150x150.jpg",150,150,true],"medium":["https:\/\/magazineweb.com.ar\/wp-content\/uploads\/2024\/04\/03fd6a08-708d-72f9-f80e-9e0b315be969-300x200.jpg",300,200,true],"large":["https:\/\/magazineweb.com.ar\/wp-content\/uploads\/2024\/04\/03fd6a08-708d-72f9-f80e-9e0b315be969-1024x683.jpg",1024,683,true],"1536x1536":["https:\/\/magazineweb.com.ar\/wp-content\/uploads\/2024\/04\/03fd6a08-708d-72f9-f80e-9e0b315be969-1536x1024.jpg",1536,1024,true],"2048x2048":["https:\/\/magazineweb.com.ar\/wp-content\/uploads\/2024\/04\/03fd6a08-708d-72f9-f80e-9e0b315be969-2048x1365.jpg",2048,1365,true],"ultp_layout_landscape_large":["https:\/\/magazineweb.com.ar\/wp-content\/uploads\/2024\/04\/03fd6a08-708d-72f9-f80e-9e0b315be969-1200x800.jpg",1200,800,true],"ultp_layout_landscape":["https:\/\/magazineweb.com.ar\/wp-content\/uploads\/2024\/04\/03fd6a08-708d-72f9-f80e-9e0b315be969-870x570.jpg",870,570,true],"ultp_layout_portrait":["https:\/\/magazineweb.com.ar\/wp-content\/uploads\/2024\/04\/03fd6a08-708d-72f9-f80e-9e0b315be969-600x900.jpg",600,900,true],"ultp_layout_square":["https:\/\/magazineweb.com.ar\/wp-content\/uploads\/2024\/04\/03fd6a08-708d-72f9-f80e-9e0b315be969-600x600.jpg",600,600,true]},"rttpg_author":{"display_name":"Redacci\u00f3n Magazine Web","author_link":"https:\/\/magazineweb.com.ar\/?author=3"},"rttpg_comment":0,"rttpg_category":"<a href=\"https:\/\/magazineweb.com.ar\/?cat=9\" rel=\"category\">Informaci\u00f3n General<\/a>","rttpg_excerpt":"El intendente -Andr\u00e9s Watson- protagoniz\u00f3 un encuentro con autoridades de la filial regional perteneciente a la Federaci\u00f3n Empresaria Hotelera Gastron\u00f3mica de la Rep\u00fablica Argentina -FEHGRA- en el Club \u201cVarela Junior\u201d,&hellip;","_links":{"self":[{"href":"https:\/\/magazineweb.com.ar\/index.php?rest_route=\/wp\/v2\/posts\/5980","targetHints":{"allow":["GET"]}}],"collection":[{"href":"https:\/\/magazineweb.com.ar\/index.php?rest_route=\/wp\/v2\/posts"}],"about":[{"href":"https:\/\/magazineweb.com.ar\/index.php?rest_route=\/wp\/v2\/types\/post"}],"author":[{"embeddable":true,"href":"https:\/\/magazineweb.com.ar\/index.php?rest_route=\/wp\/v2\/users\/3"}],"replies":[{"embeddable":true,"href":"https:\/\/magazineweb.com.ar\/index.php?rest_route=%2Fwp%2Fv2%2Fcomments&post=5980"}],"version-history":[{"count":1,"href":"https:\/\/magazineweb.com.ar\/index.php?rest_route=\/wp\/v2\/posts\/5980\/revisions"}],"predecessor-version":[{"id":5982,"href":"https:\/\/magazineweb.com.ar\/index.php?rest_route=\/wp\/v2\/posts\/5980\/revisions\/5982"}],"wp:featuredmedia":[{"embeddable":true,"href":"https:\/\/magazineweb.com.ar\/index.php?rest_route=\/wp\/v2\/media\/5981"}],"wp:attachment":[{"href":"https:\/\/magazineweb.com.ar\/index.php?rest_route=%2Fwp%2Fv2%2Fmedia&parent=5980"}],"wp:term":[{"taxonomy":"category","embeddable":true,"href":"https:\/\/magazineweb.com.ar\/index.php?rest_route=%2Fwp%2Fv2%2Fcategories&post=5980"},{"taxonomy":"post_tag","embeddable":true,"href":"https:\/\/magazineweb.com.ar\/index.php?rest_route=%2Fwp%2Fv2%2Ftags&post=5980"}],"curies":[{"name":"wp","href":"https:\/\/api.w.org\/{rel}","templated":true}]}}