{"id":6063,"date":"2024-04-25T01:06:00","date_gmt":"2024-04-25T04:06:00","guid":{"rendered":"https:\/\/magazineweb.com.ar\/?p=6063"},"modified":"2024-04-21T18:15:42","modified_gmt":"2024-04-21T21:15:42","slug":"varela-nuevas-audiciones-en-la-orquesta-sinfonica-municipal-2","status":"publish","type":"post","link":"https:\/\/magazineweb.com.ar\/?p=6063","title":{"rendered":"Varela: Nuevas audiciones en la Orquesta Sinf\u00f3nica Municipal"},"content":{"rendered":"\n<p>Hasta el 29 de abril, el Ejecutivo local abre la convocatoria para cubrir cargos de instrumentistas en violoncello, contrabajo, corno y tromb\u00f3n en la temporada 2024\/25 del ensamble varelense.<\/p>\n\n\n\n<p>Acerca de las postulaciones, el director del conjunto -Dar\u00edo Dom\u00ednguez Xodo- explica: \u201cPodr\u00e1n apuntarse m\u00fasicos y m\u00fasicas de entre 18 y 30 a\u00f1os cumplidos antes del 19 de marzo de 2024\u201d.<\/p>\n\n\n\n<p>\u201cAquellas personas con m\u00e1s de 30 ser\u00e1n consideradas en caso de no ocupar alguna vacante. El llamado es abierto, con la posibilidad de presentarse profesionales de la comuna y de otros distritos\u201d, precisa el Maestro.<\/p>\n\n\n\n<p>Interesados e interesadas, enviar su Curriculum Vitae al correo electr\u00f3nico orquestasinfonicafv@yahoo.com.ar. Deber\u00e1n consignar: nombre y apellido, Documento Nacional de Identidad, edad, lugar y fecha de nacimiento, domicilio, tel\u00e9fono e-mail de contacto, estudios y experiencia musical.<\/p>\n\n\n\n<p>Programan la audici\u00f3n el viernes 3 de mayo a las de 9 hs. en la Casa de la Cultura, calle Mitre N\u00ba149, en la zona c\u00e9ntrica del partido.<\/p>\n","protected":false},"excerpt":{"rendered":"<p>Hasta el 29 de abril, el Ejecutivo local abre la convocatoria para cubrir cargos de instrumentistas en violoncello, contrabajo, corno y tromb\u00f3n en la temporada 2024\/25 del ensamble varelense. Acerca&hellip;<\/p>\n","protected":false},"author":3,"featured_media":6064,"comment_status":"closed","ping_status":"closed","sticky":false,"template":"","format":"standard","meta":{"footnotes":""},"categories":[7],"tags":[],"class_list":["post-6063","post","type-post","status-publish","format-standard","has-post-thumbnail","hentry","category-espectaculos"],"rttpg_featured_image_url":{"full":["https:\/\/magazineweb.com.ar\/wp-content\/uploads\/2024\/04\/orquestaaa.jpg",1080,1350,false],"landscape":["https:\/\/magazineweb.com.ar\/wp-content\/uploads\/2024\/04\/orquestaaa.jpg",1080,1350,false],"portraits":["https:\/\/magazineweb.com.ar\/wp-content\/uploads\/2024\/04\/orquestaaa.jpg",1080,1350,false],"thumbnail":["https:\/\/magazineweb.com.ar\/wp-content\/uploads\/2024\/04\/orquestaaa-150x150.jpg",150,150,true],"medium":["https:\/\/magazineweb.com.ar\/wp-content\/uploads\/2024\/04\/orquestaaa-240x300.jpg",240,300,true],"large":["https:\/\/magazineweb.com.ar\/wp-content\/uploads\/2024\/04\/orquestaaa-819x1024.jpg",819,1024,true],"1536x1536":["https:\/\/magazineweb.com.ar\/wp-content\/uploads\/2024\/04\/orquestaaa.jpg",1080,1350,false],"2048x2048":["https:\/\/magazineweb.com.ar\/wp-content\/uploads\/2024\/04\/orquestaaa.jpg",1080,1350,false],"ultp_layout_landscape_large":["https:\/\/magazineweb.com.ar\/wp-content\/uploads\/2024\/04\/orquestaaa-1080x800.jpg",1080,800,true],"ultp_layout_landscape":["https:\/\/magazineweb.com.ar\/wp-content\/uploads\/2024\/04\/orquestaaa-870x570.jpg",870,570,true],"ultp_layout_portrait":["https:\/\/magazineweb.com.ar\/wp-content\/uploads\/2024\/04\/orquestaaa-600x900.jpg",600,900,true],"ultp_layout_square":["https:\/\/magazineweb.com.ar\/wp-content\/uploads\/2024\/04\/orquestaaa-600x600.jpg",600,600,true]},"rttpg_author":{"display_name":"Redacci\u00f3n Magazine Web","author_link":"https:\/\/magazineweb.com.ar\/?author=3"},"rttpg_comment":0,"rttpg_category":"<a href=\"https:\/\/magazineweb.com.ar\/?cat=7\" rel=\"category\">Espect\u00e1culos<\/a>","rttpg_excerpt":"Hasta el 29 de abril, el Ejecutivo local abre la convocatoria para cubrir cargos de instrumentistas en violoncello, contrabajo, corno y tromb\u00f3n en la temporada 2024\/25 del ensamble varelense. Acerca&hellip;","_links":{"self":[{"href":"https:\/\/magazineweb.com.ar\/index.php?rest_route=\/wp\/v2\/posts\/6063","targetHints":{"allow":["GET"]}}],"collection":[{"href":"https:\/\/magazineweb.com.ar\/index.php?rest_route=\/wp\/v2\/posts"}],"about":[{"href":"https:\/\/magazineweb.com.ar\/index.php?rest_route=\/wp\/v2\/types\/post"}],"author":[{"embeddable":true,"href":"https:\/\/magazineweb.com.ar\/index.php?rest_route=\/wp\/v2\/users\/3"}],"replies":[{"embeddable":true,"href":"https:\/\/magazineweb.com.ar\/index.php?rest_route=%2Fwp%2Fv2%2Fcomments&post=6063"}],"version-history":[{"count":1,"href":"https:\/\/magazineweb.com.ar\/index.php?rest_route=\/wp\/v2\/posts\/6063\/revisions"}],"predecessor-version":[{"id":6065,"href":"https:\/\/magazineweb.com.ar\/index.php?rest_route=\/wp\/v2\/posts\/6063\/revisions\/6065"}],"wp:featuredmedia":[{"embeddable":true,"href":"https:\/\/magazineweb.com.ar\/index.php?rest_route=\/wp\/v2\/media\/6064"}],"wp:attachment":[{"href":"https:\/\/magazineweb.com.ar\/index.php?rest_route=%2Fwp%2Fv2%2Fmedia&parent=6063"}],"wp:term":[{"taxonomy":"category","embeddable":true,"href":"https:\/\/magazineweb.com.ar\/index.php?rest_route=%2Fwp%2Fv2%2Fcategories&post=6063"},{"taxonomy":"post_tag","embeddable":true,"href":"https:\/\/magazineweb.com.ar\/index.php?rest_route=%2Fwp%2Fv2%2Ftags&post=6063"}],"curies":[{"name":"wp","href":"https:\/\/api.w.org\/{rel}","templated":true}]}}