{"id":6099,"date":"2024-04-23T01:10:00","date_gmt":"2024-04-23T04:10:00","guid":{"rendered":"https:\/\/magazineweb.com.ar\/?p=6099"},"modified":"2024-04-22T20:31:52","modified_gmt":"2024-04-22T23:31:52","slug":"se-aplica-en-quilmes-de-forma-gratuita-la-nueva-vacuna-obligatoria-para-personas-embarazadas","status":"publish","type":"post","link":"https:\/\/magazineweb.com.ar\/?p=6099","title":{"rendered":"Se aplica en Quilmes de forma gratuita la nueva vacuna obligatoria para personas embarazadas"},"content":{"rendered":"\n<p>El Municipio de Quilmes informa que ya se aplica en los hospitales y centros de salud del distrito de forma gratuita la dosis \u00fanica de la nueva vacuna contra el virus sincicial respiratorio (VSR) para personas embarazadas que est\u00e9n transitando el periodo entre las semanas 32 y 36 inclusive.<\/p>\n\n\n\n<p>Este virus es el responsable de un tercio de todas las muertes en menores de 1 a\u00f1o de edad, y se presenta como una bronquiolitis o neumon\u00eda, generalmente en lactantes previamente sanos. Es necesaria la aplicaci\u00f3n durante el embarazo para que haya transmisi\u00f3n de anticuerpos.<\/p>\n\n\n\n<p>Para que la vacuna tenga efecto sobre las\/os reci\u00e9n nacidas\/os, se debe aplicar en personas embarazadas entre las semanas 32 y 36 del embarazo inclusive, durante la temporada de circulaci\u00f3n del virus (desde el 1 de marzo al 31 de Julio).<\/p>\n\n\n\n<p>Para su aplicaci\u00f3n no es necesario la orden m\u00e9dica, pero s\u00ed conocer la edad gestacional de la persona embarazada de forma precisa, y puede coadministrarse con cualquiera de las otras vacunas indicadas durante el embarazo (triple bacteriana acelular, antigripal y COVID-19).<\/p>\n\n\n\n<p>Quienes quieran vacunarse pueden hacerlo en:<br>-Hospital Eduardo Oller, en avenida 844 N\u00ba 2100, San Francisco Solano, de lunes a viernes de 7 a 17.<br>-Hospital Dr. Isidoro Iriarte, en Allison Bell 770, Quilmes, de lunes a viernes de 7 a 17.<br>-Instituto Municipal de Medicina Preventiva Dr. Ram\u00f3n Carrillo (ex Dispensario), en Marcelo T. Alvear esquina Islas Malvinas, Quilmes Oeste, de lunes a viernes de 7 a 18.<br>-Todos los centros de salud del Municipio de 8 a 14 (<a href=\"https:\/\/quilmes.gov.ar\/gestion\/salud.php\" target=\"_blank\" rel=\"noreferrer noopener\">https:\/\/quilmes.gov.ar\/gestion\/salud.php<\/a>).<\/p>\n","protected":false},"excerpt":{"rendered":"<p>El Municipio de Quilmes informa que ya se aplica en los hospitales y centros de salud del distrito de forma gratuita la dosis \u00fanica de la nueva vacuna contra el&hellip;<\/p>\n","protected":false},"author":3,"featured_media":6100,"comment_status":"closed","ping_status":"closed","sticky":false,"template":"","format":"standard","meta":{"footnotes":""},"categories":[16],"tags":[],"class_list":["post-6099","post","type-post","status-publish","format-standard","has-post-thumbnail","hentry","category-salud-y-medio-ambiente"],"rttpg_featured_image_url":{"full":["https:\/\/magazineweb.com.ar\/wp-content\/uploads\/2024\/04\/INFOMED-vacuna-virus-sincicial-respiratorio-ramiro-heredia.jpg",800,500,false],"landscape":["https:\/\/magazineweb.com.ar\/wp-content\/uploads\/2024\/04\/INFOMED-vacuna-virus-sincicial-respiratorio-ramiro-heredia.jpg",800,500,false],"portraits":["https:\/\/magazineweb.com.ar\/wp-content\/uploads\/2024\/04\/INFOMED-vacuna-virus-sincicial-respiratorio-ramiro-heredia.jpg",800,500,false],"thumbnail":["https:\/\/magazineweb.com.ar\/wp-content\/uploads\/2024\/04\/INFOMED-vacuna-virus-sincicial-respiratorio-ramiro-heredia-150x150.jpg",150,150,true],"medium":["https:\/\/magazineweb.com.ar\/wp-content\/uploads\/2024\/04\/INFOMED-vacuna-virus-sincicial-respiratorio-ramiro-heredia-300x188.jpg",300,188,true],"large":["https:\/\/magazineweb.com.ar\/wp-content\/uploads\/2024\/04\/INFOMED-vacuna-virus-sincicial-respiratorio-ramiro-heredia.jpg",800,500,false],"1536x1536":["https:\/\/magazineweb.com.ar\/wp-content\/uploads\/2024\/04\/INFOMED-vacuna-virus-sincicial-respiratorio-ramiro-heredia.jpg",800,500,false],"2048x2048":["https:\/\/magazineweb.com.ar\/wp-content\/uploads\/2024\/04\/INFOMED-vacuna-virus-sincicial-respiratorio-ramiro-heredia.jpg",800,500,false],"ultp_layout_landscape_large":["https:\/\/magazineweb.com.ar\/wp-content\/uploads\/2024\/04\/INFOMED-vacuna-virus-sincicial-respiratorio-ramiro-heredia.jpg",800,500,false],"ultp_layout_landscape":["https:\/\/magazineweb.com.ar\/wp-content\/uploads\/2024\/04\/INFOMED-vacuna-virus-sincicial-respiratorio-ramiro-heredia.jpg",800,500,false],"ultp_layout_portrait":["https:\/\/magazineweb.com.ar\/wp-content\/uploads\/2024\/04\/INFOMED-vacuna-virus-sincicial-respiratorio-ramiro-heredia-600x500.jpg",600,500,true],"ultp_layout_square":["https:\/\/magazineweb.com.ar\/wp-content\/uploads\/2024\/04\/INFOMED-vacuna-virus-sincicial-respiratorio-ramiro-heredia-600x500.jpg",600,500,true]},"rttpg_author":{"display_name":"Redacci\u00f3n Magazine Web","author_link":"https:\/\/magazineweb.com.ar\/?author=3"},"rttpg_comment":0,"rttpg_category":"<a href=\"https:\/\/magazineweb.com.ar\/?cat=16\" rel=\"category\">Salud y Medio Ambiente<\/a>","rttpg_excerpt":"El Municipio de Quilmes informa que ya se aplica en los hospitales y centros de salud del distrito de forma gratuita la dosis \u00fanica de la nueva vacuna contra el&hellip;","_links":{"self":[{"href":"https:\/\/magazineweb.com.ar\/index.php?rest_route=\/wp\/v2\/posts\/6099","targetHints":{"allow":["GET"]}}],"collection":[{"href":"https:\/\/magazineweb.com.ar\/index.php?rest_route=\/wp\/v2\/posts"}],"about":[{"href":"https:\/\/magazineweb.com.ar\/index.php?rest_route=\/wp\/v2\/types\/post"}],"author":[{"embeddable":true,"href":"https:\/\/magazineweb.com.ar\/index.php?rest_route=\/wp\/v2\/users\/3"}],"replies":[{"embeddable":true,"href":"https:\/\/magazineweb.com.ar\/index.php?rest_route=%2Fwp%2Fv2%2Fcomments&post=6099"}],"version-history":[{"count":1,"href":"https:\/\/magazineweb.com.ar\/index.php?rest_route=\/wp\/v2\/posts\/6099\/revisions"}],"predecessor-version":[{"id":6101,"href":"https:\/\/magazineweb.com.ar\/index.php?rest_route=\/wp\/v2\/posts\/6099\/revisions\/6101"}],"wp:featuredmedia":[{"embeddable":true,"href":"https:\/\/magazineweb.com.ar\/index.php?rest_route=\/wp\/v2\/media\/6100"}],"wp:attachment":[{"href":"https:\/\/magazineweb.com.ar\/index.php?rest_route=%2Fwp%2Fv2%2Fmedia&parent=6099"}],"wp:term":[{"taxonomy":"category","embeddable":true,"href":"https:\/\/magazineweb.com.ar\/index.php?rest_route=%2Fwp%2Fv2%2Fcategories&post=6099"},{"taxonomy":"post_tag","embeddable":true,"href":"https:\/\/magazineweb.com.ar\/index.php?rest_route=%2Fwp%2Fv2%2Ftags&post=6099"}],"curies":[{"name":"wp","href":"https:\/\/api.w.org\/{rel}","templated":true}]}}