{"id":6102,"date":"2024-04-23T01:05:00","date_gmt":"2024-04-23T04:05:00","guid":{"rendered":"https:\/\/magazineweb.com.ar\/?p=6102"},"modified":"2024-04-22T20:57:45","modified_gmt":"2024-04-22T23:57:45","slug":"mayra-participo-del-conversatorio-por-el-dia-de-la-tierra-junto-a-la-comunidad-de-san-francisco-solano","status":"publish","type":"post","link":"https:\/\/magazineweb.com.ar\/?p=6102","title":{"rendered":"Mayra particip\u00f3 del conversatorio por el D\u00eda de la Tierra junto a la comunidad de San Francisco Solano"},"content":{"rendered":"\n<p>La intendenta de Quilmes, Mayra Mendoza, particip\u00f3 ayer lunes del conversatorio que se llev\u00f3 adelante en el Club de Leones de San Francisco Solano, ubicado en calle 850 al 2200, en el marco del D\u00eda de la Tierra, donde bajo el lema \u201cEstado y Comunidad al Cuidado de Nuestra Casa Com\u00fan\u201d, se abordaron temas referentes al cambio clim\u00e1tico y pr\u00e1cticas ambientales que ata\u00f1en a toda la poblaci\u00f3n.<\/p>\n\n\n\n<p>\u201cEsto tiene que ver con una impronta de trabajo y de confianza en nuestros j\u00f3venes. Yo creo, tengo fe en los pibes y pibas de este lugar y de la Argentina entera. No creo que vivan enojados y que no quieran involucrarse y participar en nada, al contrario s\u00e9 que todos los d\u00edas quieren hacerlo y contribuir para vivir mejor, bien y dignamente sin violencia y con condiciones de justicia social\u201d, afirm\u00f3 Mayra.<\/p>\n\n\n\n<p>La Jefa comunal sostuvo: \u201cLos j\u00f3venes son la construcci\u00f3n de un futuro mejor. Yo quiero ser la Intendenta de los pibes y de las pibas de Solano y de cada una de las localidades de Quilmes. Nunca dejen de tener ese compromiso que nos va a permitir tener una sociedad m\u00e1s justa, m\u00e1s solidaria y m\u00e1s sustentable\u201d.<\/p>\n\n\n\n<p>Por su parte, el&nbsp;gobernador del distrito 5 del Club de Leones, Alberto Gim\u00e9nez, indic\u00f3: \u201cEs muy importante todo lo que tenga que ver con la concientizaci\u00f3n del cuidado del ambiente. Hoy en d\u00eda sufrimos muchas cat\u00e1strofes naturales producto del cambio clim\u00e1tico y este tipo de eventos y este tipo de actividades me parecen muy, muy positivas. Cualquier tipo de iniciativa que podamos hacer con el Municipio es una alianza estrat\u00e9gica que tenemos que tener entidades intermedias como nosotros y es muy positivo porque nos complementamos y el beneficio es para toda nuestra comunidad\u201d.<\/p>\n\n\n\n<p>A su vez, la directora de Educaci\u00f3n Secundaria N\u00ba 2 \u201cDon Luis Piedrabuena\u201d, Gabriela Martinatto dijo: \u201cLo que me encanta del proyecto que los chicos est\u00e1n presentando es que no es algo en el aire, son acciones a seguir. Est\u00e1n pidiendo que les den la oportunidad de volver su ciudad un poco mejor y eso es lo interesante\u201d.<\/p>\n\n\n\n<p>Durante la jornada se llev\u00f3 adelante un panel&nbsp;donde, entre otros temas, se trataron: Cambio Clim\u00e1tico, a cargo de Gabriel Labbate, jefe de la Unidad de Investigaci\u00f3n de Cambio Clim\u00e1tico, programa de las Naciones Unidas por el Medio Ambiente (ONU); Proyecto de Reforestaci\u00f3n, presentado por estudiantes y docentes 6\u00ba y docentes de la Escuela Secundaria N\u00ba 2 de Solano.<\/p>\n\n\n\n<p>En este marco, las alumnas Florencia Lezcano y Grisel Canales, sobre el proyecto presentado de plantar mil \u00e1rboles y plantines aut\u00f3ctonos, explicaron que \u201cqueremos que haya m\u00e1s zonas verdes en Solano. Vemos cada vez menos \u00e1rboles, que son fundamentales para la vida de las personas, por lo que queremos que aumente la cantidad, y propusimos plantar dos diferentes especies nativas. Que la Intendenta est\u00e9 presente para escucharnos es m\u00e1s que importante\u201d<\/p>\n\n\n\n<p>Tambi\u00e9n se trat\u00f3 el proyecto de creaci\u00f3n de Comit\u00e9 Cuenca H\u00eddrica Arroyo San Francisco \u2013 Las Piedras, presentado por la diputada provincial Berenice Latorre, y l\u00edneas de trabajo que lleva adelante la Secretar\u00eda de Ambiente y Gesti\u00f3n Integral de Residuos S\u00f3lidos Urbanos (GIRSU), a cargo de Roberto Gaudio.&nbsp;&nbsp;&nbsp;<\/p>\n\n\n\n<p>El evento se realiz\u00f3 en el Club de Leones de Solano, que con una nueva Comisi\u00f3n Directiva, al mando de Agust\u00edn Acosta, busca seguir brindando a la comunidad diversas propuestas que sigan los objetivos de los j\u00f3venes del mundo nucleados en Leones, una organizaci\u00f3n internacional de clubes de servicio fundada en 1917.<\/p>\n\n\n\n<p>Estuvieron presentes los secretarios de Seguridad, Gaspar de Stefano; de Educaci\u00f3n Culturas y Deportes, Joaqu\u00edn Desmery; el subsecretario de Participaci\u00f3n y Relaciones Institucionales de la Comuna, Facundo Rivero, y&nbsp;concejales del bloque de Uni\u00f3n por la Patria Quilmes, entre otros funcionarios y autoridades de la instituci\u00f3n y de la ES N\u00ba 2.<\/p>\n","protected":false},"excerpt":{"rendered":"<p>La intendenta de Quilmes, Mayra Mendoza, particip\u00f3 ayer lunes del conversatorio que se llev\u00f3 adelante en el Club de Leones de San Francisco Solano, ubicado en calle 850 al 2200,&hellip;<\/p>\n","protected":false},"author":3,"featured_media":6103,"comment_status":"closed","ping_status":"closed","sticky":false,"template":"","format":"standard","meta":{"footnotes":""},"categories":[9],"tags":[],"class_list":["post-6102","post","type-post","status-publish","format-standard","has-post-thumbnail","hentry","category-informacion-general"],"rttpg_featured_image_url":{"full":["https:\/\/magazineweb.com.ar\/wp-content\/uploads\/2024\/04\/MAYRA-PARTICIPO-DEL-CONVERSATORIO-POR-EL-DIA-DE-LA-TIERRA-JUNTO-A-LA-COMUNIDAD-DE-SAN-FRANCISCO-SOLANO-2.jpg",1280,854,false],"landscape":["https:\/\/magazineweb.com.ar\/wp-content\/uploads\/2024\/04\/MAYRA-PARTICIPO-DEL-CONVERSATORIO-POR-EL-DIA-DE-LA-TIERRA-JUNTO-A-LA-COMUNIDAD-DE-SAN-FRANCISCO-SOLANO-2.jpg",1280,854,false],"portraits":["https:\/\/magazineweb.com.ar\/wp-content\/uploads\/2024\/04\/MAYRA-PARTICIPO-DEL-CONVERSATORIO-POR-EL-DIA-DE-LA-TIERRA-JUNTO-A-LA-COMUNIDAD-DE-SAN-FRANCISCO-SOLANO-2.jpg",1280,854,false],"thumbnail":["https:\/\/magazineweb.com.ar\/wp-content\/uploads\/2024\/04\/MAYRA-PARTICIPO-DEL-CONVERSATORIO-POR-EL-DIA-DE-LA-TIERRA-JUNTO-A-LA-COMUNIDAD-DE-SAN-FRANCISCO-SOLANO-2-150x150.jpg",150,150,true],"medium":["https:\/\/magazineweb.com.ar\/wp-content\/uploads\/2024\/04\/MAYRA-PARTICIPO-DEL-CONVERSATORIO-POR-EL-DIA-DE-LA-TIERRA-JUNTO-A-LA-COMUNIDAD-DE-SAN-FRANCISCO-SOLANO-2-300x200.jpg",300,200,true],"large":["https:\/\/magazineweb.com.ar\/wp-content\/uploads\/2024\/04\/MAYRA-PARTICIPO-DEL-CONVERSATORIO-POR-EL-DIA-DE-LA-TIERRA-JUNTO-A-LA-COMUNIDAD-DE-SAN-FRANCISCO-SOLANO-2-1024x683.jpg",1024,683,true],"1536x1536":["https:\/\/magazineweb.com.ar\/wp-content\/uploads\/2024\/04\/MAYRA-PARTICIPO-DEL-CONVERSATORIO-POR-EL-DIA-DE-LA-TIERRA-JUNTO-A-LA-COMUNIDAD-DE-SAN-FRANCISCO-SOLANO-2.jpg",1280,854,false],"2048x2048":["https:\/\/magazineweb.com.ar\/wp-content\/uploads\/2024\/04\/MAYRA-PARTICIPO-DEL-CONVERSATORIO-POR-EL-DIA-DE-LA-TIERRA-JUNTO-A-LA-COMUNIDAD-DE-SAN-FRANCISCO-SOLANO-2.jpg",1280,854,false],"ultp_layout_landscape_large":["https:\/\/magazineweb.com.ar\/wp-content\/uploads\/2024\/04\/MAYRA-PARTICIPO-DEL-CONVERSATORIO-POR-EL-DIA-DE-LA-TIERRA-JUNTO-A-LA-COMUNIDAD-DE-SAN-FRANCISCO-SOLANO-2-1200x800.jpg",1200,800,true],"ultp_layout_landscape":["https:\/\/magazineweb.com.ar\/wp-content\/uploads\/2024\/04\/MAYRA-PARTICIPO-DEL-CONVERSATORIO-POR-EL-DIA-DE-LA-TIERRA-JUNTO-A-LA-COMUNIDAD-DE-SAN-FRANCISCO-SOLANO-2-870x570.jpg",870,570,true],"ultp_layout_portrait":["https:\/\/magazineweb.com.ar\/wp-content\/uploads\/2024\/04\/MAYRA-PARTICIPO-DEL-CONVERSATORIO-POR-EL-DIA-DE-LA-TIERRA-JUNTO-A-LA-COMUNIDAD-DE-SAN-FRANCISCO-SOLANO-2-600x854.jpg",600,854,true],"ultp_layout_square":["https:\/\/magazineweb.com.ar\/wp-content\/uploads\/2024\/04\/MAYRA-PARTICIPO-DEL-CONVERSATORIO-POR-EL-DIA-DE-LA-TIERRA-JUNTO-A-LA-COMUNIDAD-DE-SAN-FRANCISCO-SOLANO-2-600x600.jpg",600,600,true]},"rttpg_author":{"display_name":"Redacci\u00f3n Magazine Web","author_link":"https:\/\/magazineweb.com.ar\/?author=3"},"rttpg_comment":0,"rttpg_category":"<a href=\"https:\/\/magazineweb.com.ar\/?cat=9\" rel=\"category\">Informaci\u00f3n General<\/a>","rttpg_excerpt":"La intendenta de Quilmes, Mayra Mendoza, particip\u00f3 ayer lunes del conversatorio que se llev\u00f3 adelante en el Club de Leones de San Francisco Solano, ubicado en calle 850 al 2200,&hellip;","_links":{"self":[{"href":"https:\/\/magazineweb.com.ar\/index.php?rest_route=\/wp\/v2\/posts\/6102","targetHints":{"allow":["GET"]}}],"collection":[{"href":"https:\/\/magazineweb.com.ar\/index.php?rest_route=\/wp\/v2\/posts"}],"about":[{"href":"https:\/\/magazineweb.com.ar\/index.php?rest_route=\/wp\/v2\/types\/post"}],"author":[{"embeddable":true,"href":"https:\/\/magazineweb.com.ar\/index.php?rest_route=\/wp\/v2\/users\/3"}],"replies":[{"embeddable":true,"href":"https:\/\/magazineweb.com.ar\/index.php?rest_route=%2Fwp%2Fv2%2Fcomments&post=6102"}],"version-history":[{"count":1,"href":"https:\/\/magazineweb.com.ar\/index.php?rest_route=\/wp\/v2\/posts\/6102\/revisions"}],"predecessor-version":[{"id":6104,"href":"https:\/\/magazineweb.com.ar\/index.php?rest_route=\/wp\/v2\/posts\/6102\/revisions\/6104"}],"wp:featuredmedia":[{"embeddable":true,"href":"https:\/\/magazineweb.com.ar\/index.php?rest_route=\/wp\/v2\/media\/6103"}],"wp:attachment":[{"href":"https:\/\/magazineweb.com.ar\/index.php?rest_route=%2Fwp%2Fv2%2Fmedia&parent=6102"}],"wp:term":[{"taxonomy":"category","embeddable":true,"href":"https:\/\/magazineweb.com.ar\/index.php?rest_route=%2Fwp%2Fv2%2Fcategories&post=6102"},{"taxonomy":"post_tag","embeddable":true,"href":"https:\/\/magazineweb.com.ar\/index.php?rest_route=%2Fwp%2Fv2%2Ftags&post=6102"}],"curies":[{"name":"wp","href":"https:\/\/api.w.org\/{rel}","templated":true}]}}