{"id":6111,"date":"2024-04-23T01:03:00","date_gmt":"2024-04-23T04:03:00","guid":{"rendered":"https:\/\/magazineweb.com.ar\/?p=6111"},"modified":"2024-04-22T21:32:44","modified_gmt":"2024-04-23T00:32:44","slug":"gran-jornada-por-el-mes-de-concientizacion-sobre-el-autismo-en-berazategui","status":"publish","type":"post","link":"https:\/\/magazineweb.com.ar\/?p=6111","title":{"rendered":"Gran jornada por el Mes de Concientizaci\u00f3n sobre el Autismo en Berazategui"},"content":{"rendered":"\n<p>Con un gran encuentro familiar, abierto y gratuito, Berazategui conmemor\u00f3 el Mes de Concientizaci\u00f3n sobre el Autismo en el Complejo Cultural Municipal La Casa de la Estaci\u00f3n. La jornada cont\u00f3 con distintas actividades y propuestas organizadas por la Municipalidad -a cargo del Dr. Juan Jos\u00e9 Mussi-, junto a la Agrupaci\u00f3n Familias TEA Berazategui Red Federal.<\/p>\n\n\n\n<p>De esta manera, la Secretar\u00eda de Desarrollo Social y Comunitario, Recreaci\u00f3n, Turismo y Deportes municipal organiz\u00f3 actividades deportivas y recreativas. La de Salud P\u00fablica e Higiene -a trav\u00e9s del Centro Municipal de Salud Mental Dr. Ram\u00f3n Carrillo- dispuso stands informativos, brindando estrategias en Salud de estimulaci\u00f3n Integral y orientaci\u00f3n para la detecci\u00f3n precoz. Asimismo, la Secretar\u00eda de Cultura y Educaci\u00f3n brind\u00f3 talleres adaptados y una propuesta inmersiva, l\u00fadica, sobre experiencias sensoriales adecuadas a sus necesidades, relacionadas con lo po\u00e9tico, las texturas, las luces y los sonidos. Por su parte, la Agrupaci\u00f3n Familias TEA Berazategui Red Federal dispuso un stand informativo y un sector de Familias TEA emprendedoras.<\/p>\n\n\n\n<p>A trav\u00e9s de la gesti\u00f3n del intendente Mussi, la Municipalidad de Berazategui se destaca por pregonar el abordaje integral del autismo. Es impulsora de la Ley 14.651, que estipula la importancia de la visibilizaci\u00f3n y detecci\u00f3n temprana del TGD-TEA. Es as\u00ed que -como cada a\u00f1o-, en conmemoraci\u00f3n del D\u00eda Mundial de la Concientizaci\u00f3n sobre el Autismo, se iluminan de color azul (color representativo de los Trastornos del Espectro Autista) algunos espacios emblem\u00e1ticos de la ciudad y se realizan jornadas informativas, de concientizaci\u00f3n y sensibilizaci\u00f3n abiertas y gratuitas.<\/p>\n\n\n\n<p>Por su parte, Mar\u00eda Sol\u00eds, una de las coordinadoras de Familias TEA Berazategui Red Federal, indic\u00f3: \u201cEn esta fecha conmemoramos el D\u00eda de la Concientizaci\u00f3n sobre el Autismo. Tenemos un stand informativo donde se acercan las familias a consultarnos. Ven se\u00f1ales de alerta en sus hijos y nuestro rol es acompa\u00f1arlos, informarlos y guiarlos en sus primeros pasos. Junto a la Municipalidad de Berazategui, contamos con muchas propuestas. El objetivo es informar a la sociedad que 1 de 36 chicos nace con TEA y que hay que tomar conciencia. En Berazategui se habla de autismo los 365 d\u00edas del a\u00f1o\u201d.<\/p>\n","protected":false},"excerpt":{"rendered":"<p>Con un gran encuentro familiar, abierto y gratuito, Berazategui conmemor\u00f3 el Mes de Concientizaci\u00f3n sobre el Autismo en el Complejo Cultural Municipal La Casa de la Estaci\u00f3n. La jornada cont\u00f3&hellip;<\/p>\n","protected":false},"author":3,"featured_media":6112,"comment_status":"closed","ping_status":"closed","sticky":false,"template":"","format":"standard","meta":{"footnotes":""},"categories":[4,9],"tags":[],"class_list":["post-6111","post","type-post","status-publish","format-standard","has-post-thumbnail","hentry","category-destacados","category-informacion-general"],"rttpg_featured_image_url":{"full":["https:\/\/magazineweb.com.ar\/wp-content\/uploads\/2024\/04\/GRAN-JORNADA-POR-EL-MES-DE-CONCIENTIZACION-SOBRE-EL-AUTISMO-EN-BERAZATEGUI5.jpg",1920,1280,false],"landscape":["https:\/\/magazineweb.com.ar\/wp-content\/uploads\/2024\/04\/GRAN-JORNADA-POR-EL-MES-DE-CONCIENTIZACION-SOBRE-EL-AUTISMO-EN-BERAZATEGUI5.jpg",1920,1280,false],"portraits":["https:\/\/magazineweb.com.ar\/wp-content\/uploads\/2024\/04\/GRAN-JORNADA-POR-EL-MES-DE-CONCIENTIZACION-SOBRE-EL-AUTISMO-EN-BERAZATEGUI5.jpg",1920,1280,false],"thumbnail":["https:\/\/magazineweb.com.ar\/wp-content\/uploads\/2024\/04\/GRAN-JORNADA-POR-EL-MES-DE-CONCIENTIZACION-SOBRE-EL-AUTISMO-EN-BERAZATEGUI5-150x150.jpg",150,150,true],"medium":["https:\/\/magazineweb.com.ar\/wp-content\/uploads\/2024\/04\/GRAN-JORNADA-POR-EL-MES-DE-CONCIENTIZACION-SOBRE-EL-AUTISMO-EN-BERAZATEGUI5-300x200.jpg",300,200,true],"large":["https:\/\/magazineweb.com.ar\/wp-content\/uploads\/2024\/04\/GRAN-JORNADA-POR-EL-MES-DE-CONCIENTIZACION-SOBRE-EL-AUTISMO-EN-BERAZATEGUI5-1024x683.jpg",1024,683,true],"1536x1536":["https:\/\/magazineweb.com.ar\/wp-content\/uploads\/2024\/04\/GRAN-JORNADA-POR-EL-MES-DE-CONCIENTIZACION-SOBRE-EL-AUTISMO-EN-BERAZATEGUI5-1536x1024.jpg",1536,1024,true],"2048x2048":["https:\/\/magazineweb.com.ar\/wp-content\/uploads\/2024\/04\/GRAN-JORNADA-POR-EL-MES-DE-CONCIENTIZACION-SOBRE-EL-AUTISMO-EN-BERAZATEGUI5.jpg",1920,1280,false],"ultp_layout_landscape_large":["https:\/\/magazineweb.com.ar\/wp-content\/uploads\/2024\/04\/GRAN-JORNADA-POR-EL-MES-DE-CONCIENTIZACION-SOBRE-EL-AUTISMO-EN-BERAZATEGUI5-1200x800.jpg",1200,800,true],"ultp_layout_landscape":["https:\/\/magazineweb.com.ar\/wp-content\/uploads\/2024\/04\/GRAN-JORNADA-POR-EL-MES-DE-CONCIENTIZACION-SOBRE-EL-AUTISMO-EN-BERAZATEGUI5-870x570.jpg",870,570,true],"ultp_layout_portrait":["https:\/\/magazineweb.com.ar\/wp-content\/uploads\/2024\/04\/GRAN-JORNADA-POR-EL-MES-DE-CONCIENTIZACION-SOBRE-EL-AUTISMO-EN-BERAZATEGUI5-600x900.jpg",600,900,true],"ultp_layout_square":["https:\/\/magazineweb.com.ar\/wp-content\/uploads\/2024\/04\/GRAN-JORNADA-POR-EL-MES-DE-CONCIENTIZACION-SOBRE-EL-AUTISMO-EN-BERAZATEGUI5-600x600.jpg",600,600,true]},"rttpg_author":{"display_name":"Redacci\u00f3n Magazine Web","author_link":"https:\/\/magazineweb.com.ar\/?author=3"},"rttpg_comment":0,"rttpg_category":"<a href=\"https:\/\/magazineweb.com.ar\/?cat=4\" rel=\"category\">Destacados<\/a> <a href=\"https:\/\/magazineweb.com.ar\/?cat=9\" rel=\"category\">Informaci\u00f3n General<\/a>","rttpg_excerpt":"Con un gran encuentro familiar, abierto y gratuito, Berazategui conmemor\u00f3 el Mes de Concientizaci\u00f3n sobre el Autismo en el Complejo Cultural Municipal La Casa de la Estaci\u00f3n. La jornada cont\u00f3&hellip;","_links":{"self":[{"href":"https:\/\/magazineweb.com.ar\/index.php?rest_route=\/wp\/v2\/posts\/6111","targetHints":{"allow":["GET"]}}],"collection":[{"href":"https:\/\/magazineweb.com.ar\/index.php?rest_route=\/wp\/v2\/posts"}],"about":[{"href":"https:\/\/magazineweb.com.ar\/index.php?rest_route=\/wp\/v2\/types\/post"}],"author":[{"embeddable":true,"href":"https:\/\/magazineweb.com.ar\/index.php?rest_route=\/wp\/v2\/users\/3"}],"replies":[{"embeddable":true,"href":"https:\/\/magazineweb.com.ar\/index.php?rest_route=%2Fwp%2Fv2%2Fcomments&post=6111"}],"version-history":[{"count":1,"href":"https:\/\/magazineweb.com.ar\/index.php?rest_route=\/wp\/v2\/posts\/6111\/revisions"}],"predecessor-version":[{"id":6113,"href":"https:\/\/magazineweb.com.ar\/index.php?rest_route=\/wp\/v2\/posts\/6111\/revisions\/6113"}],"wp:featuredmedia":[{"embeddable":true,"href":"https:\/\/magazineweb.com.ar\/index.php?rest_route=\/wp\/v2\/media\/6112"}],"wp:attachment":[{"href":"https:\/\/magazineweb.com.ar\/index.php?rest_route=%2Fwp%2Fv2%2Fmedia&parent=6111"}],"wp:term":[{"taxonomy":"category","embeddable":true,"href":"https:\/\/magazineweb.com.ar\/index.php?rest_route=%2Fwp%2Fv2%2Fcategories&post=6111"},{"taxonomy":"post_tag","embeddable":true,"href":"https:\/\/magazineweb.com.ar\/index.php?rest_route=%2Fwp%2Fv2%2Ftags&post=6111"}],"curies":[{"name":"wp","href":"https:\/\/api.w.org\/{rel}","templated":true}]}}