{"id":6129,"date":"2024-04-25T01:06:00","date_gmt":"2024-04-25T04:06:00","guid":{"rendered":"https:\/\/magazineweb.com.ar\/?p=6129"},"modified":"2024-04-24T20:15:01","modified_gmt":"2024-04-24T23:15:01","slug":"volvio-a-caer-el-consumo-en-supermercados-mayoristas-y-centros-de-compras-en-febrero","status":"publish","type":"post","link":"https:\/\/magazineweb.com.ar\/?p=6129","title":{"rendered":"Volvi\u00f3 a caer el consumo en supermercados, mayoristas y centros de compras en febrero"},"content":{"rendered":"\n<p>El consumo volvi\u00f3 a dar muestras de que est\u00e1 golpeado. Durante el mes de febrero, las ventas en supermercados cayeron 11,4% interanual, mientras que la ca\u00edda en centros mayoristas fue de 6,2% y en centros de compras \u201cshoppings\u201d de 18,4%, inform\u00f3 el INDEC.<\/p>\n\n\n\n<p>Los guarismos se suman a los distintos \u00edndices publicados por la CAC y CAME sobre la ca\u00edda de consumo y el golpe a los bolsillos que todav\u00eda no logra recomponerse. Dicha ca\u00edda tambi\u00e9n se refleja en la recaudaci\u00f3n, sobre todo en los impuestos asociados al consumo como el IVA.<\/p>\n\n\n\n<p>En supermercados el \u00edndice de ventas totales a precios constantes muestra una ca\u00edda de 11,4% respecto a igual mes de 2023. El acumulado enero-febrero de 2024 presenta una variaci\u00f3n decreciente de 12,7% respecto a igual per\u00edodo de 2023.<\/p>\n\n\n\n<p>En las ventas totales a precios corrientes en supermercados, durante febrero de 2024, los grupos de art\u00edculos con los aumentos m\u00e1s significativos respecto al mismo mes del a\u00f1o anterior fueron: \u201cPanader\u00eda\u201d, con 341,5%; \u201cArt\u00edculos de limpieza y perfumer\u00eda\u201d, con 337,1%; \u201cAlmac\u00e9n\u201d, con 309,3%; y \u201cL\u00e1cteos\u201d, con 276,4%.<\/p>\n\n\n\n<h2 class=\"wp-block-heading\">Autoservicios Mayoristas<\/h2>\n\n\n\n<p>En febrero de 2024, el \u00edndice de ventas totales a precios constantes muestra una disminuci\u00f3n de 6,2% respecto a igual mes de 2023. El acumulado enero-febrero de 2024 presenta una ca\u00edda de 7,2% respecto a igual per\u00edodo de 2023.<\/p>\n\n\n\n<p>En febrero de 2024, el \u00edndice de la serie desestacionalizada muestra una disminuci\u00f3n de 1,7% respecto al mes anterior y el \u00edndice serie tendencia-ciclo registra una variaci\u00f3n negativa de 1,9% respecto al mes anterior.1<\/p>\n\n\n\n<p>En las ventas totales a precios corrientes, durante febrero de 2024, los grupos de art\u00edculos con los aumentos m\u00e1s significativos respecto al mismo mes del a\u00f1o anterior fueron: \u201cPanader\u00eda\u201d, con 377,3%; \u201cIndumentaria, calzado y textiles para el hogar\u201d, con 344,3%; \u201cArt\u00edculos de limpieza y perfumer\u00eda\u201d, con 337,6%; y \u201cCarnes\u201d, con 334,4%.<\/p>\n\n\n\n<p>En cuanto las ventas en los&nbsp;shoppings&nbsp;tambi\u00e9n mostraron un marcado descenso ya que&nbsp;se redujeron 18,4% interanual&nbsp;en febrero de 2024:&nbsp;18,2% en la regi\u00f3n Gran Buenos Aires y 18,6% en el resto del pa\u00eds.<\/p>\n","protected":false},"excerpt":{"rendered":"<p>El consumo volvi\u00f3 a dar muestras de que est\u00e1 golpeado. Durante el mes de febrero, las ventas en supermercados cayeron 11,4% interanual, mientras que la ca\u00edda en centros mayoristas fue&hellip;<\/p>\n","protected":false},"author":3,"featured_media":6130,"comment_status":"closed","ping_status":"closed","sticky":false,"template":"","format":"standard","meta":{"footnotes":""},"categories":[5],"tags":[],"class_list":["post-6129","post","type-post","status-publish","format-standard","has-post-thumbnail","hentry","category-economia"],"rttpg_featured_image_url":{"full":["https:\/\/magazineweb.com.ar\/wp-content\/uploads\/2024\/04\/image-174.png",900,600,false],"landscape":["https:\/\/magazineweb.com.ar\/wp-content\/uploads\/2024\/04\/image-174.png",900,600,false],"portraits":["https:\/\/magazineweb.com.ar\/wp-content\/uploads\/2024\/04\/image-174.png",900,600,false],"thumbnail":["https:\/\/magazineweb.com.ar\/wp-content\/uploads\/2024\/04\/image-174-150x150.png",150,150,true],"medium":["https:\/\/magazineweb.com.ar\/wp-content\/uploads\/2024\/04\/image-174-300x200.png",300,200,true],"large":["https:\/\/magazineweb.com.ar\/wp-content\/uploads\/2024\/04\/image-174.png",900,600,false],"1536x1536":["https:\/\/magazineweb.com.ar\/wp-content\/uploads\/2024\/04\/image-174.png",900,600,false],"2048x2048":["https:\/\/magazineweb.com.ar\/wp-content\/uploads\/2024\/04\/image-174.png",900,600,false],"ultp_layout_landscape_large":["https:\/\/magazineweb.com.ar\/wp-content\/uploads\/2024\/04\/image-174.png",900,600,false],"ultp_layout_landscape":["https:\/\/magazineweb.com.ar\/wp-content\/uploads\/2024\/04\/image-174-870x570.png",870,570,true],"ultp_layout_portrait":["https:\/\/magazineweb.com.ar\/wp-content\/uploads\/2024\/04\/image-174-600x600.png",600,600,true],"ultp_layout_square":["https:\/\/magazineweb.com.ar\/wp-content\/uploads\/2024\/04\/image-174-600x600.png",600,600,true]},"rttpg_author":{"display_name":"Redacci\u00f3n Magazine Web","author_link":"https:\/\/magazineweb.com.ar\/?author=3"},"rttpg_comment":0,"rttpg_category":"<a href=\"https:\/\/magazineweb.com.ar\/?cat=5\" rel=\"category\">Econom\u00eda<\/a>","rttpg_excerpt":"El consumo volvi\u00f3 a dar muestras de que est\u00e1 golpeado. Durante el mes de febrero, las ventas en supermercados cayeron 11,4% interanual, mientras que la ca\u00edda en centros mayoristas fue&hellip;","_links":{"self":[{"href":"https:\/\/magazineweb.com.ar\/index.php?rest_route=\/wp\/v2\/posts\/6129","targetHints":{"allow":["GET"]}}],"collection":[{"href":"https:\/\/magazineweb.com.ar\/index.php?rest_route=\/wp\/v2\/posts"}],"about":[{"href":"https:\/\/magazineweb.com.ar\/index.php?rest_route=\/wp\/v2\/types\/post"}],"author":[{"embeddable":true,"href":"https:\/\/magazineweb.com.ar\/index.php?rest_route=\/wp\/v2\/users\/3"}],"replies":[{"embeddable":true,"href":"https:\/\/magazineweb.com.ar\/index.php?rest_route=%2Fwp%2Fv2%2Fcomments&post=6129"}],"version-history":[{"count":1,"href":"https:\/\/magazineweb.com.ar\/index.php?rest_route=\/wp\/v2\/posts\/6129\/revisions"}],"predecessor-version":[{"id":6131,"href":"https:\/\/magazineweb.com.ar\/index.php?rest_route=\/wp\/v2\/posts\/6129\/revisions\/6131"}],"wp:featuredmedia":[{"embeddable":true,"href":"https:\/\/magazineweb.com.ar\/index.php?rest_route=\/wp\/v2\/media\/6130"}],"wp:attachment":[{"href":"https:\/\/magazineweb.com.ar\/index.php?rest_route=%2Fwp%2Fv2%2Fmedia&parent=6129"}],"wp:term":[{"taxonomy":"category","embeddable":true,"href":"https:\/\/magazineweb.com.ar\/index.php?rest_route=%2Fwp%2Fv2%2Fcategories&post=6129"},{"taxonomy":"post_tag","embeddable":true,"href":"https:\/\/magazineweb.com.ar\/index.php?rest_route=%2Fwp%2Fv2%2Ftags&post=6129"}],"curies":[{"name":"wp","href":"https:\/\/api.w.org\/{rel}","templated":true}]}}