{"id":6148,"date":"2024-04-30T08:18:00","date_gmt":"2024-04-30T11:18:00","guid":{"rendered":"https:\/\/magazineweb.com.ar\/?p=6148"},"modified":"2024-04-30T08:26:03","modified_gmt":"2024-04-30T11:26:03","slug":"el-operativo-de-documentacion-de-este-30-de-abril-se-traslada-al-barrio-belgrano","status":"publish","type":"post","link":"https:\/\/magazineweb.com.ar\/?p=6148","title":{"rendered":"El operativo de documentaci\u00f3n de este 30 de abril se traslada al Barrio Belgrano"},"content":{"rendered":"\n<p>Se modific\u00f3 la ubicaci\u00f3n del operativo gratuito de documentaci\u00f3n a realizarse este martes 30 de abril: ser\u00e1 en la Av. Juan Manuel Fangio y calle 18, en el barrio Belgrano. A partir de las 8.00, se entregar\u00e1n 350 n\u00fameros y se brindar\u00e1 atenci\u00f3n de 9.00 a 15.00.<\/p>\n\n\n\n<p>Estos operativos documentarios -organizados por la Municipalidad de Berazategui y el Registro Provincial de las Personas- posibilitan realizar tr\u00e1mites de manera gratuita, como gestionar el Documento Nacional de Identidad (DNI), su actualizaci\u00f3n y reposici\u00f3n; iniciar el cambio de g\u00e9nero, as\u00ed como solicitar actas de nacimiento, matrimonio y defunci\u00f3n, entre otros servicios.<\/p>\n\n\n\n<p>Los DNI que se gestionan son entregados en cada domicilio brindado. En el caso de que nadie pueda recibirlos, deber\u00e1n acercarse al Registro Civil de Av. 14 N\u00ba 4520.<\/p>\n\n\n\n<p>Celeste Palavecino, una vecina que hizo el tr\u00e1mite en las jornadas realizadas recientemente, expres\u00f3: \u201cHice el DNI para m\u00ed y para mis tres hijos. Estoy muy conforme con la atenci\u00f3n, fue muy r\u00e1pida. Tambi\u00e9n agradezco que haya sido gratuita\u201d.<\/p>\n","protected":false},"excerpt":{"rendered":"<p>Se modific\u00f3 la ubicaci\u00f3n del operativo gratuito de documentaci\u00f3n a realizarse este martes 30 de abril: ser\u00e1 en la Av. Juan Manuel Fangio y calle 18, en el barrio Belgrano.&hellip;<\/p>\n","protected":false},"author":3,"featured_media":6149,"comment_status":"closed","ping_status":"closed","sticky":false,"template":"","format":"standard","meta":{"footnotes":""},"categories":[9],"tags":[],"class_list":["post-6148","post","type-post","status-publish","format-standard","has-post-thumbnail","hentry","category-informacion-general"],"rttpg_featured_image_url":{"full":["https:\/\/magazineweb.com.ar\/wp-content\/uploads\/2024\/04\/EL-OPERATIVO-DE-DOCUMENTACION-DEL-30-DE-ABRIL-SE-TRASLADA-AL-BARRIO-BELGRANO.jpg",1280,802,false],"landscape":["https:\/\/magazineweb.com.ar\/wp-content\/uploads\/2024\/04\/EL-OPERATIVO-DE-DOCUMENTACION-DEL-30-DE-ABRIL-SE-TRASLADA-AL-BARRIO-BELGRANO.jpg",1280,802,false],"portraits":["https:\/\/magazineweb.com.ar\/wp-content\/uploads\/2024\/04\/EL-OPERATIVO-DE-DOCUMENTACION-DEL-30-DE-ABRIL-SE-TRASLADA-AL-BARRIO-BELGRANO.jpg",1280,802,false],"thumbnail":["https:\/\/magazineweb.com.ar\/wp-content\/uploads\/2024\/04\/EL-OPERATIVO-DE-DOCUMENTACION-DEL-30-DE-ABRIL-SE-TRASLADA-AL-BARRIO-BELGRANO-150x150.jpg",150,150,true],"medium":["https:\/\/magazineweb.com.ar\/wp-content\/uploads\/2024\/04\/EL-OPERATIVO-DE-DOCUMENTACION-DEL-30-DE-ABRIL-SE-TRASLADA-AL-BARRIO-BELGRANO-300x188.jpg",300,188,true],"large":["https:\/\/magazineweb.com.ar\/wp-content\/uploads\/2024\/04\/EL-OPERATIVO-DE-DOCUMENTACION-DEL-30-DE-ABRIL-SE-TRASLADA-AL-BARRIO-BELGRANO-1024x642.jpg",1024,642,true],"1536x1536":["https:\/\/magazineweb.com.ar\/wp-content\/uploads\/2024\/04\/EL-OPERATIVO-DE-DOCUMENTACION-DEL-30-DE-ABRIL-SE-TRASLADA-AL-BARRIO-BELGRANO.jpg",1280,802,false],"2048x2048":["https:\/\/magazineweb.com.ar\/wp-content\/uploads\/2024\/04\/EL-OPERATIVO-DE-DOCUMENTACION-DEL-30-DE-ABRIL-SE-TRASLADA-AL-BARRIO-BELGRANO.jpg",1280,802,false],"ultp_layout_landscape_large":["https:\/\/magazineweb.com.ar\/wp-content\/uploads\/2024\/04\/EL-OPERATIVO-DE-DOCUMENTACION-DEL-30-DE-ABRIL-SE-TRASLADA-AL-BARRIO-BELGRANO-1200x800.jpg",1200,800,true],"ultp_layout_landscape":["https:\/\/magazineweb.com.ar\/wp-content\/uploads\/2024\/04\/EL-OPERATIVO-DE-DOCUMENTACION-DEL-30-DE-ABRIL-SE-TRASLADA-AL-BARRIO-BELGRANO-870x570.jpg",870,570,true],"ultp_layout_portrait":["https:\/\/magazineweb.com.ar\/wp-content\/uploads\/2024\/04\/EL-OPERATIVO-DE-DOCUMENTACION-DEL-30-DE-ABRIL-SE-TRASLADA-AL-BARRIO-BELGRANO-600x802.jpg",600,802,true],"ultp_layout_square":["https:\/\/magazineweb.com.ar\/wp-content\/uploads\/2024\/04\/EL-OPERATIVO-DE-DOCUMENTACION-DEL-30-DE-ABRIL-SE-TRASLADA-AL-BARRIO-BELGRANO-600x600.jpg",600,600,true]},"rttpg_author":{"display_name":"Redacci\u00f3n Magazine Web","author_link":"https:\/\/magazineweb.com.ar\/?author=3"},"rttpg_comment":0,"rttpg_category":"<a href=\"https:\/\/magazineweb.com.ar\/?cat=9\" rel=\"category\">Informaci\u00f3n General<\/a>","rttpg_excerpt":"Se modific\u00f3 la ubicaci\u00f3n del operativo gratuito de documentaci\u00f3n a realizarse este martes 30 de abril: ser\u00e1 en la Av. Juan Manuel Fangio y calle 18, en el barrio Belgrano.&hellip;","_links":{"self":[{"href":"https:\/\/magazineweb.com.ar\/index.php?rest_route=\/wp\/v2\/posts\/6148","targetHints":{"allow":["GET"]}}],"collection":[{"href":"https:\/\/magazineweb.com.ar\/index.php?rest_route=\/wp\/v2\/posts"}],"about":[{"href":"https:\/\/magazineweb.com.ar\/index.php?rest_route=\/wp\/v2\/types\/post"}],"author":[{"embeddable":true,"href":"https:\/\/magazineweb.com.ar\/index.php?rest_route=\/wp\/v2\/users\/3"}],"replies":[{"embeddable":true,"href":"https:\/\/magazineweb.com.ar\/index.php?rest_route=%2Fwp%2Fv2%2Fcomments&post=6148"}],"version-history":[{"count":2,"href":"https:\/\/magazineweb.com.ar\/index.php?rest_route=\/wp\/v2\/posts\/6148\/revisions"}],"predecessor-version":[{"id":6155,"href":"https:\/\/magazineweb.com.ar\/index.php?rest_route=\/wp\/v2\/posts\/6148\/revisions\/6155"}],"wp:featuredmedia":[{"embeddable":true,"href":"https:\/\/magazineweb.com.ar\/index.php?rest_route=\/wp\/v2\/media\/6149"}],"wp:attachment":[{"href":"https:\/\/magazineweb.com.ar\/index.php?rest_route=%2Fwp%2Fv2%2Fmedia&parent=6148"}],"wp:term":[{"taxonomy":"category","embeddable":true,"href":"https:\/\/magazineweb.com.ar\/index.php?rest_route=%2Fwp%2Fv2%2Fcategories&post=6148"},{"taxonomy":"post_tag","embeddable":true,"href":"https:\/\/magazineweb.com.ar\/index.php?rest_route=%2Fwp%2Fv2%2Ftags&post=6148"}],"curies":[{"name":"wp","href":"https:\/\/api.w.org\/{rel}","templated":true}]}}