{"id":6192,"date":"2024-05-01T01:04:00","date_gmt":"2024-05-01T04:04:00","guid":{"rendered":"https:\/\/magazineweb.com.ar\/?p=6192"},"modified":"2024-04-30T17:08:43","modified_gmt":"2024-04-30T20:08:43","slug":"berazategui-kicillof-y-mussi-recorrieron-la-repavimentacion-de-la-avenida-dardo-rocha","status":"publish","type":"post","link":"https:\/\/magazineweb.com.ar\/?p=6192","title":{"rendered":"Berazategui: Kicillof y Mussi recorrieron la repavimentaci\u00f3n de la Avenida Dardo Rocha"},"content":{"rendered":"\n<p>El gobernador de la provincia de Buenos Aires, Axel Kicillof; y el intendente de Berazategui, Juan Jos\u00e9 Mussi, visitaron -en compa\u00f1\u00eda de los vecinos y vecinas- las obras de repavimentaci\u00f3n que se est\u00e1n realizando en la Av. Dardo Rocha entre las avenidas Varela y 7. Cuentan con financiamiento de los Gobiernos provincial y municipal.<\/p>\n\n\n\n<p>\u201cMientras el Gobierno nacional paraliza todas las obras y no se hace cargo de sus responsabilidades, nosotros seguimos invirtiendo para dar respuestas a las necesidades de los y las bonaerenses\u201d, afirm\u00f3 el Gobernador. Y agreg\u00f3: \u201cAqu\u00ed no vino el mercado a hacer el asfalto y tampoco pueden resolverlo entre los vecinos y vecinas: es el Estado el que est\u00e1 presente para brindar mejores oportunidades de futuro\u201d.<\/p>\n\n\n\n<p>Por su parte, Mussi manifest\u00f3: \u201cLe agradezco infinitamente al gobernador Kicillof. Siempre que viene es una bendici\u00f3n. P\u00fablicamente, los vecinos de Berazategui le decimos que lo vamos a acompa\u00f1ar; donde vaya, ah\u00ed vamos a estar nosotros\u201d. Adem\u00e1s, el Intendente asegur\u00f3: \u201cHoy es un d\u00eda que demuestra cosas. Por un lado, algunos nos quieren cerrar universidades y privatizar la salud y las obras p\u00fablicas; por otro lado, contamos con un Gobernador que le dice no a todo eso y que nos acompa\u00f1a con sus ministros\u201d.<\/p>\n\n\n\n<p>Los trabajos contemplan la repavimentaci\u00f3n de la Av. Dardo Rocha entre las avenidas Florencio y Varela y 7, la refacci\u00f3n integral de los cordones, desag\u00fces pluviales y colocaci\u00f3n de luminarias led. El objetivo es mejorar la calidad de vida de la comunidad, optimizando la accesibilidad y la circulaci\u00f3n tanto peatonal como vehicular, en este caso en una zona de alto tr\u00e1nsito. Estas obras benefician directamente a miles de vecinas y vecinos, y ya est\u00e1n prontas a finalizar.<\/p>\n","protected":false},"excerpt":{"rendered":"<p>El gobernador de la provincia de Buenos Aires, Axel Kicillof; y el intendente de Berazategui, Juan Jos\u00e9 Mussi, visitaron -en compa\u00f1\u00eda de los vecinos y vecinas- las obras de repavimentaci\u00f3n&hellip;<\/p>\n","protected":false},"author":3,"featured_media":6193,"comment_status":"closed","ping_status":"closed","sticky":false,"template":"","format":"standard","meta":{"footnotes":""},"categories":[4,9],"tags":[],"class_list":["post-6192","post","type-post","status-publish","format-standard","has-post-thumbnail","hentry","category-destacados","category-informacion-general"],"rttpg_featured_image_url":{"full":["https:\/\/magazineweb.com.ar\/wp-content\/uploads\/2024\/04\/thumbnail_BERAZATEGUI-KICILLOF-Y-MUSSI-RECORRIERON-LA-OBRA-DE-REPAVIMENTACION-DE-LA-AV.-DARDO-ROCHA-1.jpg",1920,1280,false],"landscape":["https:\/\/magazineweb.com.ar\/wp-content\/uploads\/2024\/04\/thumbnail_BERAZATEGUI-KICILLOF-Y-MUSSI-RECORRIERON-LA-OBRA-DE-REPAVIMENTACION-DE-LA-AV.-DARDO-ROCHA-1.jpg",1920,1280,false],"portraits":["https:\/\/magazineweb.com.ar\/wp-content\/uploads\/2024\/04\/thumbnail_BERAZATEGUI-KICILLOF-Y-MUSSI-RECORRIERON-LA-OBRA-DE-REPAVIMENTACION-DE-LA-AV.-DARDO-ROCHA-1.jpg",1920,1280,false],"thumbnail":["https:\/\/magazineweb.com.ar\/wp-content\/uploads\/2024\/04\/thumbnail_BERAZATEGUI-KICILLOF-Y-MUSSI-RECORRIERON-LA-OBRA-DE-REPAVIMENTACION-DE-LA-AV.-DARDO-ROCHA-1-150x150.jpg",150,150,true],"medium":["https:\/\/magazineweb.com.ar\/wp-content\/uploads\/2024\/04\/thumbnail_BERAZATEGUI-KICILLOF-Y-MUSSI-RECORRIERON-LA-OBRA-DE-REPAVIMENTACION-DE-LA-AV.-DARDO-ROCHA-1-300x200.jpg",300,200,true],"large":["https:\/\/magazineweb.com.ar\/wp-content\/uploads\/2024\/04\/thumbnail_BERAZATEGUI-KICILLOF-Y-MUSSI-RECORRIERON-LA-OBRA-DE-REPAVIMENTACION-DE-LA-AV.-DARDO-ROCHA-1-1024x683.jpg",1024,683,true],"1536x1536":["https:\/\/magazineweb.com.ar\/wp-content\/uploads\/2024\/04\/thumbnail_BERAZATEGUI-KICILLOF-Y-MUSSI-RECORRIERON-LA-OBRA-DE-REPAVIMENTACION-DE-LA-AV.-DARDO-ROCHA-1-1536x1024.jpg",1536,1024,true],"2048x2048":["https:\/\/magazineweb.com.ar\/wp-content\/uploads\/2024\/04\/thumbnail_BERAZATEGUI-KICILLOF-Y-MUSSI-RECORRIERON-LA-OBRA-DE-REPAVIMENTACION-DE-LA-AV.-DARDO-ROCHA-1.jpg",1920,1280,false],"ultp_layout_landscape_large":["https:\/\/magazineweb.com.ar\/wp-content\/uploads\/2024\/04\/thumbnail_BERAZATEGUI-KICILLOF-Y-MUSSI-RECORRIERON-LA-OBRA-DE-REPAVIMENTACION-DE-LA-AV.-DARDO-ROCHA-1-1200x800.jpg",1200,800,true],"ultp_layout_landscape":["https:\/\/magazineweb.com.ar\/wp-content\/uploads\/2024\/04\/thumbnail_BERAZATEGUI-KICILLOF-Y-MUSSI-RECORRIERON-LA-OBRA-DE-REPAVIMENTACION-DE-LA-AV.-DARDO-ROCHA-1-870x570.jpg",870,570,true],"ultp_layout_portrait":["https:\/\/magazineweb.com.ar\/wp-content\/uploads\/2024\/04\/thumbnail_BERAZATEGUI-KICILLOF-Y-MUSSI-RECORRIERON-LA-OBRA-DE-REPAVIMENTACION-DE-LA-AV.-DARDO-ROCHA-1-600x900.jpg",600,900,true],"ultp_layout_square":["https:\/\/magazineweb.com.ar\/wp-content\/uploads\/2024\/04\/thumbnail_BERAZATEGUI-KICILLOF-Y-MUSSI-RECORRIERON-LA-OBRA-DE-REPAVIMENTACION-DE-LA-AV.-DARDO-ROCHA-1-600x600.jpg",600,600,true]},"rttpg_author":{"display_name":"Redacci\u00f3n Magazine Web","author_link":"https:\/\/magazineweb.com.ar\/?author=3"},"rttpg_comment":0,"rttpg_category":"<a href=\"https:\/\/magazineweb.com.ar\/?cat=4\" rel=\"category\">Destacados<\/a> <a href=\"https:\/\/magazineweb.com.ar\/?cat=9\" rel=\"category\">Informaci\u00f3n General<\/a>","rttpg_excerpt":"El gobernador de la provincia de Buenos Aires, Axel Kicillof; y el intendente de Berazategui, Juan Jos\u00e9 Mussi, visitaron -en compa\u00f1\u00eda de los vecinos y vecinas- las obras de repavimentaci\u00f3n&hellip;","_links":{"self":[{"href":"https:\/\/magazineweb.com.ar\/index.php?rest_route=\/wp\/v2\/posts\/6192","targetHints":{"allow":["GET"]}}],"collection":[{"href":"https:\/\/magazineweb.com.ar\/index.php?rest_route=\/wp\/v2\/posts"}],"about":[{"href":"https:\/\/magazineweb.com.ar\/index.php?rest_route=\/wp\/v2\/types\/post"}],"author":[{"embeddable":true,"href":"https:\/\/magazineweb.com.ar\/index.php?rest_route=\/wp\/v2\/users\/3"}],"replies":[{"embeddable":true,"href":"https:\/\/magazineweb.com.ar\/index.php?rest_route=%2Fwp%2Fv2%2Fcomments&post=6192"}],"version-history":[{"count":1,"href":"https:\/\/magazineweb.com.ar\/index.php?rest_route=\/wp\/v2\/posts\/6192\/revisions"}],"predecessor-version":[{"id":6194,"href":"https:\/\/magazineweb.com.ar\/index.php?rest_route=\/wp\/v2\/posts\/6192\/revisions\/6194"}],"wp:featuredmedia":[{"embeddable":true,"href":"https:\/\/magazineweb.com.ar\/index.php?rest_route=\/wp\/v2\/media\/6193"}],"wp:attachment":[{"href":"https:\/\/magazineweb.com.ar\/index.php?rest_route=%2Fwp%2Fv2%2Fmedia&parent=6192"}],"wp:term":[{"taxonomy":"category","embeddable":true,"href":"https:\/\/magazineweb.com.ar\/index.php?rest_route=%2Fwp%2Fv2%2Fcategories&post=6192"},{"taxonomy":"post_tag","embeddable":true,"href":"https:\/\/magazineweb.com.ar\/index.php?rest_route=%2Fwp%2Fv2%2Ftags&post=6192"}],"curies":[{"name":"wp","href":"https:\/\/api.w.org\/{rel}","templated":true}]}}