{"id":6255,"date":"2024-05-10T01:02:00","date_gmt":"2024-05-10T04:02:00","guid":{"rendered":"https:\/\/magazineweb.com.ar\/?p=6255"},"modified":"2024-05-23T13:34:53","modified_gmt":"2024-05-23T16:34:53","slug":"nueva-edicion-del-varela-matsuri","status":"publish","type":"post","link":"https:\/\/magazineweb.com.ar\/?p=6255","title":{"rendered":"Nueva edici\u00f3n del \u00abVarela Matsuri\u00bb"},"content":{"rendered":"\n<p>La agenda cultural varelense tiene entre sus actividades destacadas la tradicional festividad nipona este domingo 12 de mayo desde las 10 hs. en la Asociaci\u00f3n Japonesa, ubicada en Av. Eva Per\u00f3n N\u00ba 7215.<\/p>\n\n\n\n<p>El presidente del establecimiento anfitri\u00f3n -Fernando Uehara- describe: \u201cEs la 27\u00ba entrega del festival para difundir nuestra cultura a partir de sus diversos componentes, como la indumentaria, la m\u00fasica, el baile, el canto, las disciplinas deportivas, la gastronom\u00eda\u201d. \u201cEs vivir una experiencia similar a estar en Jap\u00f3n\u201d, remarca.<\/p>\n\n\n\n<p>Respecto al cronograma planificado para el evento, el responsable de la entidad enumera: \u201cHabr\u00e1 exposiciones de gimnasia matutina, danzas folkl\u00f3ricas, de percusi\u00f3n, artes marciales. Dispondremos los stands con venta de comestibles t\u00edpicos, artesan\u00edas, libros, productos de manga y anim\u00e9, entre otras cuestiones\u201d.<\/p>\n\n\n\n<p>Establecen para la entrada un bono contribuci\u00f3n de $2000, a excepci\u00f3n de menores de 10 a\u00f1os, veteranos de Malvinas y personas con discapacidad que tienen acceso gratuito. Jubilados y jubiladas obtienen un 50 % de descuento al presentar su carnet.<\/p>\n\n\n\n<p>La recaudaci\u00f3n ser\u00e1 destinada a colaborar con la Escuela Primaria N\u00ba47 de Curva de Ch\u00e1vez y el Jard\u00edn Municipal N\u00b013 de San Rudecindo. Adem\u00e1s, con su ticket de ingreso, los y las asistentes participan en sorteos con importantes premios.<\/p>\n","protected":false},"excerpt":{"rendered":"<p>La agenda cultural varelense tiene entre sus actividades destacadas la tradicional festividad nipona este domingo 12 de mayo desde las 10 hs. en la Asociaci\u00f3n Japonesa, ubicada en Av. Eva&hellip;<\/p>\n","protected":false},"author":3,"featured_media":6256,"comment_status":"closed","ping_status":"closed","sticky":false,"template":"","format":"standard","meta":{"footnotes":""},"categories":[4,7],"tags":[],"class_list":["post-6255","post","type-post","status-publish","format-standard","has-post-thumbnail","hentry","category-destacados","category-espectaculos"],"rttpg_featured_image_url":{"full":["https:\/\/magazineweb.com.ar\/wp-content\/uploads\/2024\/05\/IMG_7833-scaled-1.jpg",2560,1707,false],"landscape":["https:\/\/magazineweb.com.ar\/wp-content\/uploads\/2024\/05\/IMG_7833-scaled-1.jpg",2560,1707,false],"portraits":["https:\/\/magazineweb.com.ar\/wp-content\/uploads\/2024\/05\/IMG_7833-scaled-1.jpg",2560,1707,false],"thumbnail":["https:\/\/magazineweb.com.ar\/wp-content\/uploads\/2024\/05\/IMG_7833-scaled-1-150x150.jpg",150,150,true],"medium":["https:\/\/magazineweb.com.ar\/wp-content\/uploads\/2024\/05\/IMG_7833-scaled-1-300x200.jpg",300,200,true],"large":["https:\/\/magazineweb.com.ar\/wp-content\/uploads\/2024\/05\/IMG_7833-scaled-1-1024x683.jpg",1024,683,true],"1536x1536":["https:\/\/magazineweb.com.ar\/wp-content\/uploads\/2024\/05\/IMG_7833-scaled-1-1536x1024.jpg",1536,1024,true],"2048x2048":["https:\/\/magazineweb.com.ar\/wp-content\/uploads\/2024\/05\/IMG_7833-scaled-1-2048x1366.jpg",2048,1366,true],"ultp_layout_landscape_large":["https:\/\/magazineweb.com.ar\/wp-content\/uploads\/2024\/05\/IMG_7833-scaled-1-1200x800.jpg",1200,800,true],"ultp_layout_landscape":["https:\/\/magazineweb.com.ar\/wp-content\/uploads\/2024\/05\/IMG_7833-scaled-1-870x570.jpg",870,570,true],"ultp_layout_portrait":["https:\/\/magazineweb.com.ar\/wp-content\/uploads\/2024\/05\/IMG_7833-scaled-1-600x900.jpg",600,900,true],"ultp_layout_square":["https:\/\/magazineweb.com.ar\/wp-content\/uploads\/2024\/05\/IMG_7833-scaled-1-600x600.jpg",600,600,true]},"rttpg_author":{"display_name":"Redacci\u00f3n Magazine Web","author_link":"https:\/\/magazineweb.com.ar\/?author=3"},"rttpg_comment":0,"rttpg_category":"<a href=\"https:\/\/magazineweb.com.ar\/?cat=4\" rel=\"category\">Destacados<\/a> <a href=\"https:\/\/magazineweb.com.ar\/?cat=7\" rel=\"category\">Espect\u00e1culos<\/a>","rttpg_excerpt":"La agenda cultural varelense tiene entre sus actividades destacadas la tradicional festividad nipona este domingo 12 de mayo desde las 10 hs. en la Asociaci\u00f3n Japonesa, ubicada en Av. Eva&hellip;","_links":{"self":[{"href":"https:\/\/magazineweb.com.ar\/index.php?rest_route=\/wp\/v2\/posts\/6255","targetHints":{"allow":["GET"]}}],"collection":[{"href":"https:\/\/magazineweb.com.ar\/index.php?rest_route=\/wp\/v2\/posts"}],"about":[{"href":"https:\/\/magazineweb.com.ar\/index.php?rest_route=\/wp\/v2\/types\/post"}],"author":[{"embeddable":true,"href":"https:\/\/magazineweb.com.ar\/index.php?rest_route=\/wp\/v2\/users\/3"}],"replies":[{"embeddable":true,"href":"https:\/\/magazineweb.com.ar\/index.php?rest_route=%2Fwp%2Fv2%2Fcomments&post=6255"}],"version-history":[{"count":1,"href":"https:\/\/magazineweb.com.ar\/index.php?rest_route=\/wp\/v2\/posts\/6255\/revisions"}],"predecessor-version":[{"id":6257,"href":"https:\/\/magazineweb.com.ar\/index.php?rest_route=\/wp\/v2\/posts\/6255\/revisions\/6257"}],"wp:featuredmedia":[{"embeddable":true,"href":"https:\/\/magazineweb.com.ar\/index.php?rest_route=\/wp\/v2\/media\/6256"}],"wp:attachment":[{"href":"https:\/\/magazineweb.com.ar\/index.php?rest_route=%2Fwp%2Fv2%2Fmedia&parent=6255"}],"wp:term":[{"taxonomy":"category","embeddable":true,"href":"https:\/\/magazineweb.com.ar\/index.php?rest_route=%2Fwp%2Fv2%2Fcategories&post=6255"},{"taxonomy":"post_tag","embeddable":true,"href":"https:\/\/magazineweb.com.ar\/index.php?rest_route=%2Fwp%2Fv2%2Ftags&post=6255"}],"curies":[{"name":"wp","href":"https:\/\/api.w.org\/{rel}","templated":true}]}}