{"id":6267,"date":"2024-05-10T01:05:00","date_gmt":"2024-05-10T04:05:00","guid":{"rendered":"https:\/\/magazineweb.com.ar\/?p=6267"},"modified":"2024-05-23T13:35:04","modified_gmt":"2024-05-23T16:35:04","slug":"teresa-parodi-desplego-su-talento-en-berazategui","status":"publish","type":"post","link":"https:\/\/magazineweb.com.ar\/?p=6267","title":{"rendered":"Teresa Parodi despleg\u00f3 su talento en Berazategui"},"content":{"rendered":"\n<p>La cantautora correntina brind\u00f3 d\u00edas atr\u00e1s un concierto en el Espacio Perfecci\u00f3n, un centro cultural privado de Berazategui. Previamente, hab\u00eda sido reconocida por el Honorable Concejo Deliberante (HCD) como Artista Destacada, a trav\u00e9s de la Ordenanza Municipal N\u00b0 6516. El show cont\u00f3 con la participaci\u00f3n del intendente Juan Jos\u00e9 Mussi.<\/p>\n\n\n\n<p>De esta manera, tras la presentaci\u00f3n de Alondra L\u00famina (Banda Folcl\u00f3rica de Ranelagh), Teresa Parodi comparti\u00f3 su m\u00fasica y present\u00f3 su \u00faltimo \u00e1lbum, \u201cRetrato de familia\u201d, lanzado a fines de 2023 y compuesto por 12 canciones y grandes colaboraciones como las de V\u00edctor Heredia y Le\u00f3n Gieco, entre otras.<\/p>\n\n\n\n<p>\u201cHe recibido mucho amor en Berazategui, me hicieron sentir como en casa; y celebro que existan estos espacios independientes. Me voy con una alegr\u00eda inmensa de haber compartido este momento\u201d, expres\u00f3 la destacada cantautora.<\/p>\n\n\n\n<p>Asimismo, el intendente Mussi afirm\u00f3: \u201cGracias Teresa por traer todo tu arte a nuestra Patria Chica, Berazategui\u201d.<\/p>\n\n\n\n<p>Espacio Perfecci\u00f3n es una empresa y productora privada, desarrollada por vecinos de Berazategui, que brinda espect\u00e1culos musicales en su sal\u00f3n auditorio ubicado en Av. 14 N\u00b0 1136. Con el objetivo de disfrutar el arte y compartirlo, acerca a la comunidad shows de m\u00fasica popular local, nacional e internacional, con el agregado de propuestas gastron\u00f3micas en cada evento.<\/p>\n","protected":false},"excerpt":{"rendered":"<p>La cantautora correntina brind\u00f3 d\u00edas atr\u00e1s un concierto en el Espacio Perfecci\u00f3n, un centro cultural privado de Berazategui. Previamente, hab\u00eda sido reconocida por el Honorable Concejo Deliberante (HCD) como Artista&hellip;<\/p>\n","protected":false},"author":3,"featured_media":6268,"comment_status":"closed","ping_status":"closed","sticky":false,"template":"","format":"standard","meta":{"footnotes":""},"categories":[7],"tags":[],"class_list":["post-6267","post","type-post","status-publish","format-standard","has-post-thumbnail","hentry","category-espectaculos"],"rttpg_featured_image_url":{"full":["https:\/\/magazineweb.com.ar\/wp-content\/uploads\/2024\/05\/thumbnail_TERESA-PARODI-DESPLEGO-SU-TALENTO-EN-BERAZATEGUI-4.jpg",1600,1066,false],"landscape":["https:\/\/magazineweb.com.ar\/wp-content\/uploads\/2024\/05\/thumbnail_TERESA-PARODI-DESPLEGO-SU-TALENTO-EN-BERAZATEGUI-4.jpg",1600,1066,false],"portraits":["https:\/\/magazineweb.com.ar\/wp-content\/uploads\/2024\/05\/thumbnail_TERESA-PARODI-DESPLEGO-SU-TALENTO-EN-BERAZATEGUI-4.jpg",1600,1066,false],"thumbnail":["https:\/\/magazineweb.com.ar\/wp-content\/uploads\/2024\/05\/thumbnail_TERESA-PARODI-DESPLEGO-SU-TALENTO-EN-BERAZATEGUI-4-150x150.jpg",150,150,true],"medium":["https:\/\/magazineweb.com.ar\/wp-content\/uploads\/2024\/05\/thumbnail_TERESA-PARODI-DESPLEGO-SU-TALENTO-EN-BERAZATEGUI-4-300x200.jpg",300,200,true],"large":["https:\/\/magazineweb.com.ar\/wp-content\/uploads\/2024\/05\/thumbnail_TERESA-PARODI-DESPLEGO-SU-TALENTO-EN-BERAZATEGUI-4-1024x682.jpg",1024,682,true],"1536x1536":["https:\/\/magazineweb.com.ar\/wp-content\/uploads\/2024\/05\/thumbnail_TERESA-PARODI-DESPLEGO-SU-TALENTO-EN-BERAZATEGUI-4-1536x1023.jpg",1536,1023,true],"2048x2048":["https:\/\/magazineweb.com.ar\/wp-content\/uploads\/2024\/05\/thumbnail_TERESA-PARODI-DESPLEGO-SU-TALENTO-EN-BERAZATEGUI-4.jpg",1600,1066,false],"ultp_layout_landscape_large":["https:\/\/magazineweb.com.ar\/wp-content\/uploads\/2024\/05\/thumbnail_TERESA-PARODI-DESPLEGO-SU-TALENTO-EN-BERAZATEGUI-4-1200x800.jpg",1200,800,true],"ultp_layout_landscape":["https:\/\/magazineweb.com.ar\/wp-content\/uploads\/2024\/05\/thumbnail_TERESA-PARODI-DESPLEGO-SU-TALENTO-EN-BERAZATEGUI-4-870x570.jpg",870,570,true],"ultp_layout_portrait":["https:\/\/magazineweb.com.ar\/wp-content\/uploads\/2024\/05\/thumbnail_TERESA-PARODI-DESPLEGO-SU-TALENTO-EN-BERAZATEGUI-4-600x900.jpg",600,900,true],"ultp_layout_square":["https:\/\/magazineweb.com.ar\/wp-content\/uploads\/2024\/05\/thumbnail_TERESA-PARODI-DESPLEGO-SU-TALENTO-EN-BERAZATEGUI-4-600x600.jpg",600,600,true]},"rttpg_author":{"display_name":"Redacci\u00f3n Magazine Web","author_link":"https:\/\/magazineweb.com.ar\/?author=3"},"rttpg_comment":0,"rttpg_category":"<a href=\"https:\/\/magazineweb.com.ar\/?cat=7\" rel=\"category\">Espect\u00e1culos<\/a>","rttpg_excerpt":"La cantautora correntina brind\u00f3 d\u00edas atr\u00e1s un concierto en el Espacio Perfecci\u00f3n, un centro cultural privado de Berazategui. Previamente, hab\u00eda sido reconocida por el Honorable Concejo Deliberante (HCD) como Artista&hellip;","_links":{"self":[{"href":"https:\/\/magazineweb.com.ar\/index.php?rest_route=\/wp\/v2\/posts\/6267","targetHints":{"allow":["GET"]}}],"collection":[{"href":"https:\/\/magazineweb.com.ar\/index.php?rest_route=\/wp\/v2\/posts"}],"about":[{"href":"https:\/\/magazineweb.com.ar\/index.php?rest_route=\/wp\/v2\/types\/post"}],"author":[{"embeddable":true,"href":"https:\/\/magazineweb.com.ar\/index.php?rest_route=\/wp\/v2\/users\/3"}],"replies":[{"embeddable":true,"href":"https:\/\/magazineweb.com.ar\/index.php?rest_route=%2Fwp%2Fv2%2Fcomments&post=6267"}],"version-history":[{"count":1,"href":"https:\/\/magazineweb.com.ar\/index.php?rest_route=\/wp\/v2\/posts\/6267\/revisions"}],"predecessor-version":[{"id":6269,"href":"https:\/\/magazineweb.com.ar\/index.php?rest_route=\/wp\/v2\/posts\/6267\/revisions\/6269"}],"wp:featuredmedia":[{"embeddable":true,"href":"https:\/\/magazineweb.com.ar\/index.php?rest_route=\/wp\/v2\/media\/6268"}],"wp:attachment":[{"href":"https:\/\/magazineweb.com.ar\/index.php?rest_route=%2Fwp%2Fv2%2Fmedia&parent=6267"}],"wp:term":[{"taxonomy":"category","embeddable":true,"href":"https:\/\/magazineweb.com.ar\/index.php?rest_route=%2Fwp%2Fv2%2Fcategories&post=6267"},{"taxonomy":"post_tag","embeddable":true,"href":"https:\/\/magazineweb.com.ar\/index.php?rest_route=%2Fwp%2Fv2%2Ftags&post=6267"}],"curies":[{"name":"wp","href":"https:\/\/api.w.org\/{rel}","templated":true}]}}