{"id":6289,"date":"2024-05-10T01:03:00","date_gmt":"2024-05-10T04:03:00","guid":{"rendered":"https:\/\/magazineweb.com.ar\/?p=6289"},"modified":"2024-05-23T13:34:58","modified_gmt":"2024-05-23T16:34:58","slug":"kicillof-sera-orador-principal-del-plenario-la-patria-no-se-vende-y-avanza-en-su-armado-politico","status":"publish","type":"post","link":"https:\/\/magazineweb.com.ar\/?p=6289","title":{"rendered":"Kicillof ser\u00e1 orador principal del plenario \u00abLa patria no se vende\u00bb y avanza en su armado pol\u00edtico"},"content":{"rendered":"\n<p>El gobernador bonaerense, Axel Kicillof, ser\u00e1 el orador principal del cierre del plenario de la militancia \u201cLa Patria No Se Vende\u201d, que se llevar\u00e1 a cabo el pr\u00f3ximo s\u00e1bado 18 en la Universidad Nacional Arturo Jauretche de Florencio Varela y en el que se prev\u00e9 que el mandatario rechace el Pacto de Mayo convocado por el presidente Javier Milei.<\/p>\n\n\n\n<p>El encuentro es organizado por los sectores del peronismo que respaldan su figura en el que confluyen dirigentes del justicialismo que manifiestan abiertamente sus diferencias con la conducci\u00f3n de La C\u00e1mpora y que pretenden tener voz y voto en el armado de las listas el a\u00f1o pr\u00f3ximo y en las decisiones que adopte Uni\u00f3n por la Patria.<\/p>\n\n\n\n<p>El discurso que prevalece en cada aparici\u00f3n del mandatario bonaerense es de fuerte confrontaci\u00f3n con las medidas y pol\u00edticas econ\u00f3micas de Javier Milei: rechazo a la Ley Bases, al DNU 70, a las propuestas de privatizaciones y a lo que considera \u201cun retroceso al desguace del Estado noventista\u201d<\/p>\n\n\n\n<p>Consideran que el sector liderado por el diputado nacional M\u00e1ximo Kirchner fue el \u00fanico que logr\u00f3 colocar nombres en las n\u00f3minas de los \u00faltimos comicios, dejando afuera al resto de los espacios, y rechazan lo que entienden como gestos de destrato hacia el gobernador.<\/p>\n\n\n\n<p>Los principales dirigentes que no pudieron penetrar en la mesa de decisiones -el intendente de Avellaneda, Jorge Ferraresi; su par de Ensenada, Mario Secco y el ministro de Desarrollo de la Comunidad, Andr\u00e9s Larroque, entre otros- armaron una estructura que hoy ya tiene un sello propio y que se encolumna detr\u00e1s de la gesti\u00f3n de Kicillof.<\/p>\n\n\n\n<p>Al armado se agregan los ministros de Gobierno, Carlos Bianco, de Trabajo, Walter Correa, y de Infraestructura, Gabriel Katopodis; la jefa de Asesores, Cristina Alvarez Rodr\u00edguez; la vicegobernadora Ver\u00f3nica Magario; los jefes comunales de La Plata, Julio Alak; de Berisso, Fabi\u00e1n Cagliardi; de La Matanza, Fernando Espinoza; de Florencio Varela, Andr\u00e9s Watson; de Ituzaing\u00f3, Pablo Descalzo; de Villa Gesell, Gustavo Barrera y la diputada nacional Victoria Tolosa Paz.<\/p>\n\n\n\n<p>A ellos debe tambi\u00e9n sumarse los miembros del n\u00facleo \u00edntimo del gobernador que integran los ministros Jesica Rey (Comunicaci\u00f3n), Pablo L\u00f3pez (Econom\u00eda), Agustina Vila (Secretaria General), Cristian Girard (ARBA), y Juan Cuattromo (Banco Provincia).<\/p>\n\n\n\n<p>Del encuentro del s\u00e1bado participar\u00e1n sectores gremiales y movimientos sociales: la CGT, las dos CTA, Movimiento Evita y Barrios de Pie. Tambi\u00e9n, las agrupaciones que conducen Larroque, \u201cLa Patria es el Otro\u201d y \u201cPatria y Futuro\u201d, que lanzaron recientemente Bianco, Alak, Secco y Cagliardi.<\/p>\n\n\n\n<p>El discurso que prevalece en cada aparici\u00f3n del mandatario bonaerense es de fuerte confrontaci\u00f3n con las medidas y pol\u00edticas econ\u00f3micas de Javier Milei: rechazo a la Ley Bases, al DNU 70, a las propuestas de privatizaciones y a lo que considera \u201cun retroceso al desguace del Estado noventista\u201d.<\/p>\n\n\n\n<p>Se espera que en ese tono se pronuncie en el encuentro que comenzar\u00e1 a las 13 y que se presenta como una plataforma de lanzamiento de una estructura pol\u00edtica propia con proyecci\u00f3n nacional a 2027.<\/p>\n","protected":false},"excerpt":{"rendered":"<p>El gobernador bonaerense, Axel Kicillof, ser\u00e1 el orador principal del cierre del plenario de la militancia \u201cLa Patria No Se Vende\u201d, que se llevar\u00e1 a cabo el pr\u00f3ximo s\u00e1bado 18&hellip;<\/p>\n","protected":false},"author":3,"featured_media":6290,"comment_status":"closed","ping_status":"closed","sticky":false,"template":"","format":"standard","meta":{"footnotes":""},"categories":[4,13,14,15],"tags":[],"class_list":["post-6289","post","type-post","status-publish","format-standard","has-post-thumbnail","hentry","category-destacados","category-politica","category-provincial","category-regional"],"rttpg_featured_image_url":{"full":["https:\/\/magazineweb.com.ar\/wp-content\/uploads\/2024\/05\/GM_0o8qWYAAlHXd.png",770,440,false],"landscape":["https:\/\/magazineweb.com.ar\/wp-content\/uploads\/2024\/05\/GM_0o8qWYAAlHXd.png",770,440,false],"portraits":["https:\/\/magazineweb.com.ar\/wp-content\/uploads\/2024\/05\/GM_0o8qWYAAlHXd.png",770,440,false],"thumbnail":["https:\/\/magazineweb.com.ar\/wp-content\/uploads\/2024\/05\/GM_0o8qWYAAlHXd-150x150.png",150,150,true],"medium":["https:\/\/magazineweb.com.ar\/wp-content\/uploads\/2024\/05\/GM_0o8qWYAAlHXd-300x171.png",300,171,true],"large":["https:\/\/magazineweb.com.ar\/wp-content\/uploads\/2024\/05\/GM_0o8qWYAAlHXd.png",770,440,false],"1536x1536":["https:\/\/magazineweb.com.ar\/wp-content\/uploads\/2024\/05\/GM_0o8qWYAAlHXd.png",770,440,false],"2048x2048":["https:\/\/magazineweb.com.ar\/wp-content\/uploads\/2024\/05\/GM_0o8qWYAAlHXd.png",770,440,false],"ultp_layout_landscape_large":["https:\/\/magazineweb.com.ar\/wp-content\/uploads\/2024\/05\/GM_0o8qWYAAlHXd.png",770,440,false],"ultp_layout_landscape":["https:\/\/magazineweb.com.ar\/wp-content\/uploads\/2024\/05\/GM_0o8qWYAAlHXd.png",770,440,false],"ultp_layout_portrait":["https:\/\/magazineweb.com.ar\/wp-content\/uploads\/2024\/05\/GM_0o8qWYAAlHXd-600x440.png",600,440,true],"ultp_layout_square":["https:\/\/magazineweb.com.ar\/wp-content\/uploads\/2024\/05\/GM_0o8qWYAAlHXd-600x440.png",600,440,true]},"rttpg_author":{"display_name":"Redacci\u00f3n Magazine Web","author_link":"https:\/\/magazineweb.com.ar\/?author=3"},"rttpg_comment":0,"rttpg_category":"<a href=\"https:\/\/magazineweb.com.ar\/?cat=4\" rel=\"category\">Destacados<\/a> <a href=\"https:\/\/magazineweb.com.ar\/?cat=13\" rel=\"category\">Pol\u00edtica<\/a> <a href=\"https:\/\/magazineweb.com.ar\/?cat=14\" rel=\"category\">Provincial<\/a> <a href=\"https:\/\/magazineweb.com.ar\/?cat=15\" rel=\"category\">Regional<\/a>","rttpg_excerpt":"El gobernador bonaerense, Axel Kicillof, ser\u00e1 el orador principal del cierre del plenario de la militancia \u201cLa Patria No Se Vende\u201d, que se llevar\u00e1 a cabo el pr\u00f3ximo s\u00e1bado 18&hellip;","_links":{"self":[{"href":"https:\/\/magazineweb.com.ar\/index.php?rest_route=\/wp\/v2\/posts\/6289","targetHints":{"allow":["GET"]}}],"collection":[{"href":"https:\/\/magazineweb.com.ar\/index.php?rest_route=\/wp\/v2\/posts"}],"about":[{"href":"https:\/\/magazineweb.com.ar\/index.php?rest_route=\/wp\/v2\/types\/post"}],"author":[{"embeddable":true,"href":"https:\/\/magazineweb.com.ar\/index.php?rest_route=\/wp\/v2\/users\/3"}],"replies":[{"embeddable":true,"href":"https:\/\/magazineweb.com.ar\/index.php?rest_route=%2Fwp%2Fv2%2Fcomments&post=6289"}],"version-history":[{"count":1,"href":"https:\/\/magazineweb.com.ar\/index.php?rest_route=\/wp\/v2\/posts\/6289\/revisions"}],"predecessor-version":[{"id":6291,"href":"https:\/\/magazineweb.com.ar\/index.php?rest_route=\/wp\/v2\/posts\/6289\/revisions\/6291"}],"wp:featuredmedia":[{"embeddable":true,"href":"https:\/\/magazineweb.com.ar\/index.php?rest_route=\/wp\/v2\/media\/6290"}],"wp:attachment":[{"href":"https:\/\/magazineweb.com.ar\/index.php?rest_route=%2Fwp%2Fv2%2Fmedia&parent=6289"}],"wp:term":[{"taxonomy":"category","embeddable":true,"href":"https:\/\/magazineweb.com.ar\/index.php?rest_route=%2Fwp%2Fv2%2Fcategories&post=6289"},{"taxonomy":"post_tag","embeddable":true,"href":"https:\/\/magazineweb.com.ar\/index.php?rest_route=%2Fwp%2Fv2%2Ftags&post=6289"}],"curies":[{"name":"wp","href":"https:\/\/api.w.org\/{rel}","templated":true}]}}