{"id":6898,"date":"2024-06-27T01:07:00","date_gmt":"2024-06-27T04:07:00","guid":{"rendered":"https:\/\/magazineweb.com.ar\/?p=6898"},"modified":"2024-06-26T20:57:04","modified_gmt":"2024-06-26T23:57:04","slug":"planificacion-de-un-nuevo-polo-educativo-en-florencio-varela","status":"publish","type":"post","link":"https:\/\/magazineweb.com.ar\/?p=6898","title":{"rendered":"Planificaci\u00f3n de un nuevo polo educativo en Florencio Varela"},"content":{"rendered":"\n<p>El mandatario comunal -Andr\u00e9s Watson- junto al ministro de Gobierno de la provincia de Buenos Aires -Carlos Bianco- protagoniz\u00f3 un encuentro en la Intendencia con integrantes del Organismo Provincial de Integraci\u00f3n Social y Urbana (OPISU) para analizar un importante proyecto: la edificaci\u00f3n de una primaria y una secundaria en el barrio La Carolina.<\/p>\n\n\n\n<p>El titular en el Ejecutivo local afirm\u00f3: \u201cNuestro gobernador, Axel Kicillof, ratific\u00f3 su decisi\u00f3n pol\u00edtica de motorizar la obra p\u00fablica. En este caso, confirmar la importancia otorgada a ampliar el acceso a la educaci\u00f3n con un plan elaborado en conjunto que contempl\u00f3 el crecimiento demogr\u00e1fico de nuestro partido\u201d.&nbsp;<\/p>\n\n\n\n<p>En etapas, diagramaron el polo educativo entre las calles 1139, 1122, 1141 y 1124 con una Primaria de 12 aulas y una Secundaria de 6. Tambi\u00e9n, un espacio p\u00fablico deportivo-recreativo en una superficie aproximada de 5260 m2 equipado con 3 canchas de f\u00fatbol 5, alumbrado m\u00e1s forestaci\u00f3n.<\/p>\n\n\n\n<p>Durante la reuni\u00f3n de trabajo, en la que particip\u00f3 la directora ejecutiva de OPISU -Romina Barrios- con el secretario de Obras, Servicios P\u00fablicos, Ambiente y Planificaci\u00f3n Urbana municipal -Diego Trejo-, notificaron la apertura de la licitaci\u00f3n el 26 de julio.<\/p>\n","protected":false},"excerpt":{"rendered":"<p>El mandatario comunal -Andr\u00e9s Watson- junto al ministro de Gobierno de la provincia de Buenos Aires -Carlos Bianco- protagoniz\u00f3 un encuentro en la Intendencia con integrantes del Organismo Provincial de&hellip;<\/p>\n","protected":false},"author":3,"featured_media":6899,"comment_status":"closed","ping_status":"closed","sticky":false,"template":"","format":"standard","meta":{"footnotes":""},"categories":[9],"tags":[],"class_list":["post-6898","post","type-post","status-publish","format-standard","has-post-thumbnail","hentry","category-informacion-general"],"rttpg_featured_image_url":{"full":["https:\/\/magazineweb.com.ar\/wp-content\/uploads\/2024\/06\/polo-educ.jpg",850,567,false],"landscape":["https:\/\/magazineweb.com.ar\/wp-content\/uploads\/2024\/06\/polo-educ.jpg",850,567,false],"portraits":["https:\/\/magazineweb.com.ar\/wp-content\/uploads\/2024\/06\/polo-educ.jpg",850,567,false],"thumbnail":["https:\/\/magazineweb.com.ar\/wp-content\/uploads\/2024\/06\/polo-educ-150x150.jpg",150,150,true],"medium":["https:\/\/magazineweb.com.ar\/wp-content\/uploads\/2024\/06\/polo-educ-300x200.jpg",300,200,true],"large":["https:\/\/magazineweb.com.ar\/wp-content\/uploads\/2024\/06\/polo-educ.jpg",850,567,false],"1536x1536":["https:\/\/magazineweb.com.ar\/wp-content\/uploads\/2024\/06\/polo-educ.jpg",850,567,false],"2048x2048":["https:\/\/magazineweb.com.ar\/wp-content\/uploads\/2024\/06\/polo-educ.jpg",850,567,false],"ultp_layout_landscape_large":["https:\/\/magazineweb.com.ar\/wp-content\/uploads\/2024\/06\/polo-educ.jpg",850,567,false],"ultp_layout_landscape":["https:\/\/magazineweb.com.ar\/wp-content\/uploads\/2024\/06\/polo-educ.jpg",850,567,false],"ultp_layout_portrait":["https:\/\/magazineweb.com.ar\/wp-content\/uploads\/2024\/06\/polo-educ-600x567.jpg",600,567,true],"ultp_layout_square":["https:\/\/magazineweb.com.ar\/wp-content\/uploads\/2024\/06\/polo-educ-600x567.jpg",600,567,true]},"rttpg_author":{"display_name":"Redacci\u00f3n Magazine Web","author_link":"https:\/\/magazineweb.com.ar\/?author=3"},"rttpg_comment":0,"rttpg_category":"<a href=\"https:\/\/magazineweb.com.ar\/?cat=9\" rel=\"category\">Informaci\u00f3n General<\/a>","rttpg_excerpt":"El mandatario comunal -Andr\u00e9s Watson- junto al ministro de Gobierno de la provincia de Buenos Aires -Carlos Bianco- protagoniz\u00f3 un encuentro en la Intendencia con integrantes del Organismo Provincial de&hellip;","_links":{"self":[{"href":"https:\/\/magazineweb.com.ar\/index.php?rest_route=\/wp\/v2\/posts\/6898","targetHints":{"allow":["GET"]}}],"collection":[{"href":"https:\/\/magazineweb.com.ar\/index.php?rest_route=\/wp\/v2\/posts"}],"about":[{"href":"https:\/\/magazineweb.com.ar\/index.php?rest_route=\/wp\/v2\/types\/post"}],"author":[{"embeddable":true,"href":"https:\/\/magazineweb.com.ar\/index.php?rest_route=\/wp\/v2\/users\/3"}],"replies":[{"embeddable":true,"href":"https:\/\/magazineweb.com.ar\/index.php?rest_route=%2Fwp%2Fv2%2Fcomments&post=6898"}],"version-history":[{"count":1,"href":"https:\/\/magazineweb.com.ar\/index.php?rest_route=\/wp\/v2\/posts\/6898\/revisions"}],"predecessor-version":[{"id":6900,"href":"https:\/\/magazineweb.com.ar\/index.php?rest_route=\/wp\/v2\/posts\/6898\/revisions\/6900"}],"wp:featuredmedia":[{"embeddable":true,"href":"https:\/\/magazineweb.com.ar\/index.php?rest_route=\/wp\/v2\/media\/6899"}],"wp:attachment":[{"href":"https:\/\/magazineweb.com.ar\/index.php?rest_route=%2Fwp%2Fv2%2Fmedia&parent=6898"}],"wp:term":[{"taxonomy":"category","embeddable":true,"href":"https:\/\/magazineweb.com.ar\/index.php?rest_route=%2Fwp%2Fv2%2Fcategories&post=6898"},{"taxonomy":"post_tag","embeddable":true,"href":"https:\/\/magazineweb.com.ar\/index.php?rest_route=%2Fwp%2Fv2%2Ftags&post=6898"}],"curies":[{"name":"wp","href":"https:\/\/api.w.org\/{rel}","templated":true}]}}