{"id":6963,"date":"2024-07-11T11:42:00","date_gmt":"2024-07-11T14:42:00","guid":{"rendered":"https:\/\/magazineweb.com.ar\/?p=6963"},"modified":"2024-07-12T00:01:33","modified_gmt":"2024-07-12T03:01:33","slug":"caso-loan-que-revelo-un-informe-grafologico-sobre-las-firmas-de-millapi-ramirez-y-benitez","status":"publish","type":"post","link":"https:\/\/magazineweb.com.ar\/?p=6963","title":{"rendered":"Caso Loan: qu\u00e9 revel\u00f3 un informe grafol\u00f3gico sobre las firmas de Millapi, Ram\u00edrez y Ben\u00edtez"},"content":{"rendered":"\n<p class=\"wp-block-paragraph\">El fiscal<strong>&nbsp;Juan Carlos Castillo<\/strong>, quien estaba a cargo del caso de la desaparici\u00f3n de<strong>&nbsp;<\/strong><a href=\"https:\/\/noticiasargentinas.com\/sociedad\/jornada-de-rastrillajes-y-operativos-por-la-desaparicion-de-loan_a668eaf2698e2e1055ea16d23\"><strong>Loan Danilo Pe\u00f1a<\/strong><\/a>&nbsp;cuando el caso era investigado por la Justicia de Corrientes, orden\u00f3 que se realice un an\u00e1lisis grafol\u00f3gico de las firmas de&nbsp;<strong>Antonio Ben\u00edtez<\/strong>, t\u00edo del menor, su esposa,&nbsp;<strong>M\u00f3nica Millapi<\/strong>&nbsp;y<strong>&nbsp;Daniel \u201cFierrito\u201d Ram\u00edrez.<\/strong><\/p>\n\n\n\n<p class=\"wp-block-paragraph\">La forense<strong>&nbsp;Mar\u00eda Luisa Lezcano<\/strong>&nbsp;llev\u00f3 a cabo el estudio de las r\u00fabricas de los tres acusados que se encuentran detenidos en&nbsp;el&nbsp;Complejo&nbsp;N\u00b03&nbsp;de G\u00fcemes en la provincia de&nbsp;Salta y en la Unidad 7 de Chaco, respectivamente.<\/p>\n\n\n\n<p class=\"wp-block-paragraph\">En primer t\u00e9rmino, la pericia revel\u00f3 que la firma de Ben\u00edtez denota \u201csimulaci\u00f3n voluntaria, excitabilidad y poco cuidado en la realizaci\u00f3n de tareas\u201d, al tiempo que resalta:&nbsp;<strong>\u201cHabr\u00eda poca atenci\u00f3n a los detalles, af\u00e1n de hacer muchas cosas a la vez\u201d.<\/strong><\/p>\n\n\n\n<p class=\"wp-block-paragraph\">Adem\u00e1s, el documento utiliz\u00f3 la palabra&nbsp;<strong>\u201cparasitismo\u201d<\/strong>&nbsp;y agreg\u00f3 que el t\u00edo de Loan ser\u00eda una persona hip\u00f3crita, falto de escr\u00fapulos, calculadora, cerebral y fr\u00eda, mientras que considera:&nbsp;<strong>\u00abHabr\u00eda&nbsp;<\/strong><strong>una gran capacidad de sacar ventajas, y huidas de las responsabilidades\u201d.<\/strong><strong>&nbsp;<\/strong><\/p>\n\n\n\n<p class=\"wp-block-paragraph\">En este sentido, Ben\u00edtez tendr\u00eda dependencia emocional con los m\u00e1s \u00edntimos, que tender\u00eda a ser enfermizo y presentar\u00eda actitudes de desconfianza, ego\u00edsmo, costumbre abajar la guardia y dificultades para adaptarse a \u00e1mbitos sociales.<\/p>\n\n\n\n<p class=\"wp-block-paragraph\">Por el lado de<strong>&nbsp;M\u00f3nica Millapi<\/strong>, mujer de Ben\u00edtez, el an\u00e1lisis caligr\u00e1fico arroja que&nbsp;<strong>es una persona con car\u00e1cter fr\u00edo, \u00e1spero y duro<\/strong>, mientras que la describe como alguien con<strong>&nbsp;energ\u00eda mal canalizada y un comportamiento tajante con los allegados.<\/strong><\/p>\n\n\n\n<p class=\"wp-block-paragraph\">Asimismo, el estudio caligr\u00e1fico la define como un ser amable y conciliadora, aunque subraya:&nbsp;<strong>\u00abNo ser\u00eda su verdadera esencia\u00bb.<\/strong>&nbsp;Tambi\u00e9n sufrir\u00eda de adicciones o alguna enfermedad hormonal que provocar\u00eda ciertos temblores y tendr\u00eda sentimientos de culpabilidad.<\/p>\n\n\n\n<p class=\"wp-block-paragraph\">\u00abSe dirige a lo social con agresividad. Deseos de posesi\u00f3n de bienes materiales. Resentimiento del pasado\u00bb, recalca.<\/p>\n\n\n\n<p class=\"wp-block-paragraph\"><strong>Daniel \u201cFierrito\u201d Ram\u00edrez es un hombre combativo, corajudo, manipulador, c\u00ednico y par\u00e1sito.<\/strong>&nbsp;Ocultar\u00eda un complejo de inferioridad y habr\u00eda falta de escr\u00fapulos al igual que Ben\u00edtez.<\/p>\n\n\n\n<p class=\"wp-block-paragraph\"><strong>\u201cSe observar\u00eda una reacci\u00f3n agresiva primaria en ambientes amistosos, familiares y de confianza. Inflexi\u00f3n, autoagresi\u00f3n por situaciones de su infancia\u201d<\/strong>, concluy\u00f3 el an\u00e1lisis.<\/p>\n\n\n\n<p class=\"wp-block-paragraph\">Fuente: Agencia de Noticias Argentinas <\/p>\n","protected":false},"excerpt":{"rendered":"<p>El fiscal&nbsp;Juan Carlos Castillo, quien estaba a cargo del caso de la desaparici\u00f3n de&nbsp;Loan Danilo Pe\u00f1a&nbsp;cuando el caso era investigado por la Justicia de Corrientes, orden\u00f3 que se realice un&hellip;<\/p>\n","protected":false},"author":1,"featured_media":6797,"comment_status":"closed","ping_status":"closed","sticky":false,"template":"","format":"standard","meta":{"footnotes":""},"categories":[4,9],"tags":[119,113],"class_list":["post-6963","post","type-post","status-publish","format-standard","has-post-thumbnail","hentry","category-destacados","category-informacion-general","tag-justicia","tag-loan"],"rttpg_featured_image_url":{"full":["https:\/\/magazineweb.com.ar\/wp-content\/uploads\/2024\/06\/multimedia.normal.b4734eec74ac6695.TG9hbiBQZXJhbHRhIDJfbm9ybWFsLndlYnA.jpeg",720,720,false],"landscape":["https:\/\/magazineweb.com.ar\/wp-content\/uploads\/2024\/06\/multimedia.normal.b4734eec74ac6695.TG9hbiBQZXJhbHRhIDJfbm9ybWFsLndlYnA.jpeg",720,720,false],"portraits":["https:\/\/magazineweb.com.ar\/wp-content\/uploads\/2024\/06\/multimedia.normal.b4734eec74ac6695.TG9hbiBQZXJhbHRhIDJfbm9ybWFsLndlYnA.jpeg",720,720,false],"thumbnail":["https:\/\/magazineweb.com.ar\/wp-content\/uploads\/2024\/06\/multimedia.normal.b4734eec74ac6695.TG9hbiBQZXJhbHRhIDJfbm9ybWFsLndlYnA-150x150.jpeg",150,150,true],"medium":["https:\/\/magazineweb.com.ar\/wp-content\/uploads\/2024\/06\/multimedia.normal.b4734eec74ac6695.TG9hbiBQZXJhbHRhIDJfbm9ybWFsLndlYnA-300x300.jpeg",300,300,true],"large":["https:\/\/magazineweb.com.ar\/wp-content\/uploads\/2024\/06\/multimedia.normal.b4734eec74ac6695.TG9hbiBQZXJhbHRhIDJfbm9ybWFsLndlYnA.jpeg",720,720,false],"1536x1536":["https:\/\/magazineweb.com.ar\/wp-content\/uploads\/2024\/06\/multimedia.normal.b4734eec74ac6695.TG9hbiBQZXJhbHRhIDJfbm9ybWFsLndlYnA.jpeg",720,720,false],"2048x2048":["https:\/\/magazineweb.com.ar\/wp-content\/uploads\/2024\/06\/multimedia.normal.b4734eec74ac6695.TG9hbiBQZXJhbHRhIDJfbm9ybWFsLndlYnA.jpeg",720,720,false],"ultp_layout_landscape_large":["https:\/\/magazineweb.com.ar\/wp-content\/uploads\/2024\/06\/multimedia.normal.b4734eec74ac6695.TG9hbiBQZXJhbHRhIDJfbm9ybWFsLndlYnA.jpeg",720,720,false],"ultp_layout_landscape":["https:\/\/magazineweb.com.ar\/wp-content\/uploads\/2024\/06\/multimedia.normal.b4734eec74ac6695.TG9hbiBQZXJhbHRhIDJfbm9ybWFsLndlYnA-720x570.jpeg",720,570,true],"ultp_layout_portrait":["https:\/\/magazineweb.com.ar\/wp-content\/uploads\/2024\/06\/multimedia.normal.b4734eec74ac6695.TG9hbiBQZXJhbHRhIDJfbm9ybWFsLndlYnA-600x720.jpeg",600,720,true],"ultp_layout_square":["https:\/\/magazineweb.com.ar\/wp-content\/uploads\/2024\/06\/multimedia.normal.b4734eec74ac6695.TG9hbiBQZXJhbHRhIDJfbm9ybWFsLndlYnA-600x600.jpeg",600,600,true]},"rttpg_author":{"display_name":"admin-vdb","author_link":"https:\/\/magazineweb.com.ar\/?author=1"},"rttpg_comment":0,"rttpg_category":"<a href=\"https:\/\/magazineweb.com.ar\/?cat=4\" rel=\"category\">Destacados<\/a> <a href=\"https:\/\/magazineweb.com.ar\/?cat=9\" rel=\"category\">Informaci\u00f3n General<\/a>","rttpg_excerpt":"El fiscal&nbsp;Juan Carlos Castillo, quien estaba a cargo del caso de la desaparici\u00f3n de&nbsp;Loan Danilo Pe\u00f1a&nbsp;cuando el caso era investigado por la Justicia de Corrientes, orden\u00f3 que se realice un&hellip;","_links":{"self":[{"href":"https:\/\/magazineweb.com.ar\/index.php?rest_route=\/wp\/v2\/posts\/6963","targetHints":{"allow":["GET"]}}],"collection":[{"href":"https:\/\/magazineweb.com.ar\/index.php?rest_route=\/wp\/v2\/posts"}],"about":[{"href":"https:\/\/magazineweb.com.ar\/index.php?rest_route=\/wp\/v2\/types\/post"}],"author":[{"embeddable":true,"href":"https:\/\/magazineweb.com.ar\/index.php?rest_route=\/wp\/v2\/users\/1"}],"replies":[{"embeddable":true,"href":"https:\/\/magazineweb.com.ar\/index.php?rest_route=%2Fwp%2Fv2%2Fcomments&post=6963"}],"version-history":[{"count":2,"href":"https:\/\/magazineweb.com.ar\/index.php?rest_route=\/wp\/v2\/posts\/6963\/revisions"}],"predecessor-version":[{"id":6967,"href":"https:\/\/magazineweb.com.ar\/index.php?rest_route=\/wp\/v2\/posts\/6963\/revisions\/6967"}],"wp:featuredmedia":[{"embeddable":true,"href":"https:\/\/magazineweb.com.ar\/index.php?rest_route=\/wp\/v2\/media\/6797"}],"wp:attachment":[{"href":"https:\/\/magazineweb.com.ar\/index.php?rest_route=%2Fwp%2Fv2%2Fmedia&parent=6963"}],"wp:term":[{"taxonomy":"category","embeddable":true,"href":"https:\/\/magazineweb.com.ar\/index.php?rest_route=%2Fwp%2Fv2%2Fcategories&post=6963"},{"taxonomy":"post_tag","embeddable":true,"href":"https:\/\/magazineweb.com.ar\/index.php?rest_route=%2Fwp%2Fv2%2Ftags&post=6963"}],"curies":[{"name":"wp","href":"https:\/\/api.w.org\/{rel}","templated":true}]}}