{"id":7203,"date":"2024-08-29T01:05:00","date_gmt":"2024-08-29T04:05:00","guid":{"rendered":"https:\/\/magazineweb.com.ar\/?p=7203"},"modified":"2024-08-29T17:17:55","modified_gmt":"2024-08-29T20:17:55","slug":"aseguran-que-tras-el-fin-de-la-ley-de-alquileres-la-oferta-aumento-un-2119-y-los-precios-bajaron-un-266","status":"publish","type":"post","link":"https:\/\/magazineweb.com.ar\/?p=7203","title":{"rendered":"Aseguran que tras el fin de la Ley de Alquileres, la oferta aument\u00f3 un 211,9% y los precios bajaron un 26,6%"},"content":{"rendered":"\n<p>El Gobierno ponder\u00f3 los efectos de la derogaci\u00f3n de la&nbsp;Ley de Alquileres&nbsp;destacando que la oferta de inmuebles en el \u00c1rea Metropolitana de Buenos Aires (AMBA)&nbsp;aument\u00f3 un 211,9% y los precios se redujeron en t\u00e9rminos reales un 26,6% en el primer semestre del a\u00f1o&nbsp;frente a diciembre de 2023.<\/p>\n\n\n\n<p>El Ministerio de Desregulaci\u00f3n y Transformaci\u00f3n del Estado comparti\u00f3 un an\u00e1lisis sobre la evoluci\u00f3n que tuvo el mercado de alquileres en los \u00faltimos meses, tras la decisi\u00f3n del Ejecutivo, al asumir Javier Milei en diciembre pasado, de dejar sin efecto la norma promulgada en junio de 2020 e implementada en marzo de 2021.<\/p>\n\n\n\n<p>El informe elaborado en base a datos aportados por Mercado Libre y la Universidad de San Andr\u00e9s, revel\u00f3 que en enero de 2024 la oferta de departamentos en alquiler en el AMBA fue 90,3% mayor que en diciembre de 2023, mientras que en junio&nbsp;la oferta de propiedades fue un 211,9% mayor que la registrada antes de la derogaci\u00f3n de la ley.<\/p>\n\n\n\n<p>Al mismo tiempo, arroj\u00f3 que \u201clos precios reales de alquiler por m\u00b2 de departamentos en el AMBA cayeron en los primeros meses tras la derogaci\u00f3n de la ley\u201d, al evidenciar una ca\u00edda del 6,7% en enero en comparaci\u00f3n con diciembre. En tanto que para junio de 2024,&nbsp;la ca\u00edda acumulada de los precios lleg\u00f3 al 26,6% respecto a diciembre de 2023.<\/p>\n\n\n\n<p>En relaci\u00f3n a los efectos adversos que gener\u00f3 la ley derogada, la cartera que conduce Federico Sturzeneger, record\u00f3 que \u201centre sus disposiciones m\u00e1s destacadas se encontraba el establecimiento de un plazo m\u00ednimo de tres a\u00f1os para la concertaci\u00f3n de los contratos, con ajustes anuales, en un pa\u00eds que ya mostraba en ese entonces altas tasas de inflaci\u00f3n\u201d, por lo que \u201cla ley gener\u00f3 un considerable desincentivo por parte de los propietarios para ofrecer sus propiedades en alquiler\u201d.<\/p>\n\n\n\n<p>En contraposici\u00f3n, asegur\u00f3 que con la flexibilizaci\u00f3n del mercado por medio del DNU 70\/2023 se&nbsp;\u201cincentiv\u00f3 a los propietarios a poner sus propiedades en alquiler&nbsp;y, en consecuencia, aument\u00f3 la oferta disponible de inmuebles con la consiguiente ca\u00edda de los precios\u201d.<\/p>\n","protected":false},"excerpt":{"rendered":"<p>El Gobierno ponder\u00f3 los efectos de la derogaci\u00f3n de la&nbsp;Ley de Alquileres&nbsp;destacando que la oferta de inmuebles en el \u00c1rea Metropolitana de Buenos Aires (AMBA)&nbsp;aument\u00f3 un 211,9% y los precios&hellip;<\/p>\n","protected":false},"author":3,"featured_media":7204,"comment_status":"closed","ping_status":"closed","sticky":false,"template":"","format":"standard","meta":{"footnotes":""},"categories":[4,5],"tags":[],"class_list":["post-7203","post","type-post","status-publish","format-standard","has-post-thumbnail","hentry","category-destacados","category-economia"],"rttpg_featured_image_url":{"full":["https:\/\/magazineweb.com.ar\/wp-content\/uploads\/2024\/08\/alquiler-1-py3wf3drkm288lp90a34txwequ68mjnuqgfpszu1jy.jpg",1200,675,false],"landscape":["https:\/\/magazineweb.com.ar\/wp-content\/uploads\/2024\/08\/alquiler-1-py3wf3drkm288lp90a34txwequ68mjnuqgfpszu1jy.jpg",1200,675,false],"portraits":["https:\/\/magazineweb.com.ar\/wp-content\/uploads\/2024\/08\/alquiler-1-py3wf3drkm288lp90a34txwequ68mjnuqgfpszu1jy.jpg",1200,675,false],"thumbnail":["https:\/\/magazineweb.com.ar\/wp-content\/uploads\/2024\/08\/alquiler-1-py3wf3drkm288lp90a34txwequ68mjnuqgfpszu1jy-150x150.jpg",150,150,true],"medium":["https:\/\/magazineweb.com.ar\/wp-content\/uploads\/2024\/08\/alquiler-1-py3wf3drkm288lp90a34txwequ68mjnuqgfpszu1jy-300x169.jpg",300,169,true],"large":["https:\/\/magazineweb.com.ar\/wp-content\/uploads\/2024\/08\/alquiler-1-py3wf3drkm288lp90a34txwequ68mjnuqgfpszu1jy-1024x576.jpg",1024,576,true],"1536x1536":["https:\/\/magazineweb.com.ar\/wp-content\/uploads\/2024\/08\/alquiler-1-py3wf3drkm288lp90a34txwequ68mjnuqgfpszu1jy.jpg",1200,675,false],"2048x2048":["https:\/\/magazineweb.com.ar\/wp-content\/uploads\/2024\/08\/alquiler-1-py3wf3drkm288lp90a34txwequ68mjnuqgfpszu1jy.jpg",1200,675,false],"ultp_layout_landscape_large":["https:\/\/magazineweb.com.ar\/wp-content\/uploads\/2024\/08\/alquiler-1-py3wf3drkm288lp90a34txwequ68mjnuqgfpszu1jy.jpg",1200,675,false],"ultp_layout_landscape":["https:\/\/magazineweb.com.ar\/wp-content\/uploads\/2024\/08\/alquiler-1-py3wf3drkm288lp90a34txwequ68mjnuqgfpszu1jy-870x570.jpg",870,570,true],"ultp_layout_portrait":["https:\/\/magazineweb.com.ar\/wp-content\/uploads\/2024\/08\/alquiler-1-py3wf3drkm288lp90a34txwequ68mjnuqgfpszu1jy-600x675.jpg",600,675,true],"ultp_layout_square":["https:\/\/magazineweb.com.ar\/wp-content\/uploads\/2024\/08\/alquiler-1-py3wf3drkm288lp90a34txwequ68mjnuqgfpszu1jy-600x600.jpg",600,600,true]},"rttpg_author":{"display_name":"Redacci\u00f3n Magazine Web","author_link":"https:\/\/magazineweb.com.ar\/?author=3"},"rttpg_comment":0,"rttpg_category":"<a href=\"https:\/\/magazineweb.com.ar\/?cat=4\" rel=\"category\">Destacados<\/a> <a href=\"https:\/\/magazineweb.com.ar\/?cat=5\" rel=\"category\">Econom\u00eda<\/a>","rttpg_excerpt":"El Gobierno ponder\u00f3 los efectos de la derogaci\u00f3n de la&nbsp;Ley de Alquileres&nbsp;destacando que la oferta de inmuebles en el \u00c1rea Metropolitana de Buenos Aires (AMBA)&nbsp;aument\u00f3 un 211,9% y los precios&hellip;","_links":{"self":[{"href":"https:\/\/magazineweb.com.ar\/index.php?rest_route=\/wp\/v2\/posts\/7203","targetHints":{"allow":["GET"]}}],"collection":[{"href":"https:\/\/magazineweb.com.ar\/index.php?rest_route=\/wp\/v2\/posts"}],"about":[{"href":"https:\/\/magazineweb.com.ar\/index.php?rest_route=\/wp\/v2\/types\/post"}],"author":[{"embeddable":true,"href":"https:\/\/magazineweb.com.ar\/index.php?rest_route=\/wp\/v2\/users\/3"}],"replies":[{"embeddable":true,"href":"https:\/\/magazineweb.com.ar\/index.php?rest_route=%2Fwp%2Fv2%2Fcomments&post=7203"}],"version-history":[{"count":1,"href":"https:\/\/magazineweb.com.ar\/index.php?rest_route=\/wp\/v2\/posts\/7203\/revisions"}],"predecessor-version":[{"id":7205,"href":"https:\/\/magazineweb.com.ar\/index.php?rest_route=\/wp\/v2\/posts\/7203\/revisions\/7205"}],"wp:featuredmedia":[{"embeddable":true,"href":"https:\/\/magazineweb.com.ar\/index.php?rest_route=\/wp\/v2\/media\/7204"}],"wp:attachment":[{"href":"https:\/\/magazineweb.com.ar\/index.php?rest_route=%2Fwp%2Fv2%2Fmedia&parent=7203"}],"wp:term":[{"taxonomy":"category","embeddable":true,"href":"https:\/\/magazineweb.com.ar\/index.php?rest_route=%2Fwp%2Fv2%2Fcategories&post=7203"},{"taxonomy":"post_tag","embeddable":true,"href":"https:\/\/magazineweb.com.ar\/index.php?rest_route=%2Fwp%2Fv2%2Ftags&post=7203"}],"curies":[{"name":"wp","href":"https:\/\/api.w.org\/{rel}","templated":true}]}}