{"id":7224,"date":"2024-09-03T01:07:00","date_gmt":"2024-09-03T04:07:00","guid":{"rendered":"https:\/\/magazineweb.com.ar\/?p=7224"},"modified":"2024-09-04T00:36:18","modified_gmt":"2024-09-04T03:36:18","slug":"provincia-tiende-un-alivio-al-bolsillo-con-reducciones-en-la-tarifa-de-la-vtv","status":"publish","type":"post","link":"https:\/\/magazineweb.com.ar\/?p=7224","title":{"rendered":"Provincia tiende un alivio al bolsillo con reducciones en la tarifa de la VTV"},"content":{"rendered":"\n<p>El Ministerio de Transporte de la Provincia de Buenos Aires, a cargo de Jorge D\u2019Onofrio, aprob\u00f3 la implementaci\u00f3n de una bonificaci\u00f3n especial del 50% en la tarifa de la VTV para jubilados y pensionados con ingresos inferiores a dos haberes m\u00ednimos jubilatorios. Ser\u00e1 en todas las plantas de verificaci\u00f3n del suelo provincial.<\/p>\n\n\n\n<p>La medida busca amortiguar la grave situaci\u00f3n socioecon\u00f3mica del pa\u00eds producto del brutal ajuste del presidente Javier Milei contra jubilados y trabajadores. As\u00ed, aliviar el bolsillo de los sectores m\u00e1s vulnerables, perjudicados por las fuertes medidas implementadas por el Gobierno nacional.<\/p>\n\n\n\n<p>La bonificaci\u00f3n se otorgar\u00e1 una vez por a\u00f1o y ser\u00e1 aplicable para un \u00fanico veh\u00edculo por titular y con VTV vigente en la Provincia de Buenos Aires. Las y los beneficiarios deber\u00e1n acreditar, al momento de presentarse en la planta verificadora correspondiente, la titularidad del veh\u00edculo a verificar, la constancia de vigencia de la VTV y el \u00faltimo recibo de haberes.<\/p>\n","protected":false},"excerpt":{"rendered":"<p>El Ministerio de Transporte de la Provincia de Buenos Aires, a cargo de Jorge D\u2019Onofrio, aprob\u00f3 la implementaci\u00f3n de una bonificaci\u00f3n especial del 50% en la tarifa de la VTV&hellip;<\/p>\n","protected":false},"author":3,"featured_media":7225,"comment_status":"closed","ping_status":"closed","sticky":false,"template":"","format":"standard","meta":{"footnotes":""},"categories":[4,9],"tags":[],"class_list":["post-7224","post","type-post","status-publish","format-standard","has-post-thumbnail","hentry","category-destacados","category-informacion-general"],"rttpg_featured_image_url":{"full":["https:\/\/magazineweb.com.ar\/wp-content\/uploads\/2024\/08\/Gacetilla-325-Ante-el-ajuste-de-Milei-contra-jubilados-Provincia-tiende-un-alivio-al-bolsillo-con-reducciones-en-la-tarifa-de-la-VTV.jpeg",700,466,false],"landscape":["https:\/\/magazineweb.com.ar\/wp-content\/uploads\/2024\/08\/Gacetilla-325-Ante-el-ajuste-de-Milei-contra-jubilados-Provincia-tiende-un-alivio-al-bolsillo-con-reducciones-en-la-tarifa-de-la-VTV.jpeg",700,466,false],"portraits":["https:\/\/magazineweb.com.ar\/wp-content\/uploads\/2024\/08\/Gacetilla-325-Ante-el-ajuste-de-Milei-contra-jubilados-Provincia-tiende-un-alivio-al-bolsillo-con-reducciones-en-la-tarifa-de-la-VTV.jpeg",700,466,false],"thumbnail":["https:\/\/magazineweb.com.ar\/wp-content\/uploads\/2024\/08\/Gacetilla-325-Ante-el-ajuste-de-Milei-contra-jubilados-Provincia-tiende-un-alivio-al-bolsillo-con-reducciones-en-la-tarifa-de-la-VTV-150x150.jpeg",150,150,true],"medium":["https:\/\/magazineweb.com.ar\/wp-content\/uploads\/2024\/08\/Gacetilla-325-Ante-el-ajuste-de-Milei-contra-jubilados-Provincia-tiende-un-alivio-al-bolsillo-con-reducciones-en-la-tarifa-de-la-VTV-300x200.jpeg",300,200,true],"large":["https:\/\/magazineweb.com.ar\/wp-content\/uploads\/2024\/08\/Gacetilla-325-Ante-el-ajuste-de-Milei-contra-jubilados-Provincia-tiende-un-alivio-al-bolsillo-con-reducciones-en-la-tarifa-de-la-VTV.jpeg",700,466,false],"1536x1536":["https:\/\/magazineweb.com.ar\/wp-content\/uploads\/2024\/08\/Gacetilla-325-Ante-el-ajuste-de-Milei-contra-jubilados-Provincia-tiende-un-alivio-al-bolsillo-con-reducciones-en-la-tarifa-de-la-VTV.jpeg",700,466,false],"2048x2048":["https:\/\/magazineweb.com.ar\/wp-content\/uploads\/2024\/08\/Gacetilla-325-Ante-el-ajuste-de-Milei-contra-jubilados-Provincia-tiende-un-alivio-al-bolsillo-con-reducciones-en-la-tarifa-de-la-VTV.jpeg",700,466,false],"ultp_layout_landscape_large":["https:\/\/magazineweb.com.ar\/wp-content\/uploads\/2024\/08\/Gacetilla-325-Ante-el-ajuste-de-Milei-contra-jubilados-Provincia-tiende-un-alivio-al-bolsillo-con-reducciones-en-la-tarifa-de-la-VTV.jpeg",700,466,false],"ultp_layout_landscape":["https:\/\/magazineweb.com.ar\/wp-content\/uploads\/2024\/08\/Gacetilla-325-Ante-el-ajuste-de-Milei-contra-jubilados-Provincia-tiende-un-alivio-al-bolsillo-con-reducciones-en-la-tarifa-de-la-VTV.jpeg",700,466,false],"ultp_layout_portrait":["https:\/\/magazineweb.com.ar\/wp-content\/uploads\/2024\/08\/Gacetilla-325-Ante-el-ajuste-de-Milei-contra-jubilados-Provincia-tiende-un-alivio-al-bolsillo-con-reducciones-en-la-tarifa-de-la-VTV-600x466.jpeg",600,466,true],"ultp_layout_square":["https:\/\/magazineweb.com.ar\/wp-content\/uploads\/2024\/08\/Gacetilla-325-Ante-el-ajuste-de-Milei-contra-jubilados-Provincia-tiende-un-alivio-al-bolsillo-con-reducciones-en-la-tarifa-de-la-VTV-600x466.jpeg",600,466,true]},"rttpg_author":{"display_name":"Redacci\u00f3n Magazine Web","author_link":"https:\/\/magazineweb.com.ar\/?author=3"},"rttpg_comment":0,"rttpg_category":"<a href=\"https:\/\/magazineweb.com.ar\/?cat=4\" rel=\"category\">Destacados<\/a> <a href=\"https:\/\/magazineweb.com.ar\/?cat=9\" rel=\"category\">Informaci\u00f3n General<\/a>","rttpg_excerpt":"El Ministerio de Transporte de la Provincia de Buenos Aires, a cargo de Jorge D\u2019Onofrio, aprob\u00f3 la implementaci\u00f3n de una bonificaci\u00f3n especial del 50% en la tarifa de la VTV&hellip;","_links":{"self":[{"href":"https:\/\/magazineweb.com.ar\/index.php?rest_route=\/wp\/v2\/posts\/7224","targetHints":{"allow":["GET"]}}],"collection":[{"href":"https:\/\/magazineweb.com.ar\/index.php?rest_route=\/wp\/v2\/posts"}],"about":[{"href":"https:\/\/magazineweb.com.ar\/index.php?rest_route=\/wp\/v2\/types\/post"}],"author":[{"embeddable":true,"href":"https:\/\/magazineweb.com.ar\/index.php?rest_route=\/wp\/v2\/users\/3"}],"replies":[{"embeddable":true,"href":"https:\/\/magazineweb.com.ar\/index.php?rest_route=%2Fwp%2Fv2%2Fcomments&post=7224"}],"version-history":[{"count":1,"href":"https:\/\/magazineweb.com.ar\/index.php?rest_route=\/wp\/v2\/posts\/7224\/revisions"}],"predecessor-version":[{"id":7226,"href":"https:\/\/magazineweb.com.ar\/index.php?rest_route=\/wp\/v2\/posts\/7224\/revisions\/7226"}],"wp:featuredmedia":[{"embeddable":true,"href":"https:\/\/magazineweb.com.ar\/index.php?rest_route=\/wp\/v2\/media\/7225"}],"wp:attachment":[{"href":"https:\/\/magazineweb.com.ar\/index.php?rest_route=%2Fwp%2Fv2%2Fmedia&parent=7224"}],"wp:term":[{"taxonomy":"category","embeddable":true,"href":"https:\/\/magazineweb.com.ar\/index.php?rest_route=%2Fwp%2Fv2%2Fcategories&post=7224"},{"taxonomy":"post_tag","embeddable":true,"href":"https:\/\/magazineweb.com.ar\/index.php?rest_route=%2Fwp%2Fv2%2Ftags&post=7224"}],"curies":[{"name":"wp","href":"https:\/\/api.w.org\/{rel}","templated":true}]}}