{"id":7227,"date":"2024-08-30T01:05:00","date_gmt":"2024-08-30T04:05:00","guid":{"rendered":"https:\/\/magazineweb.com.ar\/?p=7227"},"modified":"2024-08-26T19:50:05","modified_gmt":"2024-08-26T22:50:05","slug":"mayra-participo-de-una-reunion-de-trabajo-con-la-mesa-de-enfermedades-poco-frecuentes-de-quilmes","status":"publish","type":"post","link":"https:\/\/magazineweb.com.ar\/?p=7227","title":{"rendered":"Mayra particip\u00f3 de una reuni\u00f3n de trabajo con la Mesa de Enfermedades Poco Frecuentes de Quilmes"},"content":{"rendered":"\n<p>La intendenta de Quilmes, Mayra Mendoza, particip\u00f3 el pasado s\u00e1bado de una nueva reuni\u00f3n de trabajo de la mesa de Enfermedades Poco Frecuentes (EPOF) Quilmes, que se concret\u00f3 en la Fundaci\u00f3n \u201cPaliamimos\u201d, ubicada en la calle Catamarca 340, en Quilmes Oeste, donde charlaron sobre la articulaci\u00f3n con la Comuna para la concreci\u00f3n del pr\u00f3ximo Congreso Federal EPOF que se desarrollar\u00e1 en octubre en la Casa de las Culturas local.<\/p>\n\n\n\n<p>\u201cJunto a la concejala quilme\u00f1a, Bel\u00e9n Mar\u00f3n, participamos de la reuni\u00f3n de la Mesa EPOF en la Fundaci\u00f3n Paliamimos, previo al Congreso Federal que se realizar\u00e1 en nuestra ciudad. La Mesa de Enfermedades Poco Frecuentes surgi\u00f3 a ra\u00edz de una ordenanza presentada en febrero en el Concejo Deliberante de Quilmes y ahora tiene el compromiso de hacer el Congreso Federal en la Casa de las Culturas\u201d, se\u00f1al\u00f3 Mayra.<\/p>\n\n\n\n<p>La Jefa comunal explic\u00f3: \u201cDe este evento participar\u00e1n m\u00e9dicos, pacientes y estudiantes de todo el pa\u00eds interesados en la tem\u00e1tica, y estar\u00e1 abierto a toda la comunidad de Quilmes, con el objetivo de fomentar la promoci\u00f3n del cuidado integral de la salud de las personas\u201d.<\/p>\n\n\n\n<p>Por su parte, la concejala Mar\u00f3n indic\u00f3: \u201cLogramos conformar la mesa EPOF a fuerza de visibilidad y construcci\u00f3n colectiva continua. Creemos que es sumamente importante dar a conocer el compromiso de cada paciente, de cada familia. Las EPOF afectan al 5% de la poblaci\u00f3n y en el 70% de los casos se detectan durante la infancia, es por eso que articulamos con jardines y maestras para ampliar la visibilidad\u201d.<\/p>\n\n\n\n<p>Y agreg\u00f3: \u201cEn un contexto cruel, donde son anuladas las partidas presupuestarias que le garantizaban recibir medicamentos a pacientes y continuar sus tratamientos, Mayra acompa\u00f1a con un Gobierno Municipal que tiene la decisi\u00f3n pol\u00edtica de brindar acceso igualitario, contenci\u00f3n y amor\u201d.<\/p>\n\n\n\n<p>En febrero, desde el HCD Quilmes, qued\u00f3 dispuesto que cada el \u00faltimo d\u00eda del mes de febrero se conmemore el \u201cD\u00eda de las Enfermedades Poco Frecuentes\u201d, con la finalidad de concientizar al p\u00fablico en general sobre las enfermedades raras y su impacto en la vida de los pacientes y su entorno, como as\u00ed tambi\u00e9n se adhiri\u00f3 a la Ley Provincial N\u00ba 14.859 sobre el cuidado integral de las personas con Enfermedades Poco Frecuentes (EPOF).<\/p>\n\n\n\n<p>Desde entonces, se realiz\u00f3 un trabajo articulado con las Secretar\u00edas de Salud y de Mujeres, Diversidades y Derechos Humanos; con el Hospital de Quilmes; con el \u00e1rea de Discapacidad comunal; con el Instituto IDEAL y con miembros de la C\u00e1mara de Diputados de la Provincia de Buenos Aires.<\/p>\n\n\n\n<p>El Congreso EPOF estar\u00e1 destinado a m\u00e9dicos, pacientes y estudiantes y egresados en la tem\u00e1tica de las enfermedades poco frecuentes. Se prev\u00e9 contar con la participaci\u00f3n de profesionales reconocidos y especialistas en la materia.<\/p>\n\n\n\n<p>Adem\u00e1s de la Fundaci\u00f3n \u201cPaliamimos\u201d, quienes conforman la mesa EPOF Quilmes son las siguientes: Jaz Mitocondriales, Asociaci\u00f3n Argentina de S\u00edndrome de Williams, Enfermedad Uve\u00edtis Pediatr\u00eda, Escleros Salud, Cefalea en Racimo, Alianza Lisosomal y ALAPA (Alianza de Argentina de Pacientes).<\/p>\n","protected":false},"excerpt":{"rendered":"<p>La intendenta de Quilmes, Mayra Mendoza, particip\u00f3 el pasado s\u00e1bado de una nueva reuni\u00f3n de trabajo de la mesa de Enfermedades Poco Frecuentes (EPOF) Quilmes, que se concret\u00f3 en la&hellip;<\/p>\n","protected":false},"author":3,"featured_media":7228,"comment_status":"closed","ping_status":"closed","sticky":false,"template":"","format":"standard","meta":{"footnotes":""},"categories":[16],"tags":[],"class_list":["post-7227","post","type-post","status-publish","format-standard","has-post-thumbnail","hentry","category-salud-y-medio-ambiente"],"rttpg_featured_image_url":{"full":["https:\/\/magazineweb.com.ar\/wp-content\/uploads\/2024\/08\/mesa.jpg",720,479,false],"landscape":["https:\/\/magazineweb.com.ar\/wp-content\/uploads\/2024\/08\/mesa.jpg",720,479,false],"portraits":["https:\/\/magazineweb.com.ar\/wp-content\/uploads\/2024\/08\/mesa.jpg",720,479,false],"thumbnail":["https:\/\/magazineweb.com.ar\/wp-content\/uploads\/2024\/08\/mesa-150x150.jpg",150,150,true],"medium":["https:\/\/magazineweb.com.ar\/wp-content\/uploads\/2024\/08\/mesa-300x200.jpg",300,200,true],"large":["https:\/\/magazineweb.com.ar\/wp-content\/uploads\/2024\/08\/mesa.jpg",720,479,false],"1536x1536":["https:\/\/magazineweb.com.ar\/wp-content\/uploads\/2024\/08\/mesa.jpg",720,479,false],"2048x2048":["https:\/\/magazineweb.com.ar\/wp-content\/uploads\/2024\/08\/mesa.jpg",720,479,false],"ultp_layout_landscape_large":["https:\/\/magazineweb.com.ar\/wp-content\/uploads\/2024\/08\/mesa.jpg",720,479,false],"ultp_layout_landscape":["https:\/\/magazineweb.com.ar\/wp-content\/uploads\/2024\/08\/mesa.jpg",720,479,false],"ultp_layout_portrait":["https:\/\/magazineweb.com.ar\/wp-content\/uploads\/2024\/08\/mesa-600x479.jpg",600,479,true],"ultp_layout_square":["https:\/\/magazineweb.com.ar\/wp-content\/uploads\/2024\/08\/mesa-600x479.jpg",600,479,true]},"rttpg_author":{"display_name":"Redacci\u00f3n Magazine Web","author_link":"https:\/\/magazineweb.com.ar\/?author=3"},"rttpg_comment":0,"rttpg_category":"<a href=\"https:\/\/magazineweb.com.ar\/?cat=16\" rel=\"category\">Salud y Medio Ambiente<\/a>","rttpg_excerpt":"La intendenta de Quilmes, Mayra Mendoza, particip\u00f3 el pasado s\u00e1bado de una nueva reuni\u00f3n de trabajo de la mesa de Enfermedades Poco Frecuentes (EPOF) Quilmes, que se concret\u00f3 en la&hellip;","_links":{"self":[{"href":"https:\/\/magazineweb.com.ar\/index.php?rest_route=\/wp\/v2\/posts\/7227","targetHints":{"allow":["GET"]}}],"collection":[{"href":"https:\/\/magazineweb.com.ar\/index.php?rest_route=\/wp\/v2\/posts"}],"about":[{"href":"https:\/\/magazineweb.com.ar\/index.php?rest_route=\/wp\/v2\/types\/post"}],"author":[{"embeddable":true,"href":"https:\/\/magazineweb.com.ar\/index.php?rest_route=\/wp\/v2\/users\/3"}],"replies":[{"embeddable":true,"href":"https:\/\/magazineweb.com.ar\/index.php?rest_route=%2Fwp%2Fv2%2Fcomments&post=7227"}],"version-history":[{"count":1,"href":"https:\/\/magazineweb.com.ar\/index.php?rest_route=\/wp\/v2\/posts\/7227\/revisions"}],"predecessor-version":[{"id":7229,"href":"https:\/\/magazineweb.com.ar\/index.php?rest_route=\/wp\/v2\/posts\/7227\/revisions\/7229"}],"wp:featuredmedia":[{"embeddable":true,"href":"https:\/\/magazineweb.com.ar\/index.php?rest_route=\/wp\/v2\/media\/7228"}],"wp:attachment":[{"href":"https:\/\/magazineweb.com.ar\/index.php?rest_route=%2Fwp%2Fv2%2Fmedia&parent=7227"}],"wp:term":[{"taxonomy":"category","embeddable":true,"href":"https:\/\/magazineweb.com.ar\/index.php?rest_route=%2Fwp%2Fv2%2Fcategories&post=7227"},{"taxonomy":"post_tag","embeddable":true,"href":"https:\/\/magazineweb.com.ar\/index.php?rest_route=%2Fwp%2Fv2%2Ftags&post=7227"}],"curies":[{"name":"wp","href":"https:\/\/api.w.org\/{rel}","templated":true}]}}