{"id":7239,"date":"2024-09-06T01:01:00","date_gmt":"2024-09-06T04:01:00","guid":{"rendered":"https:\/\/magazineweb.com.ar\/?p=7239"},"modified":"2024-09-05T17:48:06","modified_gmt":"2024-09-05T20:48:06","slug":"la-pobreza-en-argentina-aumento-al-555-y-la-indigencia-al-175-segun-la-uca","status":"publish","type":"post","link":"https:\/\/magazineweb.com.ar\/?p=7239","title":{"rendered":"La pobreza en Argentina aument\u00f3 al 55,5% y la indigencia al 17,5%, seg\u00fan la UCA"},"content":{"rendered":"\n<p>El&nbsp;\u00cdndice de pobreza aument\u00f3 al t\u00e9rmino del primer semestre del a\u00f1o al 55,5% de la poblaci\u00f3n y la indigencia al 17,5% en el mismo per\u00edodo, de acuerdo a las estimaciones del Observatorio de la Deuda Social Argentina de la Universidad Cat\u00f3lica Argentina (ODSA-UCA).<\/p>\n\n\n\n<p>A fin del&nbsp;2023, seg\u00fan el Instituto Nacional de Estad\u00edstica y Censos (Indec), el \u00cdndice de Pobreza alcanzaba al 41,7% de los habitantes, entre los cuales 11,9% eran indigentes, es decir sus ingresos no alcanzaban para comprar la cantidad m\u00ednima de comida para la subsistencia. Durante el primer semestres del a\u00f1o la inflaci\u00f3n alcanz\u00f3 al 79,8%<\/p>\n\n\n\n<p>Estos incrementos en los niveles de pobreza e indigencia se atribuyen en gran parte al impacto de la inflaci\u00f3n de los \u00faltimos meses y a la suba principalmente en el rubro alimentos que afect\u00f3 a los estratos m\u00e1s bajos de la sociedad.<\/p>\n\n\n\n<p>Seg\u00fan&nbsp;el sondeo de la UCA, 24,9 millones, residentes en \u00e1reas urbanas del pa\u00eds habr\u00edan estado en situaci\u00f3n de pobreza por debajo de la Canasta B\u00e1sica Total (CBT)&nbsp;que en junio alcanzaba a $ 873.168, para una pareja con dos ni\u00f1os de seis y ocho a\u00f1os, &nbsp;con un incremento del &nbsp;76,1% en el primer semestre, seg\u00fan el Indec.<\/p>\n\n\n\n<p>El mismo estudio de la UCA asegura que unos 7,8 millones de personas est\u00e1n en un estado de pobreza extrema o indigencia, por debajo de la canasta b\u00e1sica alimentaria (CBA) que en el sexto mes de este a\u00f1o ascend\u00eda a $ 393.319 para el mismo grupo social, con un incremento del &nbsp;63,4% en el primer semestre.<\/p>\n\n\n\n<p>\u201cLa inseguridad alimentaria total para \u00e1reas urbanas relevadas por la encuesta del ODSA-UCA, alcanza al 24,7% de las personas, al 20,8% de los hogares y al 32,2% de los ni\u00f1os, ni\u00f1as y adolescentes\u201d, destac\u00f3 el informe.<\/p>\n\n\n\n<p>Por otra parte, \u201cse encuentran en una situaci\u00f3n a\u00fan m\u00e1s grave, con inseguridad alimentaria severa el 10,9% de las personas, el 8,8% de los hogares y el 13,9% de los ni\u00f1os, ni\u00f1as y adolescentes (NNyA)\u201d.<\/p>\n\n\n\n<p>El Observatorio indica que \u201clos elevados valores de privaciones alimentarias que sufre la poblaci\u00f3n tratan de ser compensados con acciones realizadas desde los diferentes niveles del Estado\u201d.<\/p>\n\n\n\n<p>\u201cConsiderando a los ni\u00f1os, ni\u00f1as y adolescentes, el 42,6% de ellos reside en hogares que reciben la AUH+Tarjeta Alimentaria, el 50% asiste a comedores escolares, el 36,7% recibe caja o bolsones de alimentos de comedores y el 11,1% recibe caja o bolsones de alimentos de comedor no escolar; sumando muchos hogares m\u00e1s de un beneficio\u201d se\u00f1al\u00f3 la UCA.<\/p>\n\n\n\n<p>El Indec dar\u00e1 a conocer el jueves 26 de septiembre el \u00cdndice de Pobreza oficial calculada al primer semestre del a\u00f1o.<\/p>\n","protected":false},"excerpt":{"rendered":"<p>El&nbsp;\u00cdndice de pobreza aument\u00f3 al t\u00e9rmino del primer semestre del a\u00f1o al 55,5% de la poblaci\u00f3n y la indigencia al 17,5% en el mismo per\u00edodo, de acuerdo a las estimaciones&hellip;<\/p>\n","protected":false},"author":3,"featured_media":7240,"comment_status":"closed","ping_status":"closed","sticky":false,"template":"","format":"standard","meta":{"footnotes":""},"categories":[4,5],"tags":[],"class_list":["post-7239","post","type-post","status-publish","format-standard","has-post-thumbnail","hentry","category-destacados","category-economia"],"rttpg_featured_image_url":{"full":["https:\/\/magazineweb.com.ar\/wp-content\/uploads\/2024\/09\/720-33.webp",990,720,false],"landscape":["https:\/\/magazineweb.com.ar\/wp-content\/uploads\/2024\/09\/720-33.webp",990,720,false],"portraits":["https:\/\/magazineweb.com.ar\/wp-content\/uploads\/2024\/09\/720-33.webp",990,720,false],"thumbnail":["https:\/\/magazineweb.com.ar\/wp-content\/uploads\/2024\/09\/720-33-150x150.webp",150,150,true],"medium":["https:\/\/magazineweb.com.ar\/wp-content\/uploads\/2024\/09\/720-33-300x218.webp",300,218,true],"large":["https:\/\/magazineweb.com.ar\/wp-content\/uploads\/2024\/09\/720-33.webp",990,720,false],"1536x1536":["https:\/\/magazineweb.com.ar\/wp-content\/uploads\/2024\/09\/720-33.webp",990,720,false],"2048x2048":["https:\/\/magazineweb.com.ar\/wp-content\/uploads\/2024\/09\/720-33.webp",990,720,false],"ultp_layout_landscape_large":["https:\/\/magazineweb.com.ar\/wp-content\/uploads\/2024\/09\/720-33.webp",990,720,false],"ultp_layout_landscape":["https:\/\/magazineweb.com.ar\/wp-content\/uploads\/2024\/09\/720-33-870x570.webp",870,570,true],"ultp_layout_portrait":["https:\/\/magazineweb.com.ar\/wp-content\/uploads\/2024\/09\/720-33-600x720.webp",600,720,true],"ultp_layout_square":["https:\/\/magazineweb.com.ar\/wp-content\/uploads\/2024\/09\/720-33-600x600.webp",600,600,true]},"rttpg_author":{"display_name":"Redacci\u00f3n Magazine Web","author_link":"https:\/\/magazineweb.com.ar\/?author=3"},"rttpg_comment":0,"rttpg_category":"<a href=\"https:\/\/magazineweb.com.ar\/?cat=4\" rel=\"category\">Destacados<\/a> <a href=\"https:\/\/magazineweb.com.ar\/?cat=5\" rel=\"category\">Econom\u00eda<\/a>","rttpg_excerpt":"El&nbsp;\u00cdndice de pobreza aument\u00f3 al t\u00e9rmino del primer semestre del a\u00f1o al 55,5% de la poblaci\u00f3n y la indigencia al 17,5% en el mismo per\u00edodo, de acuerdo a las estimaciones&hellip;","_links":{"self":[{"href":"https:\/\/magazineweb.com.ar\/index.php?rest_route=\/wp\/v2\/posts\/7239","targetHints":{"allow":["GET"]}}],"collection":[{"href":"https:\/\/magazineweb.com.ar\/index.php?rest_route=\/wp\/v2\/posts"}],"about":[{"href":"https:\/\/magazineweb.com.ar\/index.php?rest_route=\/wp\/v2\/types\/post"}],"author":[{"embeddable":true,"href":"https:\/\/magazineweb.com.ar\/index.php?rest_route=\/wp\/v2\/users\/3"}],"replies":[{"embeddable":true,"href":"https:\/\/magazineweb.com.ar\/index.php?rest_route=%2Fwp%2Fv2%2Fcomments&post=7239"}],"version-history":[{"count":1,"href":"https:\/\/magazineweb.com.ar\/index.php?rest_route=\/wp\/v2\/posts\/7239\/revisions"}],"predecessor-version":[{"id":7241,"href":"https:\/\/magazineweb.com.ar\/index.php?rest_route=\/wp\/v2\/posts\/7239\/revisions\/7241"}],"wp:featuredmedia":[{"embeddable":true,"href":"https:\/\/magazineweb.com.ar\/index.php?rest_route=\/wp\/v2\/media\/7240"}],"wp:attachment":[{"href":"https:\/\/magazineweb.com.ar\/index.php?rest_route=%2Fwp%2Fv2%2Fmedia&parent=7239"}],"wp:term":[{"taxonomy":"category","embeddable":true,"href":"https:\/\/magazineweb.com.ar\/index.php?rest_route=%2Fwp%2Fv2%2Fcategories&post=7239"},{"taxonomy":"post_tag","embeddable":true,"href":"https:\/\/magazineweb.com.ar\/index.php?rest_route=%2Fwp%2Fv2%2Ftags&post=7239"}],"curies":[{"name":"wp","href":"https:\/\/api.w.org\/{rel}","templated":true}]}}