{"id":7251,"date":"2024-09-09T01:05:00","date_gmt":"2024-09-09T04:05:00","guid":{"rendered":"https:\/\/magazineweb.com.ar\/?p=7251"},"modified":"2024-09-08T11:19:23","modified_gmt":"2024-09-08T14:19:23","slug":"para-yasky-milei-no-tiene-limites-en-su-crueldad","status":"publish","type":"post","link":"https:\/\/magazineweb.com.ar\/?p=7251","title":{"rendered":"Para Yasky, Milei \u00abno tiene l\u00edmites en su crueldad\u00bb"},"content":{"rendered":"\n<p>El secretario general de la CTA de los Trabajadores,&nbsp;Hugo Yasky, afirm\u00f3 que el presidente Javier Milei \u00abno tiene l\u00edmites en su crueldad\u00bb.<\/p>\n\n\n\n<p>As\u00ed lo expres\u00f3 en declaraciones radiales: \u00abEl Gobierno est\u00e1 demostrando que su crueldad no tiene l\u00edmites. Quieren amedrentar y generar miedo para paralizar a mucha gente\u00bb.<\/p>\n\n\n\n<p>\u00abHacen ostentaci\u00f3n de la fuerza, muestran a cielo abierto la crueldad que&nbsp;significa golpear a jubilados\u00bb, agreg\u00f3 el diputado nacional que integra el bloque kirchnerista.<\/p>\n\n\n\n<p>El mi\u00e9rcoles pasado, efectivos de la Polic\u00eda Federal reprimieron por la tarde la protesta de los jubilados en las inmediaciones del Congreso, donde distintos sectores se movilizaron para rechazar el anuncio del veto Milei a la ley de aumento de las jubilaciones.<\/p>\n\n\n\n<p>La protesta se enmarcaba en una serie de actividades que se realizan todos los mi\u00e9rcoles en reclamo a la realidad del sector, pero adquiri\u00f3 mayor convocatoria a ra\u00edz del veto presidencial.<\/p>\n","protected":false},"excerpt":{"rendered":"<p>El secretario general de la CTA de los Trabajadores,&nbsp;Hugo Yasky, afirm\u00f3 que el presidente Javier Milei \u00abno tiene l\u00edmites en su crueldad\u00bb. As\u00ed lo expres\u00f3 en declaraciones radiales: \u00abEl Gobierno&hellip;<\/p>\n","protected":false},"author":3,"featured_media":7252,"comment_status":"closed","ping_status":"closed","sticky":false,"template":"","format":"standard","meta":{"footnotes":""},"categories":[17,13],"tags":[],"class_list":["post-7251","post","type-post","status-publish","format-standard","has-post-thumbnail","hentry","category-nacional","category-politica"],"rttpg_featured_image_url":{"full":["https:\/\/magazineweb.com.ar\/wp-content\/uploads\/2024\/09\/yasky.jpg",1024,812,false],"landscape":["https:\/\/magazineweb.com.ar\/wp-content\/uploads\/2024\/09\/yasky.jpg",1024,812,false],"portraits":["https:\/\/magazineweb.com.ar\/wp-content\/uploads\/2024\/09\/yasky.jpg",1024,812,false],"thumbnail":["https:\/\/magazineweb.com.ar\/wp-content\/uploads\/2024\/09\/yasky-150x150.jpg",150,150,true],"medium":["https:\/\/magazineweb.com.ar\/wp-content\/uploads\/2024\/09\/yasky-300x238.jpg",300,238,true],"large":["https:\/\/magazineweb.com.ar\/wp-content\/uploads\/2024\/09\/yasky.jpg",1024,812,false],"1536x1536":["https:\/\/magazineweb.com.ar\/wp-content\/uploads\/2024\/09\/yasky.jpg",1024,812,false],"2048x2048":["https:\/\/magazineweb.com.ar\/wp-content\/uploads\/2024\/09\/yasky.jpg",1024,812,false],"ultp_layout_landscape_large":["https:\/\/magazineweb.com.ar\/wp-content\/uploads\/2024\/09\/yasky-1024x800.jpg",1024,800,true],"ultp_layout_landscape":["https:\/\/magazineweb.com.ar\/wp-content\/uploads\/2024\/09\/yasky-870x570.jpg",870,570,true],"ultp_layout_portrait":["https:\/\/magazineweb.com.ar\/wp-content\/uploads\/2024\/09\/yasky-600x812.jpg",600,812,true],"ultp_layout_square":["https:\/\/magazineweb.com.ar\/wp-content\/uploads\/2024\/09\/yasky-600x600.jpg",600,600,true]},"rttpg_author":{"display_name":"Redacci\u00f3n Magazine Web","author_link":"https:\/\/magazineweb.com.ar\/?author=3"},"rttpg_comment":0,"rttpg_category":"<a href=\"https:\/\/magazineweb.com.ar\/?cat=17\" rel=\"category\">Nacional<\/a> <a href=\"https:\/\/magazineweb.com.ar\/?cat=13\" rel=\"category\">Pol\u00edtica<\/a>","rttpg_excerpt":"El secretario general de la CTA de los Trabajadores,&nbsp;Hugo Yasky, afirm\u00f3 que el presidente Javier Milei \u00abno tiene l\u00edmites en su crueldad\u00bb. As\u00ed lo expres\u00f3 en declaraciones radiales: \u00abEl Gobierno&hellip;","_links":{"self":[{"href":"https:\/\/magazineweb.com.ar\/index.php?rest_route=\/wp\/v2\/posts\/7251","targetHints":{"allow":["GET"]}}],"collection":[{"href":"https:\/\/magazineweb.com.ar\/index.php?rest_route=\/wp\/v2\/posts"}],"about":[{"href":"https:\/\/magazineweb.com.ar\/index.php?rest_route=\/wp\/v2\/types\/post"}],"author":[{"embeddable":true,"href":"https:\/\/magazineweb.com.ar\/index.php?rest_route=\/wp\/v2\/users\/3"}],"replies":[{"embeddable":true,"href":"https:\/\/magazineweb.com.ar\/index.php?rest_route=%2Fwp%2Fv2%2Fcomments&post=7251"}],"version-history":[{"count":1,"href":"https:\/\/magazineweb.com.ar\/index.php?rest_route=\/wp\/v2\/posts\/7251\/revisions"}],"predecessor-version":[{"id":7253,"href":"https:\/\/magazineweb.com.ar\/index.php?rest_route=\/wp\/v2\/posts\/7251\/revisions\/7253"}],"wp:featuredmedia":[{"embeddable":true,"href":"https:\/\/magazineweb.com.ar\/index.php?rest_route=\/wp\/v2\/media\/7252"}],"wp:attachment":[{"href":"https:\/\/magazineweb.com.ar\/index.php?rest_route=%2Fwp%2Fv2%2Fmedia&parent=7251"}],"wp:term":[{"taxonomy":"category","embeddable":true,"href":"https:\/\/magazineweb.com.ar\/index.php?rest_route=%2Fwp%2Fv2%2Fcategories&post=7251"},{"taxonomy":"post_tag","embeddable":true,"href":"https:\/\/magazineweb.com.ar\/index.php?rest_route=%2Fwp%2Fv2%2Ftags&post=7251"}],"curies":[{"name":"wp","href":"https:\/\/api.w.org\/{rel}","templated":true}]}}