{"id":7261,"date":"2024-09-09T01:02:00","date_gmt":"2024-09-09T04:02:00","guid":{"rendered":"https:\/\/magazineweb.com.ar\/?p=7261"},"modified":"2024-09-08T13:46:55","modified_gmt":"2024-09-08T16:46:55","slug":"mayra-recorrio-la-57a-edicion-de-los-tradicionales-fogones-de-bernal","status":"publish","type":"post","link":"https:\/\/magazineweb.com.ar\/?p=7261","title":{"rendered":"Mayra recorri\u00f3 la 57\u00aa edici\u00f3n de los tradicionales Fogones de Bernal"},"content":{"rendered":"\n<p>La intendenta de Quilmes, Mayra Mendoza, recorri\u00f3 en la noche del s\u00e1bado la 57\u00aa edici\u00f3n de los Fogones de Bernal, que se desarrollaron sobre las calles c\u00e9ntricas bernalenses y que contaron con la participaci\u00f3n de miles de vecinos y vecinas de distintas partes del distrito.<\/p>\n\n\n\n<p>Mayra agradeci\u00f3 a las instituciones por la organizaci\u00f3n y destac\u00f3 el valor de la vida en comunidad en \u201cesta hist\u00f3rica celebraci\u00f3n con los vecinos y vecinas\u201d.<\/p>\n\n\n\n<p>En la ocasi\u00f3n, la Jefa comunal visit\u00f3 los stands institucionales y fogones, y en di\u00e1logo con los presentes destacaron el trabajo en conjunto que realiz\u00f3 la Comuna con los Bomberos Voluntarios de Bernal y las instituciones de la zona para que la organizaci\u00f3n sea un \u00e9xito de convocatoria, tradici\u00f3n, alegr\u00eda y solidaridad.<\/p>\n\n\n\n<p>Los miles de asistentes que fueron parte de esta tradicional celebraci\u00f3n pudieron disfrutar de m\u00e1s de 50 puestos de comida t\u00edpica con precios populares, artesan\u00edas, juegos y espect\u00e1culos art\u00edsticos de diversos g\u00e9neros. Los fogones y los stands estuvieron ubicados sobre las avenidas Zapiola, entre Rawson y 26 de Julio, y en Belgrano, desde Zapiola hasta Lamadrid.<\/p>\n\n\n\n<p>En este sentido, Eugenia Abasolo, del Movimiento de Exploradores del Colegio Don Bosco, cont\u00f3: \u201cDesde que soy muy chica me encanta venir a los fogones porque re\u00fane todo lo que hay en Bernal y se disfruta. Es un d\u00eda muy lindo que nos ayuda a todos. La organizaci\u00f3n es muy buena, muy bien sectorizado todo y hay mucha ayuda entre todos los puestos\u201d. A su vez, Silvia Jove, vecina de Ezpeleta, se\u00f1al\u00f3: \u201cEs la segunda vez que venimos con mi marido, nos encant\u00f3. Es muy bueno que contin\u00fae la tradici\u00f3n, es una linda forma de atraer a los m\u00e1s j\u00f3venes. Est\u00e1 muy bien organizado\u201d.<\/p>\n\n\n\n<p>En tanto, Luna Zanahoria, de Don Bosco: \u201cHace 3 a\u00f1os que venimos con mis amigos. Vinimos a pasar el rato, a comer y a disfrutar. Se respeta mucho la tradici\u00f3n en Bernal y Don Bosco, se ayudan entre todos. Es muy bueno eso\u201d. Y Paula Trotta, de Bernal, finaliz\u00f3: \u201cLo vivimos como un momento en familia. Est\u00e1 bueno que todos tengan su aporte y ese espacio en comunidad que se genera alrededor de los fogones\u201d.<\/p>\n\n\n\n<p>En la actividad hubo 18 fogones de instituciones como Centro Cultural Alimento para el Alma; Grupo Scout \u201cPadre Caggiano\u201d SAAC; Centro Cultural Guarn\u00ed JA Flores; Colegio CIMDIP &amp; Miguel Can\u00e9; Escuela de la Aurora; Exploradores de Don Bosco Batall\u00f3n 6; Bomberos Voluntarios de Bernal; Centro Tradicionalista Cruz del Sur; Centro Tradicionalista El Palenque de la Ribera de Bernal; Centro Tradicionalista Rinconada Pampa; Ballet Retumbo Argentino; Grupo Scout El Ni\u00f1o de Bel\u00e9n; Scout N\u00ba 487 Exaltaci\u00f3n de la Cruz; Uni\u00f3n Genovesa Madonna della Guardia; C\u00e1ritas Argentina; Movimiento de Cursillo de Cristiandad; Ser Animal, y Club Los Cooperarios.<\/p>\n\n\n\n<p>Y adem\u00e1s estuvieron presentes otras 13 instituciones con stands: Centro de Veteranos de Guerra Malvinas de Quilmes; Pancitas Llenas; Adopciones Quilmes; Sanatorio Bernal \/ Saber Salud; Fundaci\u00f3n Padre Luis Farinello y Grupo Scout Padre Luis; Club de Rugby Don Bosco; Jardines de Infantes Municipales; Exploradoras Mar\u00eda Auxiliadora; Colegio Monse\u00f1or Esandi (Don Bosco); Grupo Scout \u201cPadre Caggiano\u201d USCA; Grupo Scout Nuestra Se\u00f1ora de la Medalla Milagrosa; Club Vladimiro Maiacovski, y Pasi\u00f3n por Autos Especiales.<\/p>\n","protected":false},"excerpt":{"rendered":"<p>La intendenta de Quilmes, Mayra Mendoza, recorri\u00f3 en la noche del s\u00e1bado la 57\u00aa edici\u00f3n de los Fogones de Bernal, que se desarrollaron sobre las calles c\u00e9ntricas bernalenses y que&hellip;<\/p>\n","protected":false},"author":3,"featured_media":7262,"comment_status":"closed","ping_status":"closed","sticky":false,"template":"","format":"standard","meta":{"footnotes":""},"categories":[4,9],"tags":[],"class_list":["post-7261","post","type-post","status-publish","format-standard","has-post-thumbnail","hentry","category-destacados","category-informacion-general"],"rttpg_featured_image_url":{"full":["https:\/\/magazineweb.com.ar\/wp-content\/uploads\/2024\/09\/thumbnail_fg-3.jpg",720,479,false],"landscape":["https:\/\/magazineweb.com.ar\/wp-content\/uploads\/2024\/09\/thumbnail_fg-3.jpg",720,479,false],"portraits":["https:\/\/magazineweb.com.ar\/wp-content\/uploads\/2024\/09\/thumbnail_fg-3.jpg",720,479,false],"thumbnail":["https:\/\/magazineweb.com.ar\/wp-content\/uploads\/2024\/09\/thumbnail_fg-3-150x150.jpg",150,150,true],"medium":["https:\/\/magazineweb.com.ar\/wp-content\/uploads\/2024\/09\/thumbnail_fg-3-300x200.jpg",300,200,true],"large":["https:\/\/magazineweb.com.ar\/wp-content\/uploads\/2024\/09\/thumbnail_fg-3.jpg",720,479,false],"1536x1536":["https:\/\/magazineweb.com.ar\/wp-content\/uploads\/2024\/09\/thumbnail_fg-3.jpg",720,479,false],"2048x2048":["https:\/\/magazineweb.com.ar\/wp-content\/uploads\/2024\/09\/thumbnail_fg-3.jpg",720,479,false],"ultp_layout_landscape_large":["https:\/\/magazineweb.com.ar\/wp-content\/uploads\/2024\/09\/thumbnail_fg-3.jpg",720,479,false],"ultp_layout_landscape":["https:\/\/magazineweb.com.ar\/wp-content\/uploads\/2024\/09\/thumbnail_fg-3.jpg",720,479,false],"ultp_layout_portrait":["https:\/\/magazineweb.com.ar\/wp-content\/uploads\/2024\/09\/thumbnail_fg-3-600x479.jpg",600,479,true],"ultp_layout_square":["https:\/\/magazineweb.com.ar\/wp-content\/uploads\/2024\/09\/thumbnail_fg-3-600x479.jpg",600,479,true]},"rttpg_author":{"display_name":"Redacci\u00f3n Magazine Web","author_link":"https:\/\/magazineweb.com.ar\/?author=3"},"rttpg_comment":0,"rttpg_category":"<a href=\"https:\/\/magazineweb.com.ar\/?cat=4\" rel=\"category\">Destacados<\/a> <a href=\"https:\/\/magazineweb.com.ar\/?cat=9\" rel=\"category\">Informaci\u00f3n General<\/a>","rttpg_excerpt":"La intendenta de Quilmes, Mayra Mendoza, recorri\u00f3 en la noche del s\u00e1bado la 57\u00aa edici\u00f3n de los Fogones de Bernal, que se desarrollaron sobre las calles c\u00e9ntricas bernalenses y que&hellip;","_links":{"self":[{"href":"https:\/\/magazineweb.com.ar\/index.php?rest_route=\/wp\/v2\/posts\/7261","targetHints":{"allow":["GET"]}}],"collection":[{"href":"https:\/\/magazineweb.com.ar\/index.php?rest_route=\/wp\/v2\/posts"}],"about":[{"href":"https:\/\/magazineweb.com.ar\/index.php?rest_route=\/wp\/v2\/types\/post"}],"author":[{"embeddable":true,"href":"https:\/\/magazineweb.com.ar\/index.php?rest_route=\/wp\/v2\/users\/3"}],"replies":[{"embeddable":true,"href":"https:\/\/magazineweb.com.ar\/index.php?rest_route=%2Fwp%2Fv2%2Fcomments&post=7261"}],"version-history":[{"count":1,"href":"https:\/\/magazineweb.com.ar\/index.php?rest_route=\/wp\/v2\/posts\/7261\/revisions"}],"predecessor-version":[{"id":7263,"href":"https:\/\/magazineweb.com.ar\/index.php?rest_route=\/wp\/v2\/posts\/7261\/revisions\/7263"}],"wp:featuredmedia":[{"embeddable":true,"href":"https:\/\/magazineweb.com.ar\/index.php?rest_route=\/wp\/v2\/media\/7262"}],"wp:attachment":[{"href":"https:\/\/magazineweb.com.ar\/index.php?rest_route=%2Fwp%2Fv2%2Fmedia&parent=7261"}],"wp:term":[{"taxonomy":"category","embeddable":true,"href":"https:\/\/magazineweb.com.ar\/index.php?rest_route=%2Fwp%2Fv2%2Fcategories&post=7261"},{"taxonomy":"post_tag","embeddable":true,"href":"https:\/\/magazineweb.com.ar\/index.php?rest_route=%2Fwp%2Fv2%2Ftags&post=7261"}],"curies":[{"name":"wp","href":"https:\/\/api.w.org\/{rel}","templated":true}]}}