{"id":7264,"date":"2024-09-09T01:09:00","date_gmt":"2024-09-09T04:09:00","guid":{"rendered":"https:\/\/magazineweb.com.ar\/?p=7264"},"modified":"2024-09-08T15:59:40","modified_gmt":"2024-09-08T18:59:40","slug":"las-ventas-minoristas-pymes-cayeron-105-por-ciento-interanual-en-agosto","status":"publish","type":"post","link":"https:\/\/magazineweb.com.ar\/?p=7264","title":{"rendered":"Las ventas minoristas pymes cayeron 10,5 por ciento interanual en agosto"},"content":{"rendered":"\n<p>Las ventas minoristas pymes bajaron un 10,5 por ciento interanual en agosto, a precios constantes, y acumulan un descenso de 16,2 por ciento en los primeros ocho meses del a\u00f1o, seg\u00fan un relevamiento de la Confederaci\u00f3n Argentina de la Mediana Empresa (CAME).<\/p>\n\n\n\n<p>Asimismo, seg\u00fan el informe d ela entidad, en la comparaci\u00f3n mensual desestacionalizada, retrocedieron 1,6 por ciento.<\/p>\n\n\n\n<p>\u00abLa actividad comercial minorista de las pymes mantiene una marcada tendencia descendente a pesar de la mayor oferta de financiamiento y el incipiente resurgimiento de cr\u00e9ditos personales\u00bb, indic\u00f3 la CAME.<\/p>\n\n\n\n<p>Y a\u00f1adi\u00f3: \u00abLos rechazos en las compras con tarjetas de cr\u00e9dito por falta de <code>l\u00edmite<\/code> fue otra de las caracter\u00edsticas destacables de la actividad comercial este mes\u00bb.<\/p>\n\n\n\n<p>En el an\u00e1lisis por rubro, los siete sectores evaluados tuvieron disminuciones en comparaci\u00f3n con el mismo per\u00edodo del a\u00f1o anterior.<\/p>\n\n\n\n<p>As\u00ed surge del \u00cdndice de Ventas Minoristas Pymes de la CAME, elaborado en base a un relevamiento mensual entre 1.300 comercios minoristas del pa\u00eds, realizado del 2 y 6 de agosto.<\/p>\n\n\n\n<p>Durante el mes pasado, los siete rubros relevados registraron ca\u00eddas interanuales en sus ventas. La mayor retracci\u00f3n anual se detect\u00f3 en Perfumer\u00edas (-29,3%), seguido por Farmacias (-17,4%).<\/p>\n\n\n\n<p>En tanto, en el acumulado del a\u00f1o, la mayor baja la llevan tambi\u00e9n Perfumer\u00edas (-32,1%) y Farmacias (-27,8%).<\/p>\n\n\n\n<p>An\u00e1lisis de cada rubro<br>-Alimentos y bebidas: las ventas disminuyeron un 11,8% anual en agosto, a precios constantes y acumulan una baja de 20,5% en los primeros ocho meses del a\u00f1o, frente al mismo periodo de 2023. En la comparaci\u00f3n intermensual, descendieron 1,8%. Fue un mes dif\u00edcil para el comercio que en los grandes centros de consumo debi\u00f3 competir con ofertas muy agresivas lanzadas por las principales cadenas de hipermercados, que se deshicieron de stocks con prontas fechas de vencimiento.<\/p>\n\n\n\n<p>-Bazar, decoraci\u00f3n, textiles para el hogar y muebles: las ventas declinaron un 9,3% anual, siempre a precios constantes, y llevan un retroceso del 16,5% en los primeros ocho meses, en<br>relaci\u00f3n con el mismo periodo de 2023. En la comparaci\u00f3n intermensual se retrajeron 0,4%. Desde las tiendas se manifestaron con mucha preocupaci\u00f3n porque la actividad no repunta y los gastos operativos crecieron semana a semana.<\/p>\n\n\n\n<p>-Calzado y marroquiner\u00eda: la actividad tuvo una baja del 5,4% anual en agosto y acumula una ca\u00edda de 10,8% en los primeros ocho meses del 2023, siempre comparado al mismo periodo del a\u00f1o pasado. En el contraste intermensual cay\u00f3 1,2%. El D\u00eda del Ni\u00f1o activ\u00f3 la venta durante unas jornadas y luego el consumo se planch\u00f3 de nuevo. En los locales consultados se coment\u00f3 que incluso las liquidaciones deb\u00edan ser muy fuertes para despertar inter\u00e9s.<\/p>\n\n\n\n<p>-Farmacia: las ventas se retrajeron 17,4%, a precios constantes, y suman un declive de 27,8% en los primeros ocho meses del a\u00f1o, contra igual periodo de 2023. En la comparaci\u00f3n<br>intermensual, descendieron 1,9%. Desde las farmacias se\u00f1alaron que en agosto los precios de los medicamentos continuaron subiendo de manera significativa complicando la venta.<\/p>\n\n\n\n<p>-Perfumer\u00eda: el descenso fue del 29,3% a precios constantes, para acumular una ca\u00edda de 32,1% en los primeros ocho meses, con relaci\u00f3n al mismo periodo de 2023. En la comparaci\u00f3n intermensual, la merma fue de 2,8%. El rubro viene muy comprometido por incluir mayormente productos que no son imprescindibles. En las perfumer\u00edas consultadas se expres\u00f3 que, en el caso de los productos para cuidado personal, se nota que la gente dosifica m\u00e1s y trata de espaciar la compra entre producto y producto.<\/p>\n\n\n\n<p>-Ferreter\u00eda, materiales el\u00e9ctricos y materiales de la construcci\u00f3n: un retroceso del 6,4% en agosto con un descenso de 17,6% en los primeros ocho meses, contra los mismos del pasado a\u00f1o. En la comparaci\u00f3n intermensual, bajaron 0,4%. Hubo algo m\u00e1s de movimiento en el sector, especialmente en el rubro ferreter\u00eda y materiales para la construcci\u00f3n, donde se activaron obras grandes y peque\u00f1as, not\u00e1ndose m\u00e1s cantidad de compras que en julio, pero por montos m\u00e1s chicos.<\/p>\n\n\n\n<p>-Textil e indumentaria: las ventas disminuyeron 8% anual en agosto, a precios constantes, pero a\u00fan acumulan un incremento de 2,1% en los primeros ocho meses del a\u00f1o frente al mismo periodo de 2023. En el contraste intermensual, declinaron 2,6%. Hubo muchos descensos de precios, especialmente en la ropa de marca, y liquidaciones con descuento de hasta 60% que empujaron la venta.<\/p>\n","protected":false},"excerpt":{"rendered":"<p>Las ventas minoristas pymes bajaron un 10,5 por ciento interanual en agosto, a precios constantes, y acumulan un descenso de 16,2 por ciento en los primeros ocho meses del a\u00f1o,&hellip;<\/p>\n","protected":false},"author":3,"featured_media":7265,"comment_status":"closed","ping_status":"closed","sticky":false,"template":"","format":"standard","meta":{"footnotes":""},"categories":[5],"tags":[],"class_list":["post-7264","post","type-post","status-publish","format-standard","has-post-thumbnail","hentry","category-economia"],"rttpg_featured_image_url":{"full":["https:\/\/magazineweb.com.ar\/wp-content\/uploads\/2024\/09\/ventas-2jpg.webp",1200,675,false],"landscape":["https:\/\/magazineweb.com.ar\/wp-content\/uploads\/2024\/09\/ventas-2jpg.webp",1200,675,false],"portraits":["https:\/\/magazineweb.com.ar\/wp-content\/uploads\/2024\/09\/ventas-2jpg.webp",1200,675,false],"thumbnail":["https:\/\/magazineweb.com.ar\/wp-content\/uploads\/2024\/09\/ventas-2jpg-150x150.webp",150,150,true],"medium":["https:\/\/magazineweb.com.ar\/wp-content\/uploads\/2024\/09\/ventas-2jpg-300x169.webp",300,169,true],"large":["https:\/\/magazineweb.com.ar\/wp-content\/uploads\/2024\/09\/ventas-2jpg-1024x576.webp",1024,576,true],"1536x1536":["https:\/\/magazineweb.com.ar\/wp-content\/uploads\/2024\/09\/ventas-2jpg.webp",1200,675,false],"2048x2048":["https:\/\/magazineweb.com.ar\/wp-content\/uploads\/2024\/09\/ventas-2jpg.webp",1200,675,false],"ultp_layout_landscape_large":["https:\/\/magazineweb.com.ar\/wp-content\/uploads\/2024\/09\/ventas-2jpg.webp",1200,675,false],"ultp_layout_landscape":["https:\/\/magazineweb.com.ar\/wp-content\/uploads\/2024\/09\/ventas-2jpg-870x570.webp",870,570,true],"ultp_layout_portrait":["https:\/\/magazineweb.com.ar\/wp-content\/uploads\/2024\/09\/ventas-2jpg-600x675.webp",600,675,true],"ultp_layout_square":["https:\/\/magazineweb.com.ar\/wp-content\/uploads\/2024\/09\/ventas-2jpg-600x600.webp",600,600,true]},"rttpg_author":{"display_name":"Redacci\u00f3n Magazine Web","author_link":"https:\/\/magazineweb.com.ar\/?author=3"},"rttpg_comment":0,"rttpg_category":"<a href=\"https:\/\/magazineweb.com.ar\/?cat=5\" rel=\"category\">Econom\u00eda<\/a>","rttpg_excerpt":"Las ventas minoristas pymes bajaron un 10,5 por ciento interanual en agosto, a precios constantes, y acumulan un descenso de 16,2 por ciento en los primeros ocho meses del a\u00f1o,&hellip;","_links":{"self":[{"href":"https:\/\/magazineweb.com.ar\/index.php?rest_route=\/wp\/v2\/posts\/7264","targetHints":{"allow":["GET"]}}],"collection":[{"href":"https:\/\/magazineweb.com.ar\/index.php?rest_route=\/wp\/v2\/posts"}],"about":[{"href":"https:\/\/magazineweb.com.ar\/index.php?rest_route=\/wp\/v2\/types\/post"}],"author":[{"embeddable":true,"href":"https:\/\/magazineweb.com.ar\/index.php?rest_route=\/wp\/v2\/users\/3"}],"replies":[{"embeddable":true,"href":"https:\/\/magazineweb.com.ar\/index.php?rest_route=%2Fwp%2Fv2%2Fcomments&post=7264"}],"version-history":[{"count":1,"href":"https:\/\/magazineweb.com.ar\/index.php?rest_route=\/wp\/v2\/posts\/7264\/revisions"}],"predecessor-version":[{"id":7266,"href":"https:\/\/magazineweb.com.ar\/index.php?rest_route=\/wp\/v2\/posts\/7264\/revisions\/7266"}],"wp:featuredmedia":[{"embeddable":true,"href":"https:\/\/magazineweb.com.ar\/index.php?rest_route=\/wp\/v2\/media\/7265"}],"wp:attachment":[{"href":"https:\/\/magazineweb.com.ar\/index.php?rest_route=%2Fwp%2Fv2%2Fmedia&parent=7264"}],"wp:term":[{"taxonomy":"category","embeddable":true,"href":"https:\/\/magazineweb.com.ar\/index.php?rest_route=%2Fwp%2Fv2%2Fcategories&post=7264"},{"taxonomy":"post_tag","embeddable":true,"href":"https:\/\/magazineweb.com.ar\/index.php?rest_route=%2Fwp%2Fv2%2Ftags&post=7264"}],"curies":[{"name":"wp","href":"https:\/\/api.w.org\/{rel}","templated":true}]}}