{"id":7267,"date":"2024-09-09T01:07:00","date_gmt":"2024-09-09T04:07:00","guid":{"rendered":"https:\/\/magazineweb.com.ar\/?p=7267"},"modified":"2024-09-08T16:08:41","modified_gmt":"2024-09-08T19:08:41","slug":"primera-jornada-de-la-expo-igualdad-bonaerense","status":"publish","type":"post","link":"https:\/\/magazineweb.com.ar\/?p=7267","title":{"rendered":"Primera jornada de la Expo Igualdad Bonaerense"},"content":{"rendered":"\n<p>M\u00e1s de 5000 personas participaron en la primera jornada de la Expo Igualdad Bonaerense, el encuentro de productoras y productores de la provincia de Buenos Aires organizado por el Ministerio de Mujeres y Diversidad, Expo@dise\u00f1o, Banco Provincia, Expo Mujer Saludable y Mercados Bonaerenses que continuar\u00e1 ma\u00f1ana, domingo 8, en el Estadio \u00danico Diego Armando Maradona de la ciudad de La Plata. El evento tambi\u00e9n cont\u00f3 con la visita del gobernador Axel Kicillof junto a su familia.&nbsp;<\/p>\n\n\n\n<p>El acto de apertura fue encabezado por la ministra Estela D\u00edaz; el ministro de Gobierno, Carlos Bianco; la directora ejecutiva del Organismo Provincial de Contrataciones, Mar\u00eda Victoria Anadon; el intendente del municipio de Ensenada, Mario Secco; la directora de Expo@dise\u00f1o, Bel\u00e9n Paoli; y la directora de Expo Mujer Saludable, Fabiana Marmissolle.&nbsp;<\/p>\n\n\n\n<p>En este marco, Estela D\u00edaz expres\u00f3: \u201cLlamamos a este encuentro para fortalecer la trama productiva y del trabajo de la provincia de Buenos Aires porque tenemos la convicci\u00f3n de que la alianza virtuosa entre lo p\u00fablico y lo privado genera oportunidades, favorece la promoci\u00f3n y acerca a derechos\u201d.&nbsp;<\/p>\n\n\n\n<p>La jornada comenz\u00f3 al mediod\u00eda con la presencia de productoras y productores de toda la Provincia que comercializaron sus productos en los puestos de Mercados Bonaerenses, el programa del Ministerio de Desarrollo Agrario que promueve la producci\u00f3n y el consumo de alimentos locales y regionales.&nbsp;<\/p>\n\n\n\n<p>En el interior del Estadio se desarroll\u00f3 la Feria Expo@dise\u00f1o, que reuni\u00f3 a m\u00e1s de 90 emprendimientos de indumentaria para todas las edades, calzado, decoraci\u00f3n, accesorios, textiles, marroquiner\u00eda, joyer\u00eda, cester\u00eda, entre muchos otros.&nbsp;<\/p>\n\n\n\n<p>Tambi\u00e9n participaron las \u00e1reas de g\u00e9nero de ministerios y organismos provinciales, quienes brindaron informaci\u00f3n sobre sus servicios y pol\u00edticas y realizaron diferentes actividades l\u00fadicas.&nbsp;<\/p>\n\n\n\n<p>Estuvieron presentes: Ministerio de Salud, Ministerio de Trabajo, Ministerio de Ambiente, Ministerio de Desarrollo de la Comunidad, Ministerio de Desarrollo Agrario, Ministerio de Producci\u00f3n, Ciencia e Innovaci\u00f3n Tecnol\u00f3gica, Ministerio de Justicia y Derechos Humanos, Ministerio de Econom\u00eda, Instituto Cultural, Direcci\u00f3n General de Cultura y Educaci\u00f3n, Organismo Provincial de Integraci\u00f3n Social y Urbana, Organismo Provincial de Ni\u00f1ez y Adolescencia, Direcci\u00f3n de Mujeres, G\u00e9neros y Diversidades de la C\u00e1mara de Senadores de la provincia de Buenos Aires, ARBA, IOMA y Astilleros R\u00edo Santiago.&nbsp;<\/p>\n\n\n\n<p>En el marco del programa \u201cNosotras Producimos\u201d del Ministerio de Mujeres y Diversidad, se desarrollaron diferentes rondas de intercambio productivo que reunieron a referentas e integrantes de empresas, sindicatos, cooperativistas, mutuales, universidades y emprendedoras, quienes compartieron sus experiencias en relaci\u00f3n a los rubros textil, construcci\u00f3n, alimentaci\u00f3n, econom\u00eda circular y cuidados.&nbsp;<\/p>\n\n\n\n<p>En paralelo, tuvieron lugar las charlas organizadas por Expo Mujer Saludable en las que tambi\u00e9n participaron equipos del Ministerio de Salud y profesionales del Hospital Italiano La Plata y de la Cl\u00ednica Breast. En este marco, compartieron informaci\u00f3n para promover el acceso a la salud integral sobre tem\u00e1ticas como nutrici\u00f3n, deporte, prevenci\u00f3n del c\u00e1ncer de mama, salud reproductiva y no reproductiva. Las participantes tambi\u00e9n recibieron copas menstruales entregadas por el equipo del programa \u201cTramando Derechos\u201d de nuestro Ministerio.<\/p>\n\n\n\n<p>Hacia el final de la tarde se realiz\u00f3 el cierre musical que estuvo a cargo de DJ Hormiga, Las Bermudas e Ibiza Pareo.&nbsp;<\/p>\n\n\n\n<p>Las y los visitantes aprovecharon los descuentos disponibles en Cuenta DNI en los diferentes sectores de feria y gastronom\u00eda. Tambi\u00e9n se podr\u00e1n aprovechar ma\u00f1ana, domingo 8, en la segunda jornada de la Expo Igualdad Bonaerense.&nbsp;<\/p>\n\n\n\n<p>Este encuentro busca fortalecer las alianzas entre las y los distintos protagonistas de las cadenas de producci\u00f3n local, para garantizar de manera integral un nodo productivo en clave de g\u00e9nero, abonando a la igualdad y al fortalecimiento de la comunidad bonaerense.&nbsp;<\/p>\n","protected":false},"excerpt":{"rendered":"<p>M\u00e1s de 5000 personas participaron en la primera jornada de la Expo Igualdad Bonaerense, el encuentro de productoras y productores de la provincia de Buenos Aires organizado por el Ministerio&hellip;<\/p>\n","protected":false},"author":3,"featured_media":7268,"comment_status":"closed","ping_status":"closed","sticky":false,"template":"","format":"standard","meta":{"footnotes":""},"categories":[9],"tags":[],"class_list":["post-7267","post","type-post","status-publish","format-standard","has-post-thumbnail","hentry","category-informacion-general"],"rttpg_featured_image_url":{"full":["https:\/\/magazineweb.com.ar\/wp-content\/uploads\/2024\/09\/portico.jpg",550,367,false],"landscape":["https:\/\/magazineweb.com.ar\/wp-content\/uploads\/2024\/09\/portico.jpg",550,367,false],"portraits":["https:\/\/magazineweb.com.ar\/wp-content\/uploads\/2024\/09\/portico.jpg",550,367,false],"thumbnail":["https:\/\/magazineweb.com.ar\/wp-content\/uploads\/2024\/09\/portico-150x150.jpg",150,150,true],"medium":["https:\/\/magazineweb.com.ar\/wp-content\/uploads\/2024\/09\/portico-300x200.jpg",300,200,true],"large":["https:\/\/magazineweb.com.ar\/wp-content\/uploads\/2024\/09\/portico.jpg",550,367,false],"1536x1536":["https:\/\/magazineweb.com.ar\/wp-content\/uploads\/2024\/09\/portico.jpg",550,367,false],"2048x2048":["https:\/\/magazineweb.com.ar\/wp-content\/uploads\/2024\/09\/portico.jpg",550,367,false],"ultp_layout_landscape_large":["https:\/\/magazineweb.com.ar\/wp-content\/uploads\/2024\/09\/portico.jpg",550,367,false],"ultp_layout_landscape":["https:\/\/magazineweb.com.ar\/wp-content\/uploads\/2024\/09\/portico.jpg",550,367,false],"ultp_layout_portrait":["https:\/\/magazineweb.com.ar\/wp-content\/uploads\/2024\/09\/portico.jpg",550,367,false],"ultp_layout_square":["https:\/\/magazineweb.com.ar\/wp-content\/uploads\/2024\/09\/portico.jpg",550,367,false]},"rttpg_author":{"display_name":"Redacci\u00f3n Magazine Web","author_link":"https:\/\/magazineweb.com.ar\/?author=3"},"rttpg_comment":0,"rttpg_category":"<a href=\"https:\/\/magazineweb.com.ar\/?cat=9\" rel=\"category\">Informaci\u00f3n General<\/a>","rttpg_excerpt":"M\u00e1s de 5000 personas participaron en la primera jornada de la Expo Igualdad Bonaerense, el encuentro de productoras y productores de la provincia de Buenos Aires organizado por el Ministerio&hellip;","_links":{"self":[{"href":"https:\/\/magazineweb.com.ar\/index.php?rest_route=\/wp\/v2\/posts\/7267","targetHints":{"allow":["GET"]}}],"collection":[{"href":"https:\/\/magazineweb.com.ar\/index.php?rest_route=\/wp\/v2\/posts"}],"about":[{"href":"https:\/\/magazineweb.com.ar\/index.php?rest_route=\/wp\/v2\/types\/post"}],"author":[{"embeddable":true,"href":"https:\/\/magazineweb.com.ar\/index.php?rest_route=\/wp\/v2\/users\/3"}],"replies":[{"embeddable":true,"href":"https:\/\/magazineweb.com.ar\/index.php?rest_route=%2Fwp%2Fv2%2Fcomments&post=7267"}],"version-history":[{"count":1,"href":"https:\/\/magazineweb.com.ar\/index.php?rest_route=\/wp\/v2\/posts\/7267\/revisions"}],"predecessor-version":[{"id":7269,"href":"https:\/\/magazineweb.com.ar\/index.php?rest_route=\/wp\/v2\/posts\/7267\/revisions\/7269"}],"wp:featuredmedia":[{"embeddable":true,"href":"https:\/\/magazineweb.com.ar\/index.php?rest_route=\/wp\/v2\/media\/7268"}],"wp:attachment":[{"href":"https:\/\/magazineweb.com.ar\/index.php?rest_route=%2Fwp%2Fv2%2Fmedia&parent=7267"}],"wp:term":[{"taxonomy":"category","embeddable":true,"href":"https:\/\/magazineweb.com.ar\/index.php?rest_route=%2Fwp%2Fv2%2Fcategories&post=7267"},{"taxonomy":"post_tag","embeddable":true,"href":"https:\/\/magazineweb.com.ar\/index.php?rest_route=%2Fwp%2Fv2%2Ftags&post=7267"}],"curies":[{"name":"wp","href":"https:\/\/api.w.org\/{rel}","templated":true}]}}