{"id":7287,"date":"2024-09-19T18:09:12","date_gmt":"2024-09-19T21:09:12","guid":{"rendered":"https:\/\/magazineweb.com.ar\/?p=7287"},"modified":"2024-09-19T18:11:30","modified_gmt":"2024-09-19T21:11:30","slug":"siguen-adelante-las-inscripciones-para-la-semana-de-las-artes-en-la-emba-carlos-morel","status":"publish","type":"post","link":"https:\/\/magazineweb.com.ar\/?p=7287","title":{"rendered":"Siguen adelante las inscripciones para la semana de las artes en la EMBA Carlos Morel"},"content":{"rendered":"\n<p>El Municipio de Quilmes invita a la comunidad a participar de manera gratuita de la Semana de las Artes, que se desarrollar\u00e1 desde el lunes 16 hasta el viernes 20 de septiembre, en la Escuela Municipal de Bellas Artes (EMBA) Carlos Morel, ubicada en la calle Sarmiento 625, en el centro de la ciudad.<\/p>\n\n\n\n<p>Durante la misma, se llevar\u00e1n adelante m\u00e1s de 200 actividades art\u00edsticas, incluyendo talleres, obras, conciertos, charlas y conversatorios. Todos los eventos son sin costos y abiertos a la comunidad.<\/p>\n\n\n\n<p>La inscripci\u00f3n estar\u00e1 abierta hasta el lunes 9 de septiembre. Para inscribirse y consultar todas las actividades disponibles, los interesados deben ingresar a:&nbsp;<a rel=\"noreferrer noopener\" target=\"_blank\" href=\"http:\/\/emba.quilmes.gov.ar\/\">emba.quilmes.gov.ar<\/a>. Para m\u00e1s informaci\u00f3n, escribir al Email:&nbsp;<a href=\"mailto:info@emba.quilmes.gov.ar\">info@emba.quilmes.gov.ar<\/a><\/p>\n\n\n\n<p>Cronograma 2024 de los Talleres de la Semana de las Artes (todos los links est\u00e1n habilitados). Inscripciones:<br>-Talleres d\u00eda lunes:&nbsp;<a rel=\"noreferrer noopener\" target=\"_blank\" href=\"https:\/\/forms.gle\/iDxCvEzfEBrbFSaZ9\">https:\/\/forms.gle\/iDxCvEzfEBrbFSaZ9<\/a><br>-Talleres d\u00eda martes:&nbsp;<a rel=\"noreferrer noopener\" target=\"_blank\" href=\"https:\/\/forms.gle\/h6FiWHrhaLNvLvBB9\">https:\/\/forms.gle\/h6FiWHrhaLNvLvBB9<\/a><br>-Talleres d\u00eda mi\u00e9rcoles:&nbsp;<a rel=\"noreferrer noopener\" target=\"_blank\" href=\"https:\/\/forms.gle\/iEZSZZ5jowZ7uDbz7\">https:\/\/forms.gle\/iEZSZZ5jowZ7uDbz7<\/a><br>-Talleres d\u00eda jueves:&nbsp;<a rel=\"noreferrer noopener\" target=\"_blank\" href=\"https:\/\/forms.gle\/hqKoxi1vCdeQ5fhj8\">https:\/\/forms.gle\/hqKoxi1vCdeQ5fhj8<\/a><br>-Talleres d\u00eda viernes:&nbsp;<a rel=\"noreferrer noopener\" target=\"_blank\" href=\"https:\/\/forms.gle\/GVmpsWb7DLAzhKps7\">https:\/\/forms.gle\/GVmpsWb7DLAzhKps7<\/a><br><\/p>\n","protected":false},"excerpt":{"rendered":"<p>El Municipio de Quilmes invita a la comunidad a participar de manera gratuita de la Semana de las Artes, que se desarrollar\u00e1 desde el lunes 16 hasta el viernes 20&hellip;<\/p>\n","protected":false},"author":3,"featured_media":7288,"comment_status":"closed","ping_status":"closed","sticky":false,"template":"","format":"standard","meta":{"footnotes":""},"categories":[4,7],"tags":[],"class_list":["post-7287","post","type-post","status-publish","format-standard","has-post-thumbnail","hentry","category-destacados","category-espectaculos"],"rttpg_featured_image_url":{"full":["https:\/\/magazineweb.com.ar\/wp-content\/uploads\/2024\/09\/Inscripciones-EMBA.jpeg",1125,1406,false],"landscape":["https:\/\/magazineweb.com.ar\/wp-content\/uploads\/2024\/09\/Inscripciones-EMBA.jpeg",1125,1406,false],"portraits":["https:\/\/magazineweb.com.ar\/wp-content\/uploads\/2024\/09\/Inscripciones-EMBA.jpeg",1125,1406,false],"thumbnail":["https:\/\/magazineweb.com.ar\/wp-content\/uploads\/2024\/09\/Inscripciones-EMBA-150x150.jpeg",150,150,true],"medium":["https:\/\/magazineweb.com.ar\/wp-content\/uploads\/2024\/09\/Inscripciones-EMBA-240x300.jpeg",240,300,true],"large":["https:\/\/magazineweb.com.ar\/wp-content\/uploads\/2024\/09\/Inscripciones-EMBA-819x1024.jpeg",819,1024,true],"1536x1536":["https:\/\/magazineweb.com.ar\/wp-content\/uploads\/2024\/09\/Inscripciones-EMBA.jpeg",1125,1406,false],"2048x2048":["https:\/\/magazineweb.com.ar\/wp-content\/uploads\/2024\/09\/Inscripciones-EMBA.jpeg",1125,1406,false],"ultp_layout_landscape_large":["https:\/\/magazineweb.com.ar\/wp-content\/uploads\/2024\/09\/Inscripciones-EMBA-1125x800.jpeg",1125,800,true],"ultp_layout_landscape":["https:\/\/magazineweb.com.ar\/wp-content\/uploads\/2024\/09\/Inscripciones-EMBA-870x570.jpeg",870,570,true],"ultp_layout_portrait":["https:\/\/magazineweb.com.ar\/wp-content\/uploads\/2024\/09\/Inscripciones-EMBA-600x900.jpeg",600,900,true],"ultp_layout_square":["https:\/\/magazineweb.com.ar\/wp-content\/uploads\/2024\/09\/Inscripciones-EMBA-600x600.jpeg",600,600,true]},"rttpg_author":{"display_name":"Redacci\u00f3n Magazine Web","author_link":"https:\/\/magazineweb.com.ar\/?author=3"},"rttpg_comment":0,"rttpg_category":"<a href=\"https:\/\/magazineweb.com.ar\/?cat=4\" rel=\"category\">Destacados<\/a> <a href=\"https:\/\/magazineweb.com.ar\/?cat=7\" rel=\"category\">Espect\u00e1culos<\/a>","rttpg_excerpt":"El Municipio de Quilmes invita a la comunidad a participar de manera gratuita de la Semana de las Artes, que se desarrollar\u00e1 desde el lunes 16 hasta el viernes 20&hellip;","_links":{"self":[{"href":"https:\/\/magazineweb.com.ar\/index.php?rest_route=\/wp\/v2\/posts\/7287","targetHints":{"allow":["GET"]}}],"collection":[{"href":"https:\/\/magazineweb.com.ar\/index.php?rest_route=\/wp\/v2\/posts"}],"about":[{"href":"https:\/\/magazineweb.com.ar\/index.php?rest_route=\/wp\/v2\/types\/post"}],"author":[{"embeddable":true,"href":"https:\/\/magazineweb.com.ar\/index.php?rest_route=\/wp\/v2\/users\/3"}],"replies":[{"embeddable":true,"href":"https:\/\/magazineweb.com.ar\/index.php?rest_route=%2Fwp%2Fv2%2Fcomments&post=7287"}],"version-history":[{"count":1,"href":"https:\/\/magazineweb.com.ar\/index.php?rest_route=\/wp\/v2\/posts\/7287\/revisions"}],"predecessor-version":[{"id":7289,"href":"https:\/\/magazineweb.com.ar\/index.php?rest_route=\/wp\/v2\/posts\/7287\/revisions\/7289"}],"wp:featuredmedia":[{"embeddable":true,"href":"https:\/\/magazineweb.com.ar\/index.php?rest_route=\/wp\/v2\/media\/7288"}],"wp:attachment":[{"href":"https:\/\/magazineweb.com.ar\/index.php?rest_route=%2Fwp%2Fv2%2Fmedia&parent=7287"}],"wp:term":[{"taxonomy":"category","embeddable":true,"href":"https:\/\/magazineweb.com.ar\/index.php?rest_route=%2Fwp%2Fv2%2Fcategories&post=7287"},{"taxonomy":"post_tag","embeddable":true,"href":"https:\/\/magazineweb.com.ar\/index.php?rest_route=%2Fwp%2Fv2%2Ftags&post=7287"}],"curies":[{"name":"wp","href":"https:\/\/api.w.org\/{rel}","templated":true}]}}