{"id":7290,"date":"2024-09-09T01:09:00","date_gmt":"2024-09-09T04:09:00","guid":{"rendered":"https:\/\/magazineweb.com.ar\/?p=7290"},"modified":"2024-09-08T17:49:29","modified_gmt":"2024-09-08T20:49:29","slug":"7290","status":"publish","type":"post","link":"https:\/\/magazineweb.com.ar\/?p=7290","title":{"rendered":"La Di\u00f3cesis de Quilmes peregrin\u00f3 a Luj\u00e1n con una multitudinaria participaci\u00f3n"},"content":{"rendered":"\n<p>El domingo 08 de septiembre la Di\u00f3cesis de Quilmes llev\u00f3 a los pies de la Virgen de Luj\u00e1n sus intenciones y agradecimientos en peregrinaci\u00f3n. Con el lema&nbsp;<em>\u201cCon la Virgen, peregrinos de esperanza\u201d<\/em>, parafraseando el lema del a\u00f1o jubilar al que nos invita a vivir el Papa Francisco en 2025. Miles de fieles de las distintas comunidades de la di\u00f3cesis llenaron la plaza Belgrano, frente a la Bas\u00edlica de Luj\u00e1n, para celebrar con los obispos de Quilmes Carlos Tissera y Eduardo Redondo, el Padre Obispo Juan Carlos Roman\u00edn sdb, em\u00e9rito de R\u00edo Gallegos, sacerdotes y di\u00e1conos de la di\u00f3cesis.<\/p>\n\n\n\n<p>El sol acompa\u00f1\u00f3 toda la jornada de esta 46\u00aa peregrinaci\u00f3n diocesana. El Obispo de Quilmes Carlos Tissera hizo referencia a la jornada vivida con C\u00e1ritas Diocesana para celebrar el d\u00eda de la Solidaridad, el 03 de septiembre, que&nbsp;<em>\u00abfue una verdadera expresi\u00f3n de fraternidad y de homenaje a tantas y tantos que sirven con su trabajo a los m\u00e1s fr\u00e1giles y vulnerables; ni\u00f1os, j\u00f3venes, adolescentes y adultos mayores que no les alcanza para comer, desprotegidos, desamparados, sin trabajo, descartados por la sociedad. Ese d\u00eda hemos bendecido las ollas y cucharones de nuestros comedores y merenderos; tambi\u00e9n los instrumentos de trabajo y herramientas de hermanas y hermanos que en las organizaciones sociales hacen trabajos comunitarios, como modo de paliar la angustia de no tener un trabajo estable y registrado. Hombres y mujeres que d\u00eda a d\u00eda luchan por Tierra, Techo y Trabajo, que son derechos humanos sagrados\u00bb<\/em>.<\/p>\n\n\n\n<p>El obispo record\u00f3, adem\u00e1s, lo que la Comisi\u00f3n Ejecutiva de la Conferencia Episcopal Argentina pronuci\u00f3 en febrero, que&nbsp;<em>\u00abla comida no puede ser una variable de ajuste\u00bb<\/em>, y pidi\u00f3 a la Virgencita de Luj\u00e1n&nbsp;<em>\u00abpor los que trabajan por la justicia y la paz; por aquellos que se ponen al hombro la realidad de nuestros adolescentes y j\u00f3venes afectados por las adicciones; por los que acompa\u00f1an y ayudan a tantos migrantes que padecen discriminaci\u00f3n y malos tratos; rezamos por los que trabajan para construir la cultura del encuentro en diferentes niveles de la sociedad. Por los que luchan para que el centro de la vida de nuestro pueblo no sea la econom\u00eda o el dinero, las finanzas o las ambiciones personales de unos pocos, sino que el centro sea toda persona humana y su dignidad infinita\u00bb<\/em>.<\/p>\n\n\n\n<p>Monse\u00f1or Tissera anunci\u00f3 que&nbsp;<strong>en 2026<\/strong>&nbsp;se celebrar\u00e1 la&nbsp;<strong>Asamblea del Tercer S\u00ednodo Diocesano<\/strong>, y el festejo de las&nbsp;<strong>Bodas de Oro de la Di\u00f3cesis de Quilmes<\/strong>. Tambi\u00e9n mencion\u00f3 que este fin de semana la Iglesia Argentina realiza la Colecta \u00abM\u00e1s por Menos\u00bb e invit\u00f3 a que sea&nbsp;<em>\u00abun gesto concreto de solidaridad de los que m\u00e1s tienen con los m\u00e1s pobres\u00bb<\/em>, y record\u00f3 a los sacerdotes fallecidos Adri\u00e1n G\u00f3mez y Miguel Hrymacz.<\/p>\n\n\n\n<p>Tambi\u00e9n el Padre Obispo Tissera salud\u00f3 a los consagrados y consagradas en el d\u00eda del nacimiento de la Virgen:&nbsp;<em>\u00abhoy saludamos y agradecemos el regalo de la Vida Consagrada en nuestra Iglesia. A tantas mujeres y tantos hombres que respondieron generosamente al llamado de Jes\u00fas a consagrarse totalmente al servicio de su Reino\u00bb<\/em>.<\/p>\n\n\n\n<p>La fiesta diocesana continu\u00f3 en el predio de los maristas, donde se llev\u00f3 a cabo el almuerzo comunitario y, como cierre, se rez\u00f3 el Rosario y se hizo la bendici\u00f3n final. Durante toda la jornada se vivi\u00f3 un clima de alegr\u00eda y fiesta.<\/p>\n","protected":false},"excerpt":{"rendered":"<p>El domingo 08 de septiembre la Di\u00f3cesis de Quilmes llev\u00f3 a los pies de la Virgen de Luj\u00e1n sus intenciones y agradecimientos en peregrinaci\u00f3n. Con el lema&nbsp;\u201cCon la Virgen, peregrinos&hellip;<\/p>\n","protected":false},"author":3,"featured_media":7291,"comment_status":"closed","ping_status":"closed","sticky":false,"template":"","format":"standard","meta":{"footnotes":""},"categories":[9],"tags":[],"class_list":["post-7290","post","type-post","status-publish","format-standard","has-post-thumbnail","hentry","category-informacion-general"],"rttpg_featured_image_url":{"full":["https:\/\/magazineweb.com.ar\/wp-content\/uploads\/2024\/09\/diocesis.jpg",2048,1362,false],"landscape":["https:\/\/magazineweb.com.ar\/wp-content\/uploads\/2024\/09\/diocesis.jpg",2048,1362,false],"portraits":["https:\/\/magazineweb.com.ar\/wp-content\/uploads\/2024\/09\/diocesis.jpg",2048,1362,false],"thumbnail":["https:\/\/magazineweb.com.ar\/wp-content\/uploads\/2024\/09\/diocesis-150x150.jpg",150,150,true],"medium":["https:\/\/magazineweb.com.ar\/wp-content\/uploads\/2024\/09\/diocesis-300x200.jpg",300,200,true],"large":["https:\/\/magazineweb.com.ar\/wp-content\/uploads\/2024\/09\/diocesis-1024x681.jpg",1024,681,true],"1536x1536":["https:\/\/magazineweb.com.ar\/wp-content\/uploads\/2024\/09\/diocesis-1536x1022.jpg",1536,1022,true],"2048x2048":["https:\/\/magazineweb.com.ar\/wp-content\/uploads\/2024\/09\/diocesis.jpg",2048,1362,false],"ultp_layout_landscape_large":["https:\/\/magazineweb.com.ar\/wp-content\/uploads\/2024\/09\/diocesis-1200x800.jpg",1200,800,true],"ultp_layout_landscape":["https:\/\/magazineweb.com.ar\/wp-content\/uploads\/2024\/09\/diocesis-870x570.jpg",870,570,true],"ultp_layout_portrait":["https:\/\/magazineweb.com.ar\/wp-content\/uploads\/2024\/09\/diocesis-600x900.jpg",600,900,true],"ultp_layout_square":["https:\/\/magazineweb.com.ar\/wp-content\/uploads\/2024\/09\/diocesis-600x600.jpg",600,600,true]},"rttpg_author":{"display_name":"Redacci\u00f3n Magazine Web","author_link":"https:\/\/magazineweb.com.ar\/?author=3"},"rttpg_comment":0,"rttpg_category":"<a href=\"https:\/\/magazineweb.com.ar\/?cat=9\" rel=\"category\">Informaci\u00f3n General<\/a>","rttpg_excerpt":"El domingo 08 de septiembre la Di\u00f3cesis de Quilmes llev\u00f3 a los pies de la Virgen de Luj\u00e1n sus intenciones y agradecimientos en peregrinaci\u00f3n. Con el lema&nbsp;\u201cCon la Virgen, peregrinos&hellip;","_links":{"self":[{"href":"https:\/\/magazineweb.com.ar\/index.php?rest_route=\/wp\/v2\/posts\/7290","targetHints":{"allow":["GET"]}}],"collection":[{"href":"https:\/\/magazineweb.com.ar\/index.php?rest_route=\/wp\/v2\/posts"}],"about":[{"href":"https:\/\/magazineweb.com.ar\/index.php?rest_route=\/wp\/v2\/types\/post"}],"author":[{"embeddable":true,"href":"https:\/\/magazineweb.com.ar\/index.php?rest_route=\/wp\/v2\/users\/3"}],"replies":[{"embeddable":true,"href":"https:\/\/magazineweb.com.ar\/index.php?rest_route=%2Fwp%2Fv2%2Fcomments&post=7290"}],"version-history":[{"count":2,"href":"https:\/\/magazineweb.com.ar\/index.php?rest_route=\/wp\/v2\/posts\/7290\/revisions"}],"predecessor-version":[{"id":7293,"href":"https:\/\/magazineweb.com.ar\/index.php?rest_route=\/wp\/v2\/posts\/7290\/revisions\/7293"}],"wp:featuredmedia":[{"embeddable":true,"href":"https:\/\/magazineweb.com.ar\/index.php?rest_route=\/wp\/v2\/media\/7291"}],"wp:attachment":[{"href":"https:\/\/magazineweb.com.ar\/index.php?rest_route=%2Fwp%2Fv2%2Fmedia&parent=7290"}],"wp:term":[{"taxonomy":"category","embeddable":true,"href":"https:\/\/magazineweb.com.ar\/index.php?rest_route=%2Fwp%2Fv2%2Fcategories&post=7290"},{"taxonomy":"post_tag","embeddable":true,"href":"https:\/\/magazineweb.com.ar\/index.php?rest_route=%2Fwp%2Fv2%2Ftags&post=7290"}],"curies":[{"name":"wp","href":"https:\/\/api.w.org\/{rel}","templated":true}]}}