{"id":7294,"date":"2024-09-09T01:09:00","date_gmt":"2024-09-09T04:09:00","guid":{"rendered":"https:\/\/magazineweb.com.ar\/?p=7294"},"modified":"2024-09-08T17:53:51","modified_gmt":"2024-09-08T20:53:51","slug":"multitudinaria-28o-edicion-de-varela-matsuri","status":"publish","type":"post","link":"https:\/\/magazineweb.com.ar\/?p=7294","title":{"rendered":"Multitudinaria 28\u00ba edici\u00f3n de Varela Matsuri"},"content":{"rendered":"\n<p>Un inmejorable d\u00eda soleado acompa\u00f1\u00f3 al convocante evento organizado por la Asociaci\u00f3n Japonesa, en su predio ubicado en Av. Eva Per\u00f3n, donde llegaron miles de personas cautivadas por la cultura oriental: sabores, m\u00fasica, bailes, productos t\u00edpicos y exhibiciones art\u00edsticas conformaron la atractiva propuesta.<\/p>\n\n\n\n<p>\u201cFlorencio Varela constituy\u00f3 su identidad en la comuni\u00f3n de un crisol de pueblos que arribaron a estas tierras en b\u00fasqueda de trabajo y oportunidades\u201d, remarc\u00f3 el intendente Andr\u00e9s Watson tras recorrer algunos de los puestos.<\/p>\n\n\n\n<p>A pocos d\u00edas de la celebraci\u00f3n por el D\u00eda del Inmigrante, el Alcalde inst\u00f3 a \u201ccontinuar con un v\u00ednculo de respeto hacia todas las nacionalidades, nutrirnos de sus costumbres y valores\u201d.<\/p>\n\n\n\n<p>El c\u00f3nsul -Tomoyuki Yashima- breg\u00f3 por \u201cprofundizar los lazos entre la comunidad nikkei -emigrantes japoneses- y la poblaci\u00f3n local mediante este festival\u201d.&nbsp;<\/p>\n\n\n\n<p>El presidente de la instituci\u00f3n anfitriona -Fernando Uehara- destac\u00f3 \u201cel clima que colabor\u00f3 en una jornada espectacular\u201d. Resalt\u00f3 \u201cun Varela Matsuri cada vez m\u00e1s conocido y popular, al que acudieron visitantes de diferentes ciudades\u201d.<\/p>\n\n\n\n<p>Desde la zona del Cruce Varela, Alexa asisti\u00f3 caracterizada como Sailor Mars, uno de los personajes en la legendaria serie de manga y anim\u00e9. Asidua concurrente, confes\u00f3 su \u201cfascinaci\u00f3n\u201d con la iniciativa. \u201cHab\u00eda un ambiente muy agradable, los shows estuvieron muy lindos\u201d, rese\u00f1\u00f3.<\/p>\n\n\n\n<p>Fabricio viaj\u00f3 desde San Justo, interesado en \u201cuna experiencia gastron\u00f3mica diferente\u201d. Lo que encontr\u00f3, no lo defraud\u00f3. \u201cDescubrimos un mont\u00f3n de opciones distintas\u201d, asegur\u00f3. Luego de evaluar varias alternativas, las empanadas fueron el plato de su elecci\u00f3n.<\/p>\n\n\n\n<p>Victoria visti\u00f3 un kimono para la ocasi\u00f3n. De Berazategui, la mujer revel\u00f3 ser habitu\u00e9 del paseo \u201cpor m\u00e1s de diez a\u00f1os\u201d. En esta entrega, degust\u00f3 \u201cel udon, una sopa con fideos gruesos y tempura\u201d.<\/p>\n\n\n\n<p>Jorge present\u00f3 su stand \u201cBruno Kokedamas\u201d. Oriundo de Villa San Luis, describi\u00f3 su oferta de \u201cplantas de interior elaboradas en una t\u00e9cnica milenaria japonesa\u201d a trav\u00e9s de un procedimiento \u201camigable con el medioambiente por no utilizar qu\u00edmicos ni pl\u00e1sticos\u201d. \u201cMucha gente vino a pasear, sali\u00f3 a aprovechar la fecha\u201d, cont\u00f3 el productor.<\/p>\n\n\n\n<p>A partir de lo recaudado con el bono contribuci\u00f3n de la entrada, la entidad don\u00f3 una impresora al Jard\u00edn Municipal N\u00ba11.<\/p>\n","protected":false},"excerpt":{"rendered":"<p>Un inmejorable d\u00eda soleado acompa\u00f1\u00f3 al convocante evento organizado por la Asociaci\u00f3n Japonesa, en su predio ubicado en Av. Eva Per\u00f3n, donde llegaron miles de personas cautivadas por la cultura&hellip;<\/p>\n","protected":false},"author":3,"featured_media":7295,"comment_status":"closed","ping_status":"closed","sticky":false,"template":"","format":"standard","meta":{"footnotes":""},"categories":[7],"tags":[],"class_list":["post-7294","post","type-post","status-publish","format-standard","has-post-thumbnail","hentry","category-espectaculos"],"rttpg_featured_image_url":{"full":["https:\/\/magazineweb.com.ar\/wp-content\/uploads\/2024\/09\/matsuri.jpg",2504,1665,false],"landscape":["https:\/\/magazineweb.com.ar\/wp-content\/uploads\/2024\/09\/matsuri.jpg",2504,1665,false],"portraits":["https:\/\/magazineweb.com.ar\/wp-content\/uploads\/2024\/09\/matsuri.jpg",2504,1665,false],"thumbnail":["https:\/\/magazineweb.com.ar\/wp-content\/uploads\/2024\/09\/matsuri-150x150.jpg",150,150,true],"medium":["https:\/\/magazineweb.com.ar\/wp-content\/uploads\/2024\/09\/matsuri-300x199.jpg",300,199,true],"large":["https:\/\/magazineweb.com.ar\/wp-content\/uploads\/2024\/09\/matsuri-1024x681.jpg",1024,681,true],"1536x1536":["https:\/\/magazineweb.com.ar\/wp-content\/uploads\/2024\/09\/matsuri-1536x1021.jpg",1536,1021,true],"2048x2048":["https:\/\/magazineweb.com.ar\/wp-content\/uploads\/2024\/09\/matsuri-2048x1362.jpg",2048,1362,true],"ultp_layout_landscape_large":["https:\/\/magazineweb.com.ar\/wp-content\/uploads\/2024\/09\/matsuri-1200x800.jpg",1200,800,true],"ultp_layout_landscape":["https:\/\/magazineweb.com.ar\/wp-content\/uploads\/2024\/09\/matsuri-870x570.jpg",870,570,true],"ultp_layout_portrait":["https:\/\/magazineweb.com.ar\/wp-content\/uploads\/2024\/09\/matsuri-600x900.jpg",600,900,true],"ultp_layout_square":["https:\/\/magazineweb.com.ar\/wp-content\/uploads\/2024\/09\/matsuri-600x600.jpg",600,600,true]},"rttpg_author":{"display_name":"Redacci\u00f3n Magazine Web","author_link":"https:\/\/magazineweb.com.ar\/?author=3"},"rttpg_comment":0,"rttpg_category":"<a href=\"https:\/\/magazineweb.com.ar\/?cat=7\" rel=\"category\">Espect\u00e1culos<\/a>","rttpg_excerpt":"Un inmejorable d\u00eda soleado acompa\u00f1\u00f3 al convocante evento organizado por la Asociaci\u00f3n Japonesa, en su predio ubicado en Av. Eva Per\u00f3n, donde llegaron miles de personas cautivadas por la cultura&hellip;","_links":{"self":[{"href":"https:\/\/magazineweb.com.ar\/index.php?rest_route=\/wp\/v2\/posts\/7294","targetHints":{"allow":["GET"]}}],"collection":[{"href":"https:\/\/magazineweb.com.ar\/index.php?rest_route=\/wp\/v2\/posts"}],"about":[{"href":"https:\/\/magazineweb.com.ar\/index.php?rest_route=\/wp\/v2\/types\/post"}],"author":[{"embeddable":true,"href":"https:\/\/magazineweb.com.ar\/index.php?rest_route=\/wp\/v2\/users\/3"}],"replies":[{"embeddable":true,"href":"https:\/\/magazineweb.com.ar\/index.php?rest_route=%2Fwp%2Fv2%2Fcomments&post=7294"}],"version-history":[{"count":1,"href":"https:\/\/magazineweb.com.ar\/index.php?rest_route=\/wp\/v2\/posts\/7294\/revisions"}],"predecessor-version":[{"id":7296,"href":"https:\/\/magazineweb.com.ar\/index.php?rest_route=\/wp\/v2\/posts\/7294\/revisions\/7296"}],"wp:featuredmedia":[{"embeddable":true,"href":"https:\/\/magazineweb.com.ar\/index.php?rest_route=\/wp\/v2\/media\/7295"}],"wp:attachment":[{"href":"https:\/\/magazineweb.com.ar\/index.php?rest_route=%2Fwp%2Fv2%2Fmedia&parent=7294"}],"wp:term":[{"taxonomy":"category","embeddable":true,"href":"https:\/\/magazineweb.com.ar\/index.php?rest_route=%2Fwp%2Fv2%2Fcategories&post=7294"},{"taxonomy":"post_tag","embeddable":true,"href":"https:\/\/magazineweb.com.ar\/index.php?rest_route=%2Fwp%2Fv2%2Ftags&post=7294"}],"curies":[{"name":"wp","href":"https:\/\/api.w.org\/{rel}","templated":true}]}}