{"id":7297,"date":"2024-09-09T01:06:00","date_gmt":"2024-09-09T04:06:00","guid":{"rendered":"https:\/\/magazineweb.com.ar\/?p=7297"},"modified":"2024-09-08T18:09:30","modified_gmt":"2024-09-08T21:09:30","slug":"10k-organizada-por-la-fundacion-casa-jesus","status":"publish","type":"post","link":"https:\/\/magazineweb.com.ar\/?p=7297","title":{"rendered":"10K organizada por la Fundaci\u00f3n Casa Jes\u00fas"},"content":{"rendered":"\n<p>El Municipio de Mor\u00f3n acompa\u00f1\u00f3 una nueva edici\u00f3n de la Carrera Solidaria en el 10mo aniversario de la @carrera.fcj junto a toda la comunidad de la Sagrada Familia, el Intendente @lucas.ghi, el vicario general de la Di\u00f3cesis de Mor\u00f3n, Padre Mariano Del Rio, vecinos, familias, corredores, deportistas y equipos de trabajo.<\/p>\n\n\n\n<p>Adem\u00e1s se realiz\u00f3 4K participativos para ni\u00f1os y ni\u00f1as, carrera kids y todas aquellas personas que se sumaron caminando o corriendo. Un riqu\u00edsimo Buffet a beneficio y donde pod\u00edas encontrar el merch de la fundaci\u00f3n.<\/p>\n","protected":false},"excerpt":{"rendered":"<p>El Municipio de Mor\u00f3n acompa\u00f1\u00f3 una nueva edici\u00f3n de la Carrera Solidaria en el 10mo aniversario de la @carrera.fcj junto a toda la comunidad de la Sagrada Familia, el Intendente&hellip;<\/p>\n","protected":false},"author":3,"featured_media":7298,"comment_status":"closed","ping_status":"closed","sticky":false,"template":"","format":"standard","meta":{"footnotes":""},"categories":[3],"tags":[],"class_list":["post-7297","post","type-post","status-publish","format-standard","has-post-thumbnail","hentry","category-deportes"],"rttpg_featured_image_url":{"full":["https:\/\/magazineweb.com.ar\/wp-content\/uploads\/2024\/09\/maraton.jpg",1440,961,false],"landscape":["https:\/\/magazineweb.com.ar\/wp-content\/uploads\/2024\/09\/maraton.jpg",1440,961,false],"portraits":["https:\/\/magazineweb.com.ar\/wp-content\/uploads\/2024\/09\/maraton.jpg",1440,961,false],"thumbnail":["https:\/\/magazineweb.com.ar\/wp-content\/uploads\/2024\/09\/maraton-150x150.jpg",150,150,true],"medium":["https:\/\/magazineweb.com.ar\/wp-content\/uploads\/2024\/09\/maraton-300x200.jpg",300,200,true],"large":["https:\/\/magazineweb.com.ar\/wp-content\/uploads\/2024\/09\/maraton-1024x683.jpg",1024,683,true],"1536x1536":["https:\/\/magazineweb.com.ar\/wp-content\/uploads\/2024\/09\/maraton.jpg",1440,961,false],"2048x2048":["https:\/\/magazineweb.com.ar\/wp-content\/uploads\/2024\/09\/maraton.jpg",1440,961,false],"ultp_layout_landscape_large":["https:\/\/magazineweb.com.ar\/wp-content\/uploads\/2024\/09\/maraton-1200x800.jpg",1200,800,true],"ultp_layout_landscape":["https:\/\/magazineweb.com.ar\/wp-content\/uploads\/2024\/09\/maraton-870x570.jpg",870,570,true],"ultp_layout_portrait":["https:\/\/magazineweb.com.ar\/wp-content\/uploads\/2024\/09\/maraton-600x900.jpg",600,900,true],"ultp_layout_square":["https:\/\/magazineweb.com.ar\/wp-content\/uploads\/2024\/09\/maraton-600x600.jpg",600,600,true]},"rttpg_author":{"display_name":"Redacci\u00f3n Magazine Web","author_link":"https:\/\/magazineweb.com.ar\/?author=3"},"rttpg_comment":0,"rttpg_category":"<a href=\"https:\/\/magazineweb.com.ar\/?cat=3\" rel=\"category\">Deportes<\/a>","rttpg_excerpt":"El Municipio de Mor\u00f3n acompa\u00f1\u00f3 una nueva edici\u00f3n de la Carrera Solidaria en el 10mo aniversario de la @carrera.fcj junto a toda la comunidad de la Sagrada Familia, el Intendente&hellip;","_links":{"self":[{"href":"https:\/\/magazineweb.com.ar\/index.php?rest_route=\/wp\/v2\/posts\/7297","targetHints":{"allow":["GET"]}}],"collection":[{"href":"https:\/\/magazineweb.com.ar\/index.php?rest_route=\/wp\/v2\/posts"}],"about":[{"href":"https:\/\/magazineweb.com.ar\/index.php?rest_route=\/wp\/v2\/types\/post"}],"author":[{"embeddable":true,"href":"https:\/\/magazineweb.com.ar\/index.php?rest_route=\/wp\/v2\/users\/3"}],"replies":[{"embeddable":true,"href":"https:\/\/magazineweb.com.ar\/index.php?rest_route=%2Fwp%2Fv2%2Fcomments&post=7297"}],"version-history":[{"count":1,"href":"https:\/\/magazineweb.com.ar\/index.php?rest_route=\/wp\/v2\/posts\/7297\/revisions"}],"predecessor-version":[{"id":7299,"href":"https:\/\/magazineweb.com.ar\/index.php?rest_route=\/wp\/v2\/posts\/7297\/revisions\/7299"}],"wp:featuredmedia":[{"embeddable":true,"href":"https:\/\/magazineweb.com.ar\/index.php?rest_route=\/wp\/v2\/media\/7298"}],"wp:attachment":[{"href":"https:\/\/magazineweb.com.ar\/index.php?rest_route=%2Fwp%2Fv2%2Fmedia&parent=7297"}],"wp:term":[{"taxonomy":"category","embeddable":true,"href":"https:\/\/magazineweb.com.ar\/index.php?rest_route=%2Fwp%2Fv2%2Fcategories&post=7297"},{"taxonomy":"post_tag","embeddable":true,"href":"https:\/\/magazineweb.com.ar\/index.php?rest_route=%2Fwp%2Fv2%2Ftags&post=7297"}],"curies":[{"name":"wp","href":"https:\/\/api.w.org\/{rel}","templated":true}]}}