{"id":7300,"date":"2024-09-14T09:01:23","date_gmt":"2024-09-14T12:01:23","guid":{"rendered":"https:\/\/magazineweb.com.ar\/?p=7300"},"modified":"2024-09-19T18:07:20","modified_gmt":"2024-09-19T21:07:20","slug":"varela-seminario-gratuito-sobre-materiales-de-construccion-y-su-aplicacion","status":"publish","type":"post","link":"https:\/\/magazineweb.com.ar\/?p=7300","title":{"rendered":"Varela: Seminario gratuito sobre materiales de construcci\u00f3n y su aplicaci\u00f3n"},"content":{"rendered":"\n<p>La Comuna dictar\u00e1 un curso el lunes 23 de septiembre, de 9 a 11 hs., en la Casa de la Cultura -situada en calle Mitre N\u00ba149- destinado a vecinos y vecinas mayores de 18 a\u00f1os, con o sin experiencia en el rubro.<\/p>\n\n\n\n<p>Vanesa Pazos, directora de Instrumentaci\u00f3n de Talleres, detalla: \u201cEl profesor, Roberto D\u00edaz, explicar\u00e1 durante la clase diversos productos modernos. Presentar\u00e1 tanto usos como beneficios de aditivos para morteros, impermeabilizantes, adhesivo para cer\u00e1micas y morteros de reparaci\u00f3n\u201d.<\/p>\n\n\n\n<p>Pazos invita a \u201cno perder la oportunidad de adquirir estos conocimientos que podr\u00e1n emplearlos quienes trabajan en el sector, las personas que reci\u00e9n empiezan y tambi\u00e9n utilizarlos en refacciones en sus casas\u201d.<\/p>\n\n\n\n<p>Para inscribirse, concurrir a la mencionada dependencia municipal, de lunes a viernes de 9 a 16 hs.<\/p>\n","protected":false},"excerpt":{"rendered":"<p>La Comuna dictar\u00e1 un curso el lunes 23 de septiembre, de 9 a 11 hs., en la Casa de la Cultura -situada en calle Mitre N\u00ba149- destinado a vecinos y&hellip;<\/p>\n","protected":false},"author":3,"featured_media":7301,"comment_status":"closed","ping_status":"closed","sticky":false,"template":"","format":"standard","meta":{"footnotes":""},"categories":[4,9],"tags":[],"class_list":["post-7300","post","type-post","status-publish","format-standard","has-post-thumbnail","hentry","category-destacados","category-informacion-general"],"rttpg_featured_image_url":{"full":["https:\/\/magazineweb.com.ar\/wp-content\/uploads\/2024\/09\/seminario.jpg",1080,1350,false],"landscape":["https:\/\/magazineweb.com.ar\/wp-content\/uploads\/2024\/09\/seminario.jpg",1080,1350,false],"portraits":["https:\/\/magazineweb.com.ar\/wp-content\/uploads\/2024\/09\/seminario.jpg",1080,1350,false],"thumbnail":["https:\/\/magazineweb.com.ar\/wp-content\/uploads\/2024\/09\/seminario-150x150.jpg",150,150,true],"medium":["https:\/\/magazineweb.com.ar\/wp-content\/uploads\/2024\/09\/seminario-240x300.jpg",240,300,true],"large":["https:\/\/magazineweb.com.ar\/wp-content\/uploads\/2024\/09\/seminario-819x1024.jpg",819,1024,true],"1536x1536":["https:\/\/magazineweb.com.ar\/wp-content\/uploads\/2024\/09\/seminario.jpg",1080,1350,false],"2048x2048":["https:\/\/magazineweb.com.ar\/wp-content\/uploads\/2024\/09\/seminario.jpg",1080,1350,false],"ultp_layout_landscape_large":["https:\/\/magazineweb.com.ar\/wp-content\/uploads\/2024\/09\/seminario-1080x800.jpg",1080,800,true],"ultp_layout_landscape":["https:\/\/magazineweb.com.ar\/wp-content\/uploads\/2024\/09\/seminario-870x570.jpg",870,570,true],"ultp_layout_portrait":["https:\/\/magazineweb.com.ar\/wp-content\/uploads\/2024\/09\/seminario-600x900.jpg",600,900,true],"ultp_layout_square":["https:\/\/magazineweb.com.ar\/wp-content\/uploads\/2024\/09\/seminario-600x600.jpg",600,600,true]},"rttpg_author":{"display_name":"Redacci\u00f3n Magazine Web","author_link":"https:\/\/magazineweb.com.ar\/?author=3"},"rttpg_comment":0,"rttpg_category":"<a href=\"https:\/\/magazineweb.com.ar\/?cat=4\" rel=\"category\">Destacados<\/a> <a href=\"https:\/\/magazineweb.com.ar\/?cat=9\" rel=\"category\">Informaci\u00f3n General<\/a>","rttpg_excerpt":"La Comuna dictar\u00e1 un curso el lunes 23 de septiembre, de 9 a 11 hs., en la Casa de la Cultura -situada en calle Mitre N\u00ba149- destinado a vecinos y&hellip;","_links":{"self":[{"href":"https:\/\/magazineweb.com.ar\/index.php?rest_route=\/wp\/v2\/posts\/7300","targetHints":{"allow":["GET"]}}],"collection":[{"href":"https:\/\/magazineweb.com.ar\/index.php?rest_route=\/wp\/v2\/posts"}],"about":[{"href":"https:\/\/magazineweb.com.ar\/index.php?rest_route=\/wp\/v2\/types\/post"}],"author":[{"embeddable":true,"href":"https:\/\/magazineweb.com.ar\/index.php?rest_route=\/wp\/v2\/users\/3"}],"replies":[{"embeddable":true,"href":"https:\/\/magazineweb.com.ar\/index.php?rest_route=%2Fwp%2Fv2%2Fcomments&post=7300"}],"version-history":[{"count":1,"href":"https:\/\/magazineweb.com.ar\/index.php?rest_route=\/wp\/v2\/posts\/7300\/revisions"}],"predecessor-version":[{"id":7302,"href":"https:\/\/magazineweb.com.ar\/index.php?rest_route=\/wp\/v2\/posts\/7300\/revisions\/7302"}],"wp:featuredmedia":[{"embeddable":true,"href":"https:\/\/magazineweb.com.ar\/index.php?rest_route=\/wp\/v2\/media\/7301"}],"wp:attachment":[{"href":"https:\/\/magazineweb.com.ar\/index.php?rest_route=%2Fwp%2Fv2%2Fmedia&parent=7300"}],"wp:term":[{"taxonomy":"category","embeddable":true,"href":"https:\/\/magazineweb.com.ar\/index.php?rest_route=%2Fwp%2Fv2%2Fcategories&post=7300"},{"taxonomy":"post_tag","embeddable":true,"href":"https:\/\/magazineweb.com.ar\/index.php?rest_route=%2Fwp%2Fv2%2Ftags&post=7300"}],"curies":[{"name":"wp","href":"https:\/\/api.w.org\/{rel}","templated":true}]}}