{"id":7306,"date":"2024-09-09T01:05:00","date_gmt":"2024-09-09T04:05:00","guid":{"rendered":"https:\/\/magazineweb.com.ar\/?p=7306"},"modified":"2024-09-08T18:36:22","modified_gmt":"2024-09-08T21:36:22","slug":"las-tradiciones-las-raices-y-el-arraigo-en-el-suelo-varelense","status":"publish","type":"post","link":"https:\/\/magazineweb.com.ar\/?p=7306","title":{"rendered":"Las tradiciones, las ra\u00edces y el arraigo en el suelo varelense"},"content":{"rendered":"\n<p>El intendente -Andr\u00e9s Watson- comparti\u00f3 una jornada con representantes de diferentes colectividades en el sal\u00f3n de Bomberos Voluntarios con el D\u00eda del Inmigrante como contexto.<\/p>\n\n\n\n<p>El Alcalde destac\u00f3 a \u201clas comunidades que conformaron Florencio Varela, vinieron a esta Patria a poner el hombro desde distintas partes del mundo y fue enriquecedor\u201d.<\/p>\n\n\n\n<p>Frente a un auditorio atento, el titular en el Ejecutivo local inst\u00f3 a \u201crespetar nuestros or\u00edgenes, a todas las costumbres\u201d y breg\u00f3 por \u201cuna Naci\u00f3n inclusiva que fue la que ustedes eligieron\u201d.&nbsp;<\/p>\n\n\n\n<p>El subsecretario de Gobierno, Mat\u00edas Schneeberger, subray\u00f3 \u201cla decisi\u00f3n de la m\u00e1xima autoridad en el distrito en declarar de inter\u00e9s municipal toda la semana, pero trabajar durante el a\u00f1o en pol\u00edticas p\u00fablicas migratorias\u201d.<\/p>\n\n\n\n<p>Previo a la realizaci\u00f3n de n\u00fameros art\u00edsticos, fue el momento de conversar entre vecinos y vecinas. Juana Mar\u00eda Villasan record\u00f3 su partida de Paraguay \u201ctras el fallecimiento de mi mam\u00e1, a mis 19 a\u00f1os\u201d.<\/p>\n\n\n\n<p>Con los ojos llenos de l\u00e1grimas, solo tuvo \u201cpalabras de agradecimiento hacia Argentina\u201d. \u201cEn tiempos de Alfons\u00edn, tuvimos que retornar a la tierra natal. A los pocos meses, volvimos\u201d, rememor\u00f3 ante una nueva bienvenida.<\/p>\n\n\n\n<p>Por su parte, Diego Baeck evoc\u00f3 a su pap\u00e1 quien lleg\u00f3 desde B\u00e9lgica a Punta Chica y luego, por problemas de salud, arrib\u00f3 al partido. Sus ancestros trabajaron en la antigua compa\u00f1\u00eda del rubro fotogr\u00e1fico \u201cAgfa\u201d.<\/p>\n\n\n\n<p>\u201cEntre 1968 y 1969, fund\u00f3 una empresa dedicada a fabricaci\u00f3n de resistencias el\u00e9ctricas -\u201cChaltec\u201d- y con uno de mis hermanos continuamos el legado\u201d, narr\u00f3. Habl\u00f3 del \u201carraigo, vivir en aquel pa\u00eds en cortos periodos de tiempo\u201d y conserv\u00f3 \u201clas ra\u00edces\u201d.<\/p>\n\n\n\n<p>Justo Alfaro vest\u00eda de gala. A Bolivia la trajo \u201cen nuestra rica historia, cultura, vestimenta, comidas, cer\u00e1mica\u201d. \u201cLa m\u00fasica fue muy importante, nos mantuvo vivos\u201d, asever\u00f3.<\/p>\n\n\n\n<p>Estuvieron presentes los secretarios de Gobierno, Daniel Dono Leidi; de Relaciones Institucionales, Oscar N\u00fa\u00f1ez; de Cultura, Deportes y Recreaci\u00f3n, Mauricio Rodr\u00edguez; de Industria y Desarrollo Productivo, Ricardo De la Fuente, entre otros.<\/p>\n","protected":false},"excerpt":{"rendered":"<p>El intendente -Andr\u00e9s Watson- comparti\u00f3 una jornada con representantes de diferentes colectividades en el sal\u00f3n de Bomberos Voluntarios con el D\u00eda del Inmigrante como contexto. El Alcalde destac\u00f3 a \u201clas&hellip;<\/p>\n","protected":false},"author":3,"featured_media":7307,"comment_status":"closed","ping_status":"closed","sticky":false,"template":"","format":"standard","meta":{"footnotes":""},"categories":[7],"tags":[],"class_list":["post-7306","post","type-post","status-publish","format-standard","has-post-thumbnail","hentry","category-espectaculos"],"rttpg_featured_image_url":{"full":["https:\/\/magazineweb.com.ar\/wp-content\/uploads\/2024\/09\/tradicionesss.jpg",1616,1080,false],"landscape":["https:\/\/magazineweb.com.ar\/wp-content\/uploads\/2024\/09\/tradicionesss.jpg",1616,1080,false],"portraits":["https:\/\/magazineweb.com.ar\/wp-content\/uploads\/2024\/09\/tradicionesss.jpg",1616,1080,false],"thumbnail":["https:\/\/magazineweb.com.ar\/wp-content\/uploads\/2024\/09\/tradicionesss-150x150.jpg",150,150,true],"medium":["https:\/\/magazineweb.com.ar\/wp-content\/uploads\/2024\/09\/tradicionesss-300x200.jpg",300,200,true],"large":["https:\/\/magazineweb.com.ar\/wp-content\/uploads\/2024\/09\/tradicionesss-1024x684.jpg",1024,684,true],"1536x1536":["https:\/\/magazineweb.com.ar\/wp-content\/uploads\/2024\/09\/tradicionesss-1536x1027.jpg",1536,1027,true],"2048x2048":["https:\/\/magazineweb.com.ar\/wp-content\/uploads\/2024\/09\/tradicionesss.jpg",1616,1080,false],"ultp_layout_landscape_large":["https:\/\/magazineweb.com.ar\/wp-content\/uploads\/2024\/09\/tradicionesss-1200x800.jpg",1200,800,true],"ultp_layout_landscape":["https:\/\/magazineweb.com.ar\/wp-content\/uploads\/2024\/09\/tradicionesss-870x570.jpg",870,570,true],"ultp_layout_portrait":["https:\/\/magazineweb.com.ar\/wp-content\/uploads\/2024\/09\/tradicionesss-600x900.jpg",600,900,true],"ultp_layout_square":["https:\/\/magazineweb.com.ar\/wp-content\/uploads\/2024\/09\/tradicionesss-600x600.jpg",600,600,true]},"rttpg_author":{"display_name":"Redacci\u00f3n Magazine Web","author_link":"https:\/\/magazineweb.com.ar\/?author=3"},"rttpg_comment":0,"rttpg_category":"<a href=\"https:\/\/magazineweb.com.ar\/?cat=7\" rel=\"category\">Espect\u00e1culos<\/a>","rttpg_excerpt":"El intendente -Andr\u00e9s Watson- comparti\u00f3 una jornada con representantes de diferentes colectividades en el sal\u00f3n de Bomberos Voluntarios con el D\u00eda del Inmigrante como contexto. El Alcalde destac\u00f3 a \u201clas&hellip;","_links":{"self":[{"href":"https:\/\/magazineweb.com.ar\/index.php?rest_route=\/wp\/v2\/posts\/7306","targetHints":{"allow":["GET"]}}],"collection":[{"href":"https:\/\/magazineweb.com.ar\/index.php?rest_route=\/wp\/v2\/posts"}],"about":[{"href":"https:\/\/magazineweb.com.ar\/index.php?rest_route=\/wp\/v2\/types\/post"}],"author":[{"embeddable":true,"href":"https:\/\/magazineweb.com.ar\/index.php?rest_route=\/wp\/v2\/users\/3"}],"replies":[{"embeddable":true,"href":"https:\/\/magazineweb.com.ar\/index.php?rest_route=%2Fwp%2Fv2%2Fcomments&post=7306"}],"version-history":[{"count":1,"href":"https:\/\/magazineweb.com.ar\/index.php?rest_route=\/wp\/v2\/posts\/7306\/revisions"}],"predecessor-version":[{"id":7308,"href":"https:\/\/magazineweb.com.ar\/index.php?rest_route=\/wp\/v2\/posts\/7306\/revisions\/7308"}],"wp:featuredmedia":[{"embeddable":true,"href":"https:\/\/magazineweb.com.ar\/index.php?rest_route=\/wp\/v2\/media\/7307"}],"wp:attachment":[{"href":"https:\/\/magazineweb.com.ar\/index.php?rest_route=%2Fwp%2Fv2%2Fmedia&parent=7306"}],"wp:term":[{"taxonomy":"category","embeddable":true,"href":"https:\/\/magazineweb.com.ar\/index.php?rest_route=%2Fwp%2Fv2%2Fcategories&post=7306"},{"taxonomy":"post_tag","embeddable":true,"href":"https:\/\/magazineweb.com.ar\/index.php?rest_route=%2Fwp%2Fv2%2Ftags&post=7306"}],"curies":[{"name":"wp","href":"https:\/\/api.w.org\/{rel}","templated":true}]}}