{"id":7312,"date":"2024-09-09T01:08:00","date_gmt":"2024-09-09T04:08:00","guid":{"rendered":"https:\/\/magazineweb.com.ar\/?p=7312"},"modified":"2024-09-08T19:56:36","modified_gmt":"2024-09-08T22:56:36","slug":"en-el-gobierno-de-kicillof-aseguran-que-en-los-primeros-4-meses-de-la-gestion-milei-se-perdieron-650-000-empleos","status":"publish","type":"post","link":"https:\/\/magazineweb.com.ar\/?p=7312","title":{"rendered":"Titular de ARBA asegura que en los primeros 4 meses de la gesti\u00f3n Milei se perdieron 650.000 empleos"},"content":{"rendered":"\n<p>El titular de Arba dijo que la destrucci\u00f3n de empleos impact\u00f3 con fuerza en el trabajo informal. Hablan de 650 mil puestos de trabajo perdidos. Adem\u00e1s, destacan una ca\u00edda del salario de casi el 30%.<\/p>\n\n\n\n<p>Unos 650 mil puestos de trabajo perdidos y una ca\u00edda del salario m\u00ednimo vital y m\u00f3vil de casi un 30%. Ese es el diagn\u00f3stico de los primeros cuatro meses de gobierno de Javier Milei seg\u00fan el gobierno de Axel Kicillof.<\/p>\n\n\n\n<p>El titular de la Agencia de Recaudaci\u00f3n de la provincia Cristian Girard asegura que la destrucci\u00f3n de puestos de trabajo se dio tanto en formales como en informales, aunque con mayor intensidad entre los \u00faltimos.<\/p>\n\n\n\n<p>\u00abEl ajuste de Milei no recae sobre ninguna casta, sino sobre el pueblo trabajador, los jubilados, que perdieron 30% de ingreso, y las PyMEs\u00bb, dijo Girard en las redes sociales.<\/p>\n\n\n\n<p>Los datos surgen del INDEC -los \u00faltimos datos disponibles son al primer trimestre del a\u00f1o- y del Sistema Integrado Previsional Argentino (SIPA), que publica mensualmente el ministerio de Capital Humano.<\/p>\n\n\n\n<p>A mayo la p\u00e9rdida de empleos en el sector privado registrado ya ascend\u00eda a 123.000 (contra unos 94.000 a marzo). En el sector p\u00fablico en tanto, llegaba a 37.000 (contra 5.000 a marzo). Seg\u00fan Girard, la destrucci\u00f3n de empleos entre empleadas dom\u00e9sticas asciende a 16.000, algo que sin dudas potencia el aumento de la pobreza.<\/p>\n\n\n\n<p>Los datos, no contemplan personas sino puestos de trabajo. Es decir que puede haber duplicaci\u00f3n de personas que tengan m\u00e1s de un empleo.<\/p>\n\n\n\n<p>\u00abEsta destrucci\u00f3n de empleos sigui\u00f3 profundiz\u00e1ndose durante el segundo trimestre\u00bb, dijo el titular de ARBA. Adem\u00e1s, destac\u00f3 que \u00abla destrucci\u00f3n de empleos y el acelerado proceso de precarizaci\u00f3n laboral en curso, en un marco de devaluaci\u00f3n y desregulaci\u00f3n, dieron lugar a una fuerte ca\u00edda, generalizada, de los salarios, que en promedio est\u00e1n -11% por debajo del nivel que ten\u00edan en noviembre de 2023, antes de la asunci\u00f3n de Milei\u00bb.<\/p>\n\n\n\n<p>En los primeros d\u00edas de agosto, desde el gobierno aseguraban que s\u00f3lo en la provincia hab\u00eda unos 155.000 trabajadores que perdieron su empleo en el primer trimestre del a\u00f1o. El dato surgi\u00f3 a ra\u00edz de un reclamo del sindicato de trabajadores judiciales por el impacto de esos despidos sobre los juzgados laborales.<\/p>\n","protected":false},"excerpt":{"rendered":"<p>El titular de Arba dijo que la destrucci\u00f3n de empleos impact\u00f3 con fuerza en el trabajo informal. Hablan de 650 mil puestos de trabajo perdidos. Adem\u00e1s, destacan una ca\u00edda del&hellip;<\/p>\n","protected":false},"author":3,"featured_media":7313,"comment_status":"closed","ping_status":"closed","sticky":false,"template":"","format":"standard","meta":{"footnotes":""},"categories":[13,14],"tags":[],"class_list":["post-7312","post","type-post","status-publish","format-standard","has-post-thumbnail","hentry","category-politica","category-provincial"],"rttpg_featured_image_url":{"full":["https:\/\/magazineweb.com.ar\/wp-content\/uploads\/2024\/09\/Girard.webp",1200,800,false],"landscape":["https:\/\/magazineweb.com.ar\/wp-content\/uploads\/2024\/09\/Girard.webp",1200,800,false],"portraits":["https:\/\/magazineweb.com.ar\/wp-content\/uploads\/2024\/09\/Girard.webp",1200,800,false],"thumbnail":["https:\/\/magazineweb.com.ar\/wp-content\/uploads\/2024\/09\/Girard-150x150.webp",150,150,true],"medium":["https:\/\/magazineweb.com.ar\/wp-content\/uploads\/2024\/09\/Girard-300x200.webp",300,200,true],"large":["https:\/\/magazineweb.com.ar\/wp-content\/uploads\/2024\/09\/Girard-1024x683.webp",1024,683,true],"1536x1536":["https:\/\/magazineweb.com.ar\/wp-content\/uploads\/2024\/09\/Girard.webp",1200,800,false],"2048x2048":["https:\/\/magazineweb.com.ar\/wp-content\/uploads\/2024\/09\/Girard.webp",1200,800,false],"ultp_layout_landscape_large":["https:\/\/magazineweb.com.ar\/wp-content\/uploads\/2024\/09\/Girard.webp",1200,800,false],"ultp_layout_landscape":["https:\/\/magazineweb.com.ar\/wp-content\/uploads\/2024\/09\/Girard-870x570.webp",870,570,true],"ultp_layout_portrait":["https:\/\/magazineweb.com.ar\/wp-content\/uploads\/2024\/09\/Girard-600x800.webp",600,800,true],"ultp_layout_square":["https:\/\/magazineweb.com.ar\/wp-content\/uploads\/2024\/09\/Girard-600x600.webp",600,600,true]},"rttpg_author":{"display_name":"Redacci\u00f3n Magazine Web","author_link":"https:\/\/magazineweb.com.ar\/?author=3"},"rttpg_comment":0,"rttpg_category":"<a href=\"https:\/\/magazineweb.com.ar\/?cat=13\" rel=\"category\">Pol\u00edtica<\/a> <a href=\"https:\/\/magazineweb.com.ar\/?cat=14\" rel=\"category\">Provincial<\/a>","rttpg_excerpt":"El titular de Arba dijo que la destrucci\u00f3n de empleos impact\u00f3 con fuerza en el trabajo informal. Hablan de 650 mil puestos de trabajo perdidos. Adem\u00e1s, destacan una ca\u00edda del&hellip;","_links":{"self":[{"href":"https:\/\/magazineweb.com.ar\/index.php?rest_route=\/wp\/v2\/posts\/7312","targetHints":{"allow":["GET"]}}],"collection":[{"href":"https:\/\/magazineweb.com.ar\/index.php?rest_route=\/wp\/v2\/posts"}],"about":[{"href":"https:\/\/magazineweb.com.ar\/index.php?rest_route=\/wp\/v2\/types\/post"}],"author":[{"embeddable":true,"href":"https:\/\/magazineweb.com.ar\/index.php?rest_route=\/wp\/v2\/users\/3"}],"replies":[{"embeddable":true,"href":"https:\/\/magazineweb.com.ar\/index.php?rest_route=%2Fwp%2Fv2%2Fcomments&post=7312"}],"version-history":[{"count":2,"href":"https:\/\/magazineweb.com.ar\/index.php?rest_route=\/wp\/v2\/posts\/7312\/revisions"}],"predecessor-version":[{"id":7316,"href":"https:\/\/magazineweb.com.ar\/index.php?rest_route=\/wp\/v2\/posts\/7312\/revisions\/7316"}],"wp:featuredmedia":[{"embeddable":true,"href":"https:\/\/magazineweb.com.ar\/index.php?rest_route=\/wp\/v2\/media\/7313"}],"wp:attachment":[{"href":"https:\/\/magazineweb.com.ar\/index.php?rest_route=%2Fwp%2Fv2%2Fmedia&parent=7312"}],"wp:term":[{"taxonomy":"category","embeddable":true,"href":"https:\/\/magazineweb.com.ar\/index.php?rest_route=%2Fwp%2Fv2%2Fcategories&post=7312"},{"taxonomy":"post_tag","embeddable":true,"href":"https:\/\/magazineweb.com.ar\/index.php?rest_route=%2Fwp%2Fv2%2Ftags&post=7312"}],"curies":[{"name":"wp","href":"https:\/\/api.w.org\/{rel}","templated":true}]}}