{"id":7320,"date":"2024-09-14T13:03:00","date_gmt":"2024-09-14T16:03:00","guid":{"rendered":"https:\/\/magazineweb.com.ar\/?p=7320"},"modified":"2024-09-16T13:44:31","modified_gmt":"2024-09-16T16:44:31","slug":"la-uom-conmemoro-el-dia-del-trabajador-metalurgico","status":"publish","type":"post","link":"https:\/\/magazineweb.com.ar\/?p=7320","title":{"rendered":"La UOM conmemor\u00f3 el D\u00eda del Trabajador Metal\u00fargico"},"content":{"rendered":"\n<p class=\"has-black-color has-vivid-green-cyan-background-color has-text-color has-background has-link-color wp-elements-93045d385947b9667e9dc6188640713b\"><strong>La Uni\u00f3n Obrera Metal\u00fargica (UOM) seccional Quilmes, Berazategui y Florencio Varela realiz\u00f3 un acto conmemorativo por el D\u00eda del Trabajador Metal\u00fargico -que se celebra cada 7 de Septiembre- en el Centro Recreativo Agrupaci\u00f3n 17 de Noviembre, situado en el partido de Quilmes. El encuentro cont\u00f3 con la presencia del intendente de Berazategui, Dr. Juan Jos\u00e9 Mussi, y su par de Florencio Varela, Andr\u00e9s Watson; el secretario general de la UOM, Abel Furl\u00e1n, y el secretario general de la seccional Quilmes, Berazategui y Florencio Varela, Adri\u00e1n P\u00e9rez; y el subsecretario provincial de Relaciones del Trabajo, Andr\u00e9s Reveles.<\/strong><\/p>\n\n\n\n<p>En el marco del encuentro, Mussi declar\u00f3: \u201cSiempre supe lo que significaba que el movimiento obrero fuera la columna vertebral del movimiento peronista. Con el correr de los a\u00f1os, lo pude comprobar a\u00fan m\u00e1s. Le pido a los compa\u00f1eros trabajadores que podamos unirnos y que, como peronistas, pensemos de la misma manera. Hay algo que no podemos resignar: la felicidad del pueblo y la grandeza de la Patria. Les pido de todo coraz\u00f3n, compa\u00f1eros, que no aflojemos. No le tengamos miedo a nadie\u201d.<\/p>\n\n\n\n<p>Asimismo, Watson afirm\u00f3: \u201cTenemos que estar m\u00e1s unidos que nunca para evitar que avasallen los derechos del pueblo trabajador. Necesitamos generar pol\u00edticas de Estado para que Argentina se ponga de pie nuevamente, con la industria y el pueblo trabajador a la cabeza de nuestra Patria\u201d.<\/p>\n\n\n\n<p>Por su parte, Emilio Piaggi -secretario de Acci\u00f3n Social de la UOM Seccional Quilmes, Berazategui y Florencio Varela-, manifest\u00f3: \u201cFestejamos el D\u00eda del Trabajador Metal\u00fargico con m\u00e1s de 5.300 personas. Tuvimos el agrado de recibir al intendente Mussi, por lo cual estamos muy contentos y agradecidos. Es un orgullo poder llevar un d\u00eda de felicidad y festejo para las familias argentinas, en estos momentos de crisis que estamos atravesando. Pero como nos dice Mussi, no nos aferramos a la desesperanza, sino a la lucha por la justicia social que nos ense\u00f1\u00f3 el peronismo\u201d.<\/p>\n\n\n\n<p>En el evento se realizaron sorteos y hubo n\u00fameros art\u00edsticos. Asisti\u00f3, tambi\u00e9n, el Obispo Carlos Tissera, quien bendijo las im\u00e1genes de las V\u00edrgenes del Rosario y de Guadalupe.<\/p>\n\n\n\n<p>Cada 7 de Septiembre se celebra el D\u00eda del Trabajador Metal\u00fargico en conmemoraci\u00f3n del nacimiento del Fray Luis Beltr\u00e1n, en 1784. Es considerado la primera persona que le dio un rol protag\u00f3nico a la riqueza mineral del pa\u00eds para que preste servicio a favor de la Independencia.<\/p>\n","protected":false},"excerpt":{"rendered":"<p>La Uni\u00f3n Obrera Metal\u00fargica (UOM) seccional Quilmes, Berazategui y Florencio Varela realiz\u00f3 un acto conmemorativo por el D\u00eda del Trabajador Metal\u00fargico -que se celebra cada 7 de Septiembre- en el&hellip;<\/p>\n","protected":false},"author":2,"featured_media":7321,"comment_status":"closed","ping_status":"closed","sticky":false,"template":"","format":"standard","meta":{"footnotes":""},"categories":[4,9],"tags":[56,162,161,130,160],"class_list":["post-7320","post","type-post","status-publish","format-standard","has-post-thumbnail","hentry","category-destacados","category-informacion-general","tag-berazategui","tag-dia-del-trabajador-metalurgico","tag-florencio-varela","tag-quilmes","tag-uom"],"rttpg_featured_image_url":{"full":["https:\/\/magazineweb.com.ar\/wp-content\/uploads\/2024\/09\/Festejo-del-Trabajador-Metalurgico-2024-Sep.-7.jpg",1080,720,false],"landscape":["https:\/\/magazineweb.com.ar\/wp-content\/uploads\/2024\/09\/Festejo-del-Trabajador-Metalurgico-2024-Sep.-7.jpg",1080,720,false],"portraits":["https:\/\/magazineweb.com.ar\/wp-content\/uploads\/2024\/09\/Festejo-del-Trabajador-Metalurgico-2024-Sep.-7.jpg",1080,720,false],"thumbnail":["https:\/\/magazineweb.com.ar\/wp-content\/uploads\/2024\/09\/Festejo-del-Trabajador-Metalurgico-2024-Sep.-7-150x150.jpg",150,150,true],"medium":["https:\/\/magazineweb.com.ar\/wp-content\/uploads\/2024\/09\/Festejo-del-Trabajador-Metalurgico-2024-Sep.-7-300x200.jpg",300,200,true],"large":["https:\/\/magazineweb.com.ar\/wp-content\/uploads\/2024\/09\/Festejo-del-Trabajador-Metalurgico-2024-Sep.-7-1024x683.jpg",1024,683,true],"1536x1536":["https:\/\/magazineweb.com.ar\/wp-content\/uploads\/2024\/09\/Festejo-del-Trabajador-Metalurgico-2024-Sep.-7.jpg",1080,720,false],"2048x2048":["https:\/\/magazineweb.com.ar\/wp-content\/uploads\/2024\/09\/Festejo-del-Trabajador-Metalurgico-2024-Sep.-7.jpg",1080,720,false],"ultp_layout_landscape_large":["https:\/\/magazineweb.com.ar\/wp-content\/uploads\/2024\/09\/Festejo-del-Trabajador-Metalurgico-2024-Sep.-7.jpg",1080,720,false],"ultp_layout_landscape":["https:\/\/magazineweb.com.ar\/wp-content\/uploads\/2024\/09\/Festejo-del-Trabajador-Metalurgico-2024-Sep.-7-870x570.jpg",870,570,true],"ultp_layout_portrait":["https:\/\/magazineweb.com.ar\/wp-content\/uploads\/2024\/09\/Festejo-del-Trabajador-Metalurgico-2024-Sep.-7-600x720.jpg",600,720,true],"ultp_layout_square":["https:\/\/magazineweb.com.ar\/wp-content\/uploads\/2024\/09\/Festejo-del-Trabajador-Metalurgico-2024-Sep.-7-600x600.jpg",600,600,true]},"rttpg_author":{"display_name":"Roxana Reinoso","author_link":"https:\/\/magazineweb.com.ar\/?author=2"},"rttpg_comment":0,"rttpg_category":"<a href=\"https:\/\/magazineweb.com.ar\/?cat=4\" rel=\"category\">Destacados<\/a> <a href=\"https:\/\/magazineweb.com.ar\/?cat=9\" rel=\"category\">Informaci\u00f3n General<\/a>","rttpg_excerpt":"La Uni\u00f3n Obrera Metal\u00fargica (UOM) seccional Quilmes, Berazategui y Florencio Varela realiz\u00f3 un acto conmemorativo por el D\u00eda del Trabajador Metal\u00fargico -que se celebra cada 7 de Septiembre- en el&hellip;","_links":{"self":[{"href":"https:\/\/magazineweb.com.ar\/index.php?rest_route=\/wp\/v2\/posts\/7320","targetHints":{"allow":["GET"]}}],"collection":[{"href":"https:\/\/magazineweb.com.ar\/index.php?rest_route=\/wp\/v2\/posts"}],"about":[{"href":"https:\/\/magazineweb.com.ar\/index.php?rest_route=\/wp\/v2\/types\/post"}],"author":[{"embeddable":true,"href":"https:\/\/magazineweb.com.ar\/index.php?rest_route=\/wp\/v2\/users\/2"}],"replies":[{"embeddable":true,"href":"https:\/\/magazineweb.com.ar\/index.php?rest_route=%2Fwp%2Fv2%2Fcomments&post=7320"}],"version-history":[{"count":1,"href":"https:\/\/magazineweb.com.ar\/index.php?rest_route=\/wp\/v2\/posts\/7320\/revisions"}],"predecessor-version":[{"id":7322,"href":"https:\/\/magazineweb.com.ar\/index.php?rest_route=\/wp\/v2\/posts\/7320\/revisions\/7322"}],"wp:featuredmedia":[{"embeddable":true,"href":"https:\/\/magazineweb.com.ar\/index.php?rest_route=\/wp\/v2\/media\/7321"}],"wp:attachment":[{"href":"https:\/\/magazineweb.com.ar\/index.php?rest_route=%2Fwp%2Fv2%2Fmedia&parent=7320"}],"wp:term":[{"taxonomy":"category","embeddable":true,"href":"https:\/\/magazineweb.com.ar\/index.php?rest_route=%2Fwp%2Fv2%2Fcategories&post=7320"},{"taxonomy":"post_tag","embeddable":true,"href":"https:\/\/magazineweb.com.ar\/index.php?rest_route=%2Fwp%2Fv2%2Ftags&post=7320"}],"curies":[{"name":"wp","href":"https:\/\/api.w.org\/{rel}","templated":true}]}}