{"id":7340,"date":"2024-09-23T01:09:00","date_gmt":"2024-09-23T04:09:00","guid":{"rendered":"https:\/\/magazineweb.com.ar\/?p=7340"},"modified":"2024-09-28T08:08:51","modified_gmt":"2024-09-28T11:08:51","slug":"el-gobierno-confirmo-que-habra-cortes-de-luz-programados-durante-el-verano","status":"publish","type":"post","link":"https:\/\/magazineweb.com.ar\/?p=7340","title":{"rendered":"El Gobierno confirm\u00f3 que habr\u00e1 cortes de luz programados durante el verano"},"content":{"rendered":"\n<p>El Gobierno nacional anticip\u00f3 que habr\u00e1 cortes de luz programados durante el verano ante la alta demanda de electricidad y la falta de generaci\u00f3n que vaticinan para los primeros meses del 2025. \u201cVa a haber una programaci\u00f3n, est\u00e1 analiz\u00e1ndose\u201d, admiti\u00f3 el jefe de Gabinete, Guillermo Francos.<\/p>\n\n\n\n<p>\u201cSi viene un verano de mucha temperatura, puede haber una demanda muy alta de electricidad. Lamentablemente no han habido inversiones, va a faltar generaci\u00f3n y vamos a tener que programar alg\u00fan corte, sobre todo hacer algunos acuerdos con los sectores industriales\u201d, especific\u00f3 en declaraciones radiales.<\/p>\n\n\n\n<p>En la misma l\u00ednea, aclar\u00f3: \u201cEs una situaci\u00f3n que viene de a\u00f1os y que hay que encarar seriamente. Hay que encarar inversiones y eventualidades, no podemos estar sujeto a improvisar. La secretar\u00eda de Energ\u00eda est\u00e1 trabajando en el tema\u201d.<\/p>\n\n\n\n<p>El titular de ministros defendi\u00f3 adem\u00e1s los aumentos de tarifas como medida para \u201csincerar\u201d los valores y evitar que el Estado se haga cargo de un porcentaje de los costos a modo de subsidios.<\/p>\n\n\n\n<p>\u201cUna cosa no tiene que ver con la otra. Si no hay una generaci\u00f3n razonable, no se puede pedir inversi\u00f3n\u201d, remarc\u00f3, y agreg\u00f3: \u201cHay que aumentar la tarifa porque sino debe subsidiar el Estado y hay que terminar con los subsidios para no tener que generar deuda, emisi\u00f3n, y no tener que generar inflaci\u00f3n que es el objetivo fundamental\u201d.<\/p>\n\n\n\n<p>Los dichos de Francos van en sinton\u00eda con el anticipo del secretario coordinador de Energ\u00eda y Miner\u00eda, Daniel Gonz\u00e1lez, quien plante\u00f3 que \u201cva a ser un verano complicado\u201d.<\/p>\n\n\n\n<p>\u00abTenemos restricciones del sector el\u00e9ctrico en especial en transmisi\u00f3n. Va a ser un verano complicado\u00bb, sostuvo al tiempo que identific\u00f3 que el problema energ\u00e9tico estar\u00e1 en la generaci\u00f3n que, seg\u00fan aclar\u00f3, \u201cva a ser dif\u00edcil dependiendo de las temperaturas y de la situaci\u00f3n h\u00eddrica\u201d.<\/p>\n\n\n\n<p>Por su parte, el secretario anunci\u00f3 la puesta en pie de un comit\u00e9 que \u00abest\u00e1 trabajando en medidas de mitigaci\u00f3n\u00bb, al tiempo que aclar\u00f3 que esas soluciones deben ser \u00abdel mercado, las soluciones de fondo van a tomar tiempo\u00bb.<\/p>\n","protected":false},"excerpt":{"rendered":"<p>El Gobierno nacional anticip\u00f3 que habr\u00e1 cortes de luz programados durante el verano ante la alta demanda de electricidad y la falta de generaci\u00f3n que vaticinan para los primeros meses&hellip;<\/p>\n","protected":false},"author":3,"featured_media":7341,"comment_status":"closed","ping_status":"closed","sticky":false,"template":"","format":"standard","meta":{"footnotes":""},"categories":[4,17],"tags":[],"class_list":["post-7340","post","type-post","status-publish","format-standard","has-post-thumbnail","hentry","category-destacados","category-nacional"],"rttpg_featured_image_url":{"full":["https:\/\/magazineweb.com.ar\/wp-content\/uploads\/2024\/09\/360-5.webp",604,360,false],"landscape":["https:\/\/magazineweb.com.ar\/wp-content\/uploads\/2024\/09\/360-5.webp",604,360,false],"portraits":["https:\/\/magazineweb.com.ar\/wp-content\/uploads\/2024\/09\/360-5.webp",604,360,false],"thumbnail":["https:\/\/magazineweb.com.ar\/wp-content\/uploads\/2024\/09\/360-5-150x150.webp",150,150,true],"medium":["https:\/\/magazineweb.com.ar\/wp-content\/uploads\/2024\/09\/360-5-300x179.webp",300,179,true],"large":["https:\/\/magazineweb.com.ar\/wp-content\/uploads\/2024\/09\/360-5.webp",604,360,false],"1536x1536":["https:\/\/magazineweb.com.ar\/wp-content\/uploads\/2024\/09\/360-5.webp",604,360,false],"2048x2048":["https:\/\/magazineweb.com.ar\/wp-content\/uploads\/2024\/09\/360-5.webp",604,360,false],"ultp_layout_landscape_large":["https:\/\/magazineweb.com.ar\/wp-content\/uploads\/2024\/09\/360-5.webp",604,360,false],"ultp_layout_landscape":["https:\/\/magazineweb.com.ar\/wp-content\/uploads\/2024\/09\/360-5.webp",604,360,false],"ultp_layout_portrait":["https:\/\/magazineweb.com.ar\/wp-content\/uploads\/2024\/09\/360-5-600x360.webp",600,360,true],"ultp_layout_square":["https:\/\/magazineweb.com.ar\/wp-content\/uploads\/2024\/09\/360-5-600x360.webp",600,360,true]},"rttpg_author":{"display_name":"Redacci\u00f3n Magazine Web","author_link":"https:\/\/magazineweb.com.ar\/?author=3"},"rttpg_comment":0,"rttpg_category":"<a href=\"https:\/\/magazineweb.com.ar\/?cat=4\" rel=\"category\">Destacados<\/a> <a href=\"https:\/\/magazineweb.com.ar\/?cat=17\" rel=\"category\">Nacional<\/a>","rttpg_excerpt":"El Gobierno nacional anticip\u00f3 que habr\u00e1 cortes de luz programados durante el verano ante la alta demanda de electricidad y la falta de generaci\u00f3n que vaticinan para los primeros meses&hellip;","_links":{"self":[{"href":"https:\/\/magazineweb.com.ar\/index.php?rest_route=\/wp\/v2\/posts\/7340","targetHints":{"allow":["GET"]}}],"collection":[{"href":"https:\/\/magazineweb.com.ar\/index.php?rest_route=\/wp\/v2\/posts"}],"about":[{"href":"https:\/\/magazineweb.com.ar\/index.php?rest_route=\/wp\/v2\/types\/post"}],"author":[{"embeddable":true,"href":"https:\/\/magazineweb.com.ar\/index.php?rest_route=\/wp\/v2\/users\/3"}],"replies":[{"embeddable":true,"href":"https:\/\/magazineweb.com.ar\/index.php?rest_route=%2Fwp%2Fv2%2Fcomments&post=7340"}],"version-history":[{"count":1,"href":"https:\/\/magazineweb.com.ar\/index.php?rest_route=\/wp\/v2\/posts\/7340\/revisions"}],"predecessor-version":[{"id":7342,"href":"https:\/\/magazineweb.com.ar\/index.php?rest_route=\/wp\/v2\/posts\/7340\/revisions\/7342"}],"wp:featuredmedia":[{"embeddable":true,"href":"https:\/\/magazineweb.com.ar\/index.php?rest_route=\/wp\/v2\/media\/7341"}],"wp:attachment":[{"href":"https:\/\/magazineweb.com.ar\/index.php?rest_route=%2Fwp%2Fv2%2Fmedia&parent=7340"}],"wp:term":[{"taxonomy":"category","embeddable":true,"href":"https:\/\/magazineweb.com.ar\/index.php?rest_route=%2Fwp%2Fv2%2Fcategories&post=7340"},{"taxonomy":"post_tag","embeddable":true,"href":"https:\/\/magazineweb.com.ar\/index.php?rest_route=%2Fwp%2Fv2%2Ftags&post=7340"}],"curies":[{"name":"wp","href":"https:\/\/api.w.org\/{rel}","templated":true}]}}