{"id":7346,"date":"2024-09-23T01:05:00","date_gmt":"2024-09-23T04:05:00","guid":{"rendered":"https:\/\/magazineweb.com.ar\/?p=7346"},"modified":"2024-09-22T16:27:11","modified_gmt":"2024-09-22T19:27:11","slug":"mundial-de-futsal-argentina-ya-conoce-a-su-rival-en-los-octavos-de-final","status":"publish","type":"post","link":"https:\/\/magazineweb.com.ar\/?p=7346","title":{"rendered":"Mundial de Futsal: Argentina ya conoce a su rival en los octavos de final"},"content":{"rendered":"\n<p>El rival de la selecci\u00f3n argentina en los octavos de final del Mundial de Futsal ser\u00e1 Croacia, luego de que los europeos hayan finalizado terceros en el Grupo B.<\/p>\n\n\n\n<p>Este domingo se termin\u00f3 de disputar la fase de grupos del Mundial y se defini\u00f3 que los balc\u00e1nicos ser\u00e1n los pr\u00f3ximos rivales de los \u00faltimos subcampeones del mundo en los octavos de final.<\/p>\n\n\n\n<p>La Argentina, dirigida por Mat\u00edas Lucuix, se meti\u00f3 en los octavos de final luego de superar la fase de grupos con puntaje ideal\u00a0gracias a las victorias ante Ucrania (7-1), Afganist\u00e1n (2-1) y Angola (9-5).<\/p>\n\n\n\n<p>Croacia, por su parte, avanz\u00f3 como tercera del Grupo B, producto de las ca\u00eddas ante Brasil (8-1) y Tailandia (2-1), y el triunfo por 7-0 frente a Cuba.<\/p>\n\n\n\n<p>El partido se llevar\u00e1 a cabo el viernes 27 a las 12 del mediod\u00eda.<\/p>\n\n\n\n<p>La Argentina, que hizo historia al consagrarse campeona en el 2016, quiere sacarse la espina de la edici\u00f3n de 2021, en la que cayeron en una final muy apretada ante Portugal.<\/p>\n\n\n\n<p>Justamente los lusos podr\u00edan ser los rivales de la \u201cAlbiceleste\u201d en los cuartos de final, en caso de que ambos logren avanzar.<\/p>\n","protected":false},"excerpt":{"rendered":"<p>El rival de la selecci\u00f3n argentina en los octavos de final del Mundial de Futsal ser\u00e1 Croacia, luego de que los europeos hayan finalizado terceros en el Grupo B. Este&hellip;<\/p>\n","protected":false},"author":3,"featured_media":7347,"comment_status":"closed","ping_status":"closed","sticky":false,"template":"","format":"standard","meta":{"footnotes":""},"categories":[3],"tags":[],"class_list":["post-7346","post","type-post","status-publish","format-standard","has-post-thumbnail","hentry","category-deportes"],"rttpg_featured_image_url":{"full":["https:\/\/magazineweb.com.ar\/wp-content\/uploads\/2024\/09\/720-23.webp",1221,720,false],"landscape":["https:\/\/magazineweb.com.ar\/wp-content\/uploads\/2024\/09\/720-23.webp",1221,720,false],"portraits":["https:\/\/magazineweb.com.ar\/wp-content\/uploads\/2024\/09\/720-23.webp",1221,720,false],"thumbnail":["https:\/\/magazineweb.com.ar\/wp-content\/uploads\/2024\/09\/720-23-150x150.webp",150,150,true],"medium":["https:\/\/magazineweb.com.ar\/wp-content\/uploads\/2024\/09\/720-23-300x177.webp",300,177,true],"large":["https:\/\/magazineweb.com.ar\/wp-content\/uploads\/2024\/09\/720-23-1024x604.webp",1024,604,true],"1536x1536":["https:\/\/magazineweb.com.ar\/wp-content\/uploads\/2024\/09\/720-23.webp",1221,720,false],"2048x2048":["https:\/\/magazineweb.com.ar\/wp-content\/uploads\/2024\/09\/720-23.webp",1221,720,false],"ultp_layout_landscape_large":["https:\/\/magazineweb.com.ar\/wp-content\/uploads\/2024\/09\/720-23-1200x720.webp",1200,720,true],"ultp_layout_landscape":["https:\/\/magazineweb.com.ar\/wp-content\/uploads\/2024\/09\/720-23-870x570.webp",870,570,true],"ultp_layout_portrait":["https:\/\/magazineweb.com.ar\/wp-content\/uploads\/2024\/09\/720-23-600x720.webp",600,720,true],"ultp_layout_square":["https:\/\/magazineweb.com.ar\/wp-content\/uploads\/2024\/09\/720-23-600x600.webp",600,600,true]},"rttpg_author":{"display_name":"Redacci\u00f3n Magazine Web","author_link":"https:\/\/magazineweb.com.ar\/?author=3"},"rttpg_comment":0,"rttpg_category":"<a href=\"https:\/\/magazineweb.com.ar\/?cat=3\" rel=\"category\">Deportes<\/a>","rttpg_excerpt":"El rival de la selecci\u00f3n argentina en los octavos de final del Mundial de Futsal ser\u00e1 Croacia, luego de que los europeos hayan finalizado terceros en el Grupo B. Este&hellip;","_links":{"self":[{"href":"https:\/\/magazineweb.com.ar\/index.php?rest_route=\/wp\/v2\/posts\/7346","targetHints":{"allow":["GET"]}}],"collection":[{"href":"https:\/\/magazineweb.com.ar\/index.php?rest_route=\/wp\/v2\/posts"}],"about":[{"href":"https:\/\/magazineweb.com.ar\/index.php?rest_route=\/wp\/v2\/types\/post"}],"author":[{"embeddable":true,"href":"https:\/\/magazineweb.com.ar\/index.php?rest_route=\/wp\/v2\/users\/3"}],"replies":[{"embeddable":true,"href":"https:\/\/magazineweb.com.ar\/index.php?rest_route=%2Fwp%2Fv2%2Fcomments&post=7346"}],"version-history":[{"count":1,"href":"https:\/\/magazineweb.com.ar\/index.php?rest_route=\/wp\/v2\/posts\/7346\/revisions"}],"predecessor-version":[{"id":7348,"href":"https:\/\/magazineweb.com.ar\/index.php?rest_route=\/wp\/v2\/posts\/7346\/revisions\/7348"}],"wp:featuredmedia":[{"embeddable":true,"href":"https:\/\/magazineweb.com.ar\/index.php?rest_route=\/wp\/v2\/media\/7347"}],"wp:attachment":[{"href":"https:\/\/magazineweb.com.ar\/index.php?rest_route=%2Fwp%2Fv2%2Fmedia&parent=7346"}],"wp:term":[{"taxonomy":"category","embeddable":true,"href":"https:\/\/magazineweb.com.ar\/index.php?rest_route=%2Fwp%2Fv2%2Fcategories&post=7346"},{"taxonomy":"post_tag","embeddable":true,"href":"https:\/\/magazineweb.com.ar\/index.php?rest_route=%2Fwp%2Fv2%2Ftags&post=7346"}],"curies":[{"name":"wp","href":"https:\/\/api.w.org\/{rel}","templated":true}]}}