{"id":7364,"date":"2024-09-23T01:03:00","date_gmt":"2024-09-23T04:03:00","guid":{"rendered":"https:\/\/magazineweb.com.ar\/?p=7364"},"modified":"2024-09-28T08:13:08","modified_gmt":"2024-09-28T11:13:08","slug":"mussi-los-mejores-ministros-de-economia-de-la-argentina-son-los-jubilados-y-las-jubiladas","status":"publish","type":"post","link":"https:\/\/magazineweb.com.ar\/?p=7364","title":{"rendered":"Mussi: \u00ablos mejores ministros de econom\u00eda de la Argentina son los jubilados y las jubiladas\u00bb"},"content":{"rendered":"\n<p>La Municipalidad de Berazategui realiz\u00f3 la 34\u00ba Fiesta del Jubilado y la Jubilada. En ese marco, el intendente Juan Jos\u00e9 Mussi se\u00f1al\u00f3: \u201cLos mejores ministros de Econom\u00eda de la Argentina son los jubilados y jubiladas\u201d, y enfatiz\u00f3: \u201cLos mayores tenemos muchas responsabilidades en estos momentos que est\u00e1 viviendo el pa\u00eds. A lo largo de nuestras vidas nos la pasamos luchando, por eso est\u00e1 prohibido aflojar\u201d.<\/p>\n\n\n\n<p>De la celebraci\u00f3n participaron cerca de 3500 personas que disfrutaron de la m\u00fasica del Grupo Commanche, adem\u00e1s de juegos y actividades recreativas.<\/p>\n\n\n\n<p>En su visita, adem\u00e1s, Mussi expres\u00f3: \u201cEn Berazategui tenemos un amor muy grande por las personas mayores. Hace 34 a\u00f1os que nunca fall\u00e9 a una fiesta del jubilado y jubilada; y nunca lo hice por compromiso, lo hice porque quer\u00eda estar con ustedes y lo disfrut\u00e9 tanto como lo hago hoy. Me emociona mucho esta fiesta, les agradezco el amor que me dan\u201d.<\/p>\n\n\n\n<p>A su vez, la secretaria de Desarrollo Social y Comunitario, Recreaci\u00f3n, Turismo y Deportes, Mar\u00eda Laura Lacava, destac\u00f3 el compromiso de la gesti\u00f3n municipal con las personas mayores: \u201cDesde hace 37 a\u00f1os Juan Jos\u00e9 Mussi les brinda a los adultos mayores amor eterno. Para Berazategui ellos -como las infancias- son prioridad, por eso desde sus inicios esta gesti\u00f3n municipal sabe escuchar sus necesidades y ha mejorado su calidad de vida a trav\u00e9s de distintas pol\u00edticas p\u00fablicas\u201d.<\/p>\n\n\n\n<p>Esta fiesta es organizada por la Secretar\u00eda de Desarrollo Social y Comunitario, Recreaci\u00f3n, Turismo y Deportes de la Municipalidad desde 1990, cuando se realiz\u00f3 la primera edici\u00f3n. Con el paso del tiempo, la convocatoria fue en aumento, hasta convertirse en una celebraci\u00f3n que re\u00fane a miles de jubilados y jubiladas cada a\u00f1o.<\/p>\n\n\n\n<p>En esta 34\u00b0 edici\u00f3n se utiliz\u00f3 como insignia de la celebraci\u00f3n a la flor \u201cNo me Olvides\u201d, un s\u00edmbolo de lealtad.<\/p>\n\n\n\n<p>Una de las jubiladas que asisti\u00f3 a la fiesta, Susana Sanabria, afirm\u00f3: \u201cLa pasamos divino, es preciosa esta fiesta como todo lo que se hace en Berazategui para nosotros. Muchas gracias al Intendente por todo lo que nos brinda desde hace tantos a\u00f1os\u201d.<\/p>\n\n\n\n<p>Por su parte, el jubilado Omar Garc\u00eda recalc\u00f3: \u201cEsta es una fiesta espectacular, es un espacio de encuentro y amistad. Es muy importante poder juntarnos aqu\u00ed, y en otras propuestas con las que contamos, para compartir todos por igual y para pasarla muy bien en esta etapa de la vida\u201d.<\/p>\n\n\n\n<p>La Municipalidad de Berazategui, a trav\u00e9s de la gesti\u00f3n de su intendente Juan Jos\u00e9 Mussi, impulsa distintas iniciativas para el bienestar de los adultos y les ofrece innumerables propuestas. Un ejemplo es el Complejo Municipal Los Privilegiados, donde se pueden practicar deportes -como nataci\u00f3n o gimnasia- y, tambi\u00e9n, prepararse para los Juegos Bonaerenses, adem\u00e1s de disfrutar de actividades recreativas.<\/p>\n\n\n\n<p>Asimismo, el Municipio acompa\u00f1a permanentemente a los Centros de Jubilados de la ciudad mediante subsidios, obras y propuestas culturales, recreativas y deportivas.<\/p>\n","protected":false},"excerpt":{"rendered":"<p>La Municipalidad de Berazategui realiz\u00f3 la 34\u00ba Fiesta del Jubilado y la Jubilada. En ese marco, el intendente Juan Jos\u00e9 Mussi se\u00f1al\u00f3: \u201cLos mejores ministros de Econom\u00eda de la Argentina&hellip;<\/p>\n","protected":false},"author":3,"featured_media":7365,"comment_status":"closed","ping_status":"closed","sticky":false,"template":"","format":"standard","meta":{"footnotes":""},"categories":[9],"tags":[],"class_list":["post-7364","post","type-post","status-publish","format-standard","has-post-thumbnail","hentry","category-informacion-general"],"rttpg_featured_image_url":{"full":["https:\/\/magazineweb.com.ar\/wp-content\/uploads\/2024\/09\/thumbnail_Berazategui-festejo-el-Dia-del-Jubilado-y-la-Jubilada-con-una-gran-fiesta-2.jpg",1600,1199,false],"landscape":["https:\/\/magazineweb.com.ar\/wp-content\/uploads\/2024\/09\/thumbnail_Berazategui-festejo-el-Dia-del-Jubilado-y-la-Jubilada-con-una-gran-fiesta-2.jpg",1600,1199,false],"portraits":["https:\/\/magazineweb.com.ar\/wp-content\/uploads\/2024\/09\/thumbnail_Berazategui-festejo-el-Dia-del-Jubilado-y-la-Jubilada-con-una-gran-fiesta-2.jpg",1600,1199,false],"thumbnail":["https:\/\/magazineweb.com.ar\/wp-content\/uploads\/2024\/09\/thumbnail_Berazategui-festejo-el-Dia-del-Jubilado-y-la-Jubilada-con-una-gran-fiesta-2-150x150.jpg",150,150,true],"medium":["https:\/\/magazineweb.com.ar\/wp-content\/uploads\/2024\/09\/thumbnail_Berazategui-festejo-el-Dia-del-Jubilado-y-la-Jubilada-con-una-gran-fiesta-2-300x225.jpg",300,225,true],"large":["https:\/\/magazineweb.com.ar\/wp-content\/uploads\/2024\/09\/thumbnail_Berazategui-festejo-el-Dia-del-Jubilado-y-la-Jubilada-con-una-gran-fiesta-2-1024x767.jpg",1024,767,true],"1536x1536":["https:\/\/magazineweb.com.ar\/wp-content\/uploads\/2024\/09\/thumbnail_Berazategui-festejo-el-Dia-del-Jubilado-y-la-Jubilada-con-una-gran-fiesta-2-1536x1151.jpg",1536,1151,true],"2048x2048":["https:\/\/magazineweb.com.ar\/wp-content\/uploads\/2024\/09\/thumbnail_Berazategui-festejo-el-Dia-del-Jubilado-y-la-Jubilada-con-una-gran-fiesta-2.jpg",1600,1199,false],"ultp_layout_landscape_large":["https:\/\/magazineweb.com.ar\/wp-content\/uploads\/2024\/09\/thumbnail_Berazategui-festejo-el-Dia-del-Jubilado-y-la-Jubilada-con-una-gran-fiesta-2-1200x800.jpg",1200,800,true],"ultp_layout_landscape":["https:\/\/magazineweb.com.ar\/wp-content\/uploads\/2024\/09\/thumbnail_Berazategui-festejo-el-Dia-del-Jubilado-y-la-Jubilada-con-una-gran-fiesta-2-870x570.jpg",870,570,true],"ultp_layout_portrait":["https:\/\/magazineweb.com.ar\/wp-content\/uploads\/2024\/09\/thumbnail_Berazategui-festejo-el-Dia-del-Jubilado-y-la-Jubilada-con-una-gran-fiesta-2-600x900.jpg",600,900,true],"ultp_layout_square":["https:\/\/magazineweb.com.ar\/wp-content\/uploads\/2024\/09\/thumbnail_Berazategui-festejo-el-Dia-del-Jubilado-y-la-Jubilada-con-una-gran-fiesta-2-600x600.jpg",600,600,true]},"rttpg_author":{"display_name":"Redacci\u00f3n Magazine Web","author_link":"https:\/\/magazineweb.com.ar\/?author=3"},"rttpg_comment":0,"rttpg_category":"<a href=\"https:\/\/magazineweb.com.ar\/?cat=9\" rel=\"category\">Informaci\u00f3n General<\/a>","rttpg_excerpt":"La Municipalidad de Berazategui realiz\u00f3 la 34\u00ba Fiesta del Jubilado y la Jubilada. En ese marco, el intendente Juan Jos\u00e9 Mussi se\u00f1al\u00f3: \u201cLos mejores ministros de Econom\u00eda de la Argentina&hellip;","_links":{"self":[{"href":"https:\/\/magazineweb.com.ar\/index.php?rest_route=\/wp\/v2\/posts\/7364","targetHints":{"allow":["GET"]}}],"collection":[{"href":"https:\/\/magazineweb.com.ar\/index.php?rest_route=\/wp\/v2\/posts"}],"about":[{"href":"https:\/\/magazineweb.com.ar\/index.php?rest_route=\/wp\/v2\/types\/post"}],"author":[{"embeddable":true,"href":"https:\/\/magazineweb.com.ar\/index.php?rest_route=\/wp\/v2\/users\/3"}],"replies":[{"embeddable":true,"href":"https:\/\/magazineweb.com.ar\/index.php?rest_route=%2Fwp%2Fv2%2Fcomments&post=7364"}],"version-history":[{"count":1,"href":"https:\/\/magazineweb.com.ar\/index.php?rest_route=\/wp\/v2\/posts\/7364\/revisions"}],"predecessor-version":[{"id":7366,"href":"https:\/\/magazineweb.com.ar\/index.php?rest_route=\/wp\/v2\/posts\/7364\/revisions\/7366"}],"wp:featuredmedia":[{"embeddable":true,"href":"https:\/\/magazineweb.com.ar\/index.php?rest_route=\/wp\/v2\/media\/7365"}],"wp:attachment":[{"href":"https:\/\/magazineweb.com.ar\/index.php?rest_route=%2Fwp%2Fv2%2Fmedia&parent=7364"}],"wp:term":[{"taxonomy":"category","embeddable":true,"href":"https:\/\/magazineweb.com.ar\/index.php?rest_route=%2Fwp%2Fv2%2Fcategories&post=7364"},{"taxonomy":"post_tag","embeddable":true,"href":"https:\/\/magazineweb.com.ar\/index.php?rest_route=%2Fwp%2Fv2%2Ftags&post=7364"}],"curies":[{"name":"wp","href":"https:\/\/api.w.org\/{rel}","templated":true}]}}