{"id":7373,"date":"2024-09-23T01:02:00","date_gmt":"2024-09-23T04:02:00","guid":{"rendered":"https:\/\/magazineweb.com.ar\/?p=7373"},"modified":"2024-09-22T18:37:32","modified_gmt":"2024-09-22T21:37:32","slug":"mayra-participo-de-la-celebracion-ecumenica-que-se-realizo-por-el-73o-aniversario-del-barrio-la-paz","status":"publish","type":"post","link":"https:\/\/magazineweb.com.ar\/?p=7373","title":{"rendered":"Mayra particip\u00f3 de la celebraci\u00f3n ecum\u00e9nica que se realiz\u00f3 por el 73\u00ba aniversario del Barrio La Paz"},"content":{"rendered":"\n<p>La intendenta de Quilmes, Mayra Mendoza, particip\u00f3 ayer domingo por la ma\u00f1ana de la celebraci\u00f3n ecum\u00e9nica que se realiz\u00f3 en la parroquia Nuestra Se\u00f1ora de Itat\u00ed (Monse\u00f1or Angelelli entre Eva Per\u00f3n y 893, Quilmes Oeste), en el marco del 73\u00ba aniversario del barrio La Paz, junto a representantes de las iglesias Cat\u00f3lica, Protestante y Evang\u00e9lica con el objetivo de fomentar la unidad de las distintas confesiones religiosas cristianas \u201chist\u00f3ricas\u201d en pos de la comunidad.<\/p>\n\n\n\n<p>\u201cEs un momento de mucho sentimiento, reflexi\u00f3n y tan dif\u00edcil, pero cuando una iba escuchando las distintas palabras de los diferentes colectivos de nuestra comunidad entend\u00eda desde donde nace y se gesta la esperanza y es justamente de espacios como el que hoy estamos viviendo, comenzando con la celebraci\u00f3n del 73\u00ba aniversario del barrio La Paz y el gran La Paz, porque son diferentes los barrios que integran esta comunidad y que hoy est\u00e1 en gran parte representada ac\u00e1\u201d, expres\u00f3 Mayra que estuvo acompa\u00f1ada por la directora de Culto local, Mariana Rodr\u00edguez y fue recibida por el padre Juan Jos\u00e9 Vasallo, administrador parroquial de Nuestra Se\u00f1ora de Itat\u00ed.<\/p>\n\n\n\n<p>La Jefa comunal afirm\u00f3: \u201cSin dudas, tenemos por delante d\u00edas que son muy dif\u00edciles, lo ven\u00edamos diciendo cuando en teor\u00eda ten\u00edamos un Gobierno que deb\u00eda trabajar por los intereses de la mayor\u00eda del pueblo trabajador, y sobre todo de los m\u00e1s pobres y teniendo trabajadores asalariados por debajo de la l\u00ednea de la pobreza. Eso ya nos indicaba que lo que se estaba haciendo no estaba bien y que el enojo y la manifestaci\u00f3n del pueblo iba a ser elegir otra cosa. Y esa elecci\u00f3n de algo nuevo, distinto fue realmente un da\u00f1o enorme para nuestro pa\u00eds pero hay que hacerse cargo de porqu\u00e9 terminamos con este gobierno y con este resultado\u201d.<\/p>\n\n\n\n<p>Y subray\u00f3: \u201cTengo la responsabilidad de decirlo y tratar de seguir construyendo este sentido que tantas veces quieren desviar con falsas noticias o con banalidades de la vida \u00edntima del Presidente. A m\u00ed no me importa si tiene novia nueva o novia vieja, a m\u00ed me importa c\u00f3mo est\u00e1n viviendo los argentinos y lo que \u00e9l debe hacer como Presidente de la Naci\u00f3n. Eso es lo que el pueblo debe exigirle con responsabilidad, seriedad y con respeto. A este hombre lo puso el pueblo y el pueblo decidir\u00e1 cuando termina el da\u00f1o que nos est\u00e1 haciendo. No podemos acostumbrarnos a ver a nuestras familias sumergidas en la pobreza. No queremos que se sobreviva, queremos trabajar para que todos en nuestra querida ciudad de Quilmes, en la provincia de Buenos Aires y el pa\u00eds vivan dignamente. Y la dignidad se consigue con honestidad, trabajo y organizaciones\u201d.<\/p>\n\n\n\n<p>En el encuentro, del cual participaron vecinos, vecinos y representantes de las distintas instituciones que hacen al barrio La Paz, se reflexion\u00f3 sobre la esperanza de un futuro mejor condicionado por la dif\u00edcil situaci\u00f3n de crisis econ\u00f3mica y pol\u00edtica que est\u00e1 atravesando el pa\u00eds. Adem\u00e1s se llev\u00f3 a cabo un pedido de intercesi\u00f3n espiritual para los diversos grupos sociales que conforman la comunidad (ni\u00f1os, jubilados, trabajadores, mujeres, profesionales y funcionarios municipales). Y tambi\u00e9n hubo momentos para oraciones, lecturas del evangelio, bendiciones y m\u00fasica de alabanza.<\/p>\n\n\n\n<p>Estuvieron presentes en la celebraci\u00f3n el secretario de Servicios P\u00fablicos, Sebasti\u00e1n Garc\u00eda; el director de la Base Operativa de San Francisco Solano, Marcelo Garc\u00eda; sus pares del CIC La Paz, Ver\u00f3nica Medina; de Planificaci\u00f3n Territorial de la Secretar\u00eda de Mujeres, Diversidades y Derechos Humanos, Silvina L\u00f3pez; de Espacios Culturales, Marisol Vecchi, y los concejales de UP, Mariano Casado y Ezequiel Arauz.<\/p>\n","protected":false},"excerpt":{"rendered":"<p>La intendenta de Quilmes, Mayra Mendoza, particip\u00f3 ayer domingo por la ma\u00f1ana de la celebraci\u00f3n ecum\u00e9nica que se realiz\u00f3 en la parroquia Nuestra Se\u00f1ora de Itat\u00ed (Monse\u00f1or Angelelli entre Eva&hellip;<\/p>\n","protected":false},"author":3,"featured_media":7374,"comment_status":"closed","ping_status":"closed","sticky":false,"template":"","format":"standard","meta":{"footnotes":""},"categories":[4,9],"tags":[],"class_list":["post-7373","post","type-post","status-publish","format-standard","has-post-thumbnail","hentry","category-destacados","category-informacion-general"],"rttpg_featured_image_url":{"full":["https:\/\/magazineweb.com.ar\/wp-content\/uploads\/2024\/09\/thumbnail_MAYRA-PARTICIPO-DE-LA-CELEBRACION-ECUMENICA-QUE-SE-REALIZO-POR-EL-73o-ANIVERSARIO-DEL-BARRIO-LA-PAZ-3.jpg",720,479,false],"landscape":["https:\/\/magazineweb.com.ar\/wp-content\/uploads\/2024\/09\/thumbnail_MAYRA-PARTICIPO-DE-LA-CELEBRACION-ECUMENICA-QUE-SE-REALIZO-POR-EL-73o-ANIVERSARIO-DEL-BARRIO-LA-PAZ-3.jpg",720,479,false],"portraits":["https:\/\/magazineweb.com.ar\/wp-content\/uploads\/2024\/09\/thumbnail_MAYRA-PARTICIPO-DE-LA-CELEBRACION-ECUMENICA-QUE-SE-REALIZO-POR-EL-73o-ANIVERSARIO-DEL-BARRIO-LA-PAZ-3.jpg",720,479,false],"thumbnail":["https:\/\/magazineweb.com.ar\/wp-content\/uploads\/2024\/09\/thumbnail_MAYRA-PARTICIPO-DE-LA-CELEBRACION-ECUMENICA-QUE-SE-REALIZO-POR-EL-73o-ANIVERSARIO-DEL-BARRIO-LA-PAZ-3-150x150.jpg",150,150,true],"medium":["https:\/\/magazineweb.com.ar\/wp-content\/uploads\/2024\/09\/thumbnail_MAYRA-PARTICIPO-DE-LA-CELEBRACION-ECUMENICA-QUE-SE-REALIZO-POR-EL-73o-ANIVERSARIO-DEL-BARRIO-LA-PAZ-3-300x200.jpg",300,200,true],"large":["https:\/\/magazineweb.com.ar\/wp-content\/uploads\/2024\/09\/thumbnail_MAYRA-PARTICIPO-DE-LA-CELEBRACION-ECUMENICA-QUE-SE-REALIZO-POR-EL-73o-ANIVERSARIO-DEL-BARRIO-LA-PAZ-3.jpg",720,479,false],"1536x1536":["https:\/\/magazineweb.com.ar\/wp-content\/uploads\/2024\/09\/thumbnail_MAYRA-PARTICIPO-DE-LA-CELEBRACION-ECUMENICA-QUE-SE-REALIZO-POR-EL-73o-ANIVERSARIO-DEL-BARRIO-LA-PAZ-3.jpg",720,479,false],"2048x2048":["https:\/\/magazineweb.com.ar\/wp-content\/uploads\/2024\/09\/thumbnail_MAYRA-PARTICIPO-DE-LA-CELEBRACION-ECUMENICA-QUE-SE-REALIZO-POR-EL-73o-ANIVERSARIO-DEL-BARRIO-LA-PAZ-3.jpg",720,479,false],"ultp_layout_landscape_large":["https:\/\/magazineweb.com.ar\/wp-content\/uploads\/2024\/09\/thumbnail_MAYRA-PARTICIPO-DE-LA-CELEBRACION-ECUMENICA-QUE-SE-REALIZO-POR-EL-73o-ANIVERSARIO-DEL-BARRIO-LA-PAZ-3.jpg",720,479,false],"ultp_layout_landscape":["https:\/\/magazineweb.com.ar\/wp-content\/uploads\/2024\/09\/thumbnail_MAYRA-PARTICIPO-DE-LA-CELEBRACION-ECUMENICA-QUE-SE-REALIZO-POR-EL-73o-ANIVERSARIO-DEL-BARRIO-LA-PAZ-3.jpg",720,479,false],"ultp_layout_portrait":["https:\/\/magazineweb.com.ar\/wp-content\/uploads\/2024\/09\/thumbnail_MAYRA-PARTICIPO-DE-LA-CELEBRACION-ECUMENICA-QUE-SE-REALIZO-POR-EL-73o-ANIVERSARIO-DEL-BARRIO-LA-PAZ-3-600x479.jpg",600,479,true],"ultp_layout_square":["https:\/\/magazineweb.com.ar\/wp-content\/uploads\/2024\/09\/thumbnail_MAYRA-PARTICIPO-DE-LA-CELEBRACION-ECUMENICA-QUE-SE-REALIZO-POR-EL-73o-ANIVERSARIO-DEL-BARRIO-LA-PAZ-3-600x479.jpg",600,479,true]},"rttpg_author":{"display_name":"Redacci\u00f3n Magazine Web","author_link":"https:\/\/magazineweb.com.ar\/?author=3"},"rttpg_comment":0,"rttpg_category":"<a href=\"https:\/\/magazineweb.com.ar\/?cat=4\" rel=\"category\">Destacados<\/a> <a href=\"https:\/\/magazineweb.com.ar\/?cat=9\" rel=\"category\">Informaci\u00f3n General<\/a>","rttpg_excerpt":"La intendenta de Quilmes, Mayra Mendoza, particip\u00f3 ayer domingo por la ma\u00f1ana de la celebraci\u00f3n ecum\u00e9nica que se realiz\u00f3 en la parroquia Nuestra Se\u00f1ora de Itat\u00ed (Monse\u00f1or Angelelli entre Eva&hellip;","_links":{"self":[{"href":"https:\/\/magazineweb.com.ar\/index.php?rest_route=\/wp\/v2\/posts\/7373","targetHints":{"allow":["GET"]}}],"collection":[{"href":"https:\/\/magazineweb.com.ar\/index.php?rest_route=\/wp\/v2\/posts"}],"about":[{"href":"https:\/\/magazineweb.com.ar\/index.php?rest_route=\/wp\/v2\/types\/post"}],"author":[{"embeddable":true,"href":"https:\/\/magazineweb.com.ar\/index.php?rest_route=\/wp\/v2\/users\/3"}],"replies":[{"embeddable":true,"href":"https:\/\/magazineweb.com.ar\/index.php?rest_route=%2Fwp%2Fv2%2Fcomments&post=7373"}],"version-history":[{"count":1,"href":"https:\/\/magazineweb.com.ar\/index.php?rest_route=\/wp\/v2\/posts\/7373\/revisions"}],"predecessor-version":[{"id":7375,"href":"https:\/\/magazineweb.com.ar\/index.php?rest_route=\/wp\/v2\/posts\/7373\/revisions\/7375"}],"wp:featuredmedia":[{"embeddable":true,"href":"https:\/\/magazineweb.com.ar\/index.php?rest_route=\/wp\/v2\/media\/7374"}],"wp:attachment":[{"href":"https:\/\/magazineweb.com.ar\/index.php?rest_route=%2Fwp%2Fv2%2Fmedia&parent=7373"}],"wp:term":[{"taxonomy":"category","embeddable":true,"href":"https:\/\/magazineweb.com.ar\/index.php?rest_route=%2Fwp%2Fv2%2Fcategories&post=7373"},{"taxonomy":"post_tag","embeddable":true,"href":"https:\/\/magazineweb.com.ar\/index.php?rest_route=%2Fwp%2Fv2%2Ftags&post=7373"}],"curies":[{"name":"wp","href":"https:\/\/api.w.org\/{rel}","templated":true}]}}