{"id":7376,"date":"2024-09-23T01:09:00","date_gmt":"2024-09-23T04:09:00","guid":{"rendered":"https:\/\/magazineweb.com.ar\/?p=7376"},"modified":"2024-09-22T18:48:35","modified_gmt":"2024-09-22T21:48:35","slug":"mayra-participo-de-la-celebracion-ecumenica-que-se-realizo-por-el-73o-aniversario-del-barrio-la-paz-2","status":"publish","type":"post","link":"https:\/\/magazineweb.com.ar\/?p=7376","title":{"rendered":"Mayra particip\u00f3 de la celebraci\u00f3n ecum\u00e9nica que se realiz\u00f3 por el 73\u00ba aniversario del Barrio La Paz"},"content":{"rendered":"\n<p>La intendenta de Quilmes, Mayra Mendoza, particip\u00f3 este s\u00e1bado de diferentes actividades por el D\u00eda de la Primavera y el del Estudiante, que tuvieron lugar en el Parque Lineal Dr. Ricardo Alfons\u00edn y en el Vivero Municipal \u201cYolanda Ortiz\u201d, ubicados en Don Bosco, junto a cientos de j\u00f3venes, y vecinas y vecinos.<\/p>\n\n\n\n<p>\u201cRecibimos la primavera y celebramos el D\u00eda del Estudiante en el Festival del Alfajor Argentino que realizamos en el Parque Lineal Don Bosco. Estuvimos conociendo a los emprendedores detr\u00e1s de los m\u00e1s de 30 alfajores que participaron del evento y disfrutando el d\u00eda junto a vecinos y vecinas\u201d, se\u00f1al\u00f3 Mayra.<\/p>\n\n\n\n<p>En este marco, la Jefa comunal recorri\u00f3 el \u201cEspacio Alfajor\u201d, una iniciativa articulada en conjunto entre el Municipio y la Asociaci\u00f3n Kil\u00f3metro del Alfajor Argentino, con m\u00e1s de 30 stands de alfajores, adem\u00e1s de contar con la presencia de foodtrucks, cerveceros artesanales, feria de emprendedores locales, talleres gratuitos de pasteler\u00eda, m\u00fasica en vivo y una competencia de baile. Adem\u00e1s, hubo sorteos para los estudiantes y un sitio donde los m\u00e1s j\u00f3venes pudieron disfrutar de la experiencia de elaborar sus propios alfajores de forma gratuita.<\/p>\n\n\n\n<p>En referencia a esto, la coordinadora de Kil\u00f3metro del Alfajor Argentino, Andrea Maida, expres\u00f3: \u201cNos contactamos con la Municipalidad de Quilmes que mostr\u00f3 una gran predisposici\u00f3n para hacer este evento que sali\u00f3 genial. Se trata de exponer alfajores de todo tipo y de toda la Argentina, del Norte, del Sur, de provincia de Buenos Aires, de C\u00f3rdoba, de todos lados. Y la idea es que el p\u00fablico conozca que hay alfajores de todos los rincones de nuestro pa\u00eds\u201d.<\/p>\n\n\n\n<p>A continuaci\u00f3n, Mayra se dirigi\u00f3 al vivero municipal donde recorri\u00f3 la \u201cExpo Vivero Edici\u00f3n Primavera\u201d, donde se desarroll\u00f3 la EcoFeria, que tiene como objetivo promover la econom\u00eda sustentable y brindar herramientas a la comunidad para la independencia econ\u00f3mica, mediante un modo de producci\u00f3n donde primen las buenas pr\u00e1cticas ambientales, teniendo en cuenta que cada uno de los productos que los emprendedores comercializan deben cumplir con los siguientes criterios: Reutilizaci\u00f3n de materiales reciclables; Producci\u00f3n agroecol\u00f3gica; Producci\u00f3n artesanal, y apelar a la sensibilizaci\u00f3n y conciencia ambiental.<\/p>\n\n\n\n<p>\u201cRecorrimos la Expo Vivero Edici\u00f3n Primavera que realizamos en nuestro Vivero Municipal \u2018Yolanda Ortiz\u2019, de Don Bosco, donde hubo una feria de la que participaron viveros locales, estudiantes de los talleres de jardiner\u00eda, emprendedores, emprendedoras y familias de Quilmes que se llevaron plantines y semillas. Vamos a seguir realizando iniciativas como est\u00e1s, que promueven el v\u00ednculo con la comunidad, la econom\u00eda sustentable, las buenas pr\u00e1cticas y la consciencia ambiental con las que estamos construyendo una ciudad m\u00e1s limpia y sustentable\u201d, sostuvo la Intendenta.<\/p>\n\n\n\n<p>La mayor\u00eda de las y los emprendedores son estudiantes de la Escuela de Jardiner\u00eda Municipal o articulan y colaboran con la Secretar\u00eda de Ambiente y GIRSU local en distintos eventos y talleres. Adem\u00e1s los presentes recibieron ejemplares aut\u00f3ctonos del vivero municipal y bombas de semillas de flores para plantar en sus casas.<\/p>\n","protected":false},"excerpt":{"rendered":"<p>La intendenta de Quilmes, Mayra Mendoza, particip\u00f3 este s\u00e1bado de diferentes actividades por el D\u00eda de la Primavera y el del Estudiante, que tuvieron lugar en el Parque Lineal Dr.&hellip;<\/p>\n","protected":false},"author":3,"featured_media":7377,"comment_status":"closed","ping_status":"closed","sticky":false,"template":"","format":"standard","meta":{"footnotes":""},"categories":[9],"tags":[],"class_list":["post-7376","post","type-post","status-publish","format-standard","has-post-thumbnail","hentry","category-informacion-general"],"rttpg_featured_image_url":{"full":["https:\/\/magazineweb.com.ar\/wp-content\/uploads\/2024\/09\/thumbnail_mp-2.jpg",720,479,false],"landscape":["https:\/\/magazineweb.com.ar\/wp-content\/uploads\/2024\/09\/thumbnail_mp-2.jpg",720,479,false],"portraits":["https:\/\/magazineweb.com.ar\/wp-content\/uploads\/2024\/09\/thumbnail_mp-2.jpg",720,479,false],"thumbnail":["https:\/\/magazineweb.com.ar\/wp-content\/uploads\/2024\/09\/thumbnail_mp-2-150x150.jpg",150,150,true],"medium":["https:\/\/magazineweb.com.ar\/wp-content\/uploads\/2024\/09\/thumbnail_mp-2-300x200.jpg",300,200,true],"large":["https:\/\/magazineweb.com.ar\/wp-content\/uploads\/2024\/09\/thumbnail_mp-2.jpg",720,479,false],"1536x1536":["https:\/\/magazineweb.com.ar\/wp-content\/uploads\/2024\/09\/thumbnail_mp-2.jpg",720,479,false],"2048x2048":["https:\/\/magazineweb.com.ar\/wp-content\/uploads\/2024\/09\/thumbnail_mp-2.jpg",720,479,false],"ultp_layout_landscape_large":["https:\/\/magazineweb.com.ar\/wp-content\/uploads\/2024\/09\/thumbnail_mp-2.jpg",720,479,false],"ultp_layout_landscape":["https:\/\/magazineweb.com.ar\/wp-content\/uploads\/2024\/09\/thumbnail_mp-2.jpg",720,479,false],"ultp_layout_portrait":["https:\/\/magazineweb.com.ar\/wp-content\/uploads\/2024\/09\/thumbnail_mp-2-600x479.jpg",600,479,true],"ultp_layout_square":["https:\/\/magazineweb.com.ar\/wp-content\/uploads\/2024\/09\/thumbnail_mp-2-600x479.jpg",600,479,true]},"rttpg_author":{"display_name":"Redacci\u00f3n Magazine Web","author_link":"https:\/\/magazineweb.com.ar\/?author=3"},"rttpg_comment":0,"rttpg_category":"<a href=\"https:\/\/magazineweb.com.ar\/?cat=9\" rel=\"category\">Informaci\u00f3n General<\/a>","rttpg_excerpt":"La intendenta de Quilmes, Mayra Mendoza, particip\u00f3 este s\u00e1bado de diferentes actividades por el D\u00eda de la Primavera y el del Estudiante, que tuvieron lugar en el Parque Lineal Dr.&hellip;","_links":{"self":[{"href":"https:\/\/magazineweb.com.ar\/index.php?rest_route=\/wp\/v2\/posts\/7376","targetHints":{"allow":["GET"]}}],"collection":[{"href":"https:\/\/magazineweb.com.ar\/index.php?rest_route=\/wp\/v2\/posts"}],"about":[{"href":"https:\/\/magazineweb.com.ar\/index.php?rest_route=\/wp\/v2\/types\/post"}],"author":[{"embeddable":true,"href":"https:\/\/magazineweb.com.ar\/index.php?rest_route=\/wp\/v2\/users\/3"}],"replies":[{"embeddable":true,"href":"https:\/\/magazineweb.com.ar\/index.php?rest_route=%2Fwp%2Fv2%2Fcomments&post=7376"}],"version-history":[{"count":1,"href":"https:\/\/magazineweb.com.ar\/index.php?rest_route=\/wp\/v2\/posts\/7376\/revisions"}],"predecessor-version":[{"id":7378,"href":"https:\/\/magazineweb.com.ar\/index.php?rest_route=\/wp\/v2\/posts\/7376\/revisions\/7378"}],"wp:featuredmedia":[{"embeddable":true,"href":"https:\/\/magazineweb.com.ar\/index.php?rest_route=\/wp\/v2\/media\/7377"}],"wp:attachment":[{"href":"https:\/\/magazineweb.com.ar\/index.php?rest_route=%2Fwp%2Fv2%2Fmedia&parent=7376"}],"wp:term":[{"taxonomy":"category","embeddable":true,"href":"https:\/\/magazineweb.com.ar\/index.php?rest_route=%2Fwp%2Fv2%2Fcategories&post=7376"},{"taxonomy":"post_tag","embeddable":true,"href":"https:\/\/magazineweb.com.ar\/index.php?rest_route=%2Fwp%2Fv2%2Ftags&post=7376"}],"curies":[{"name":"wp","href":"https:\/\/api.w.org\/{rel}","templated":true}]}}