{"id":7385,"date":"2024-09-30T01:02:00","date_gmt":"2024-09-30T04:02:00","guid":{"rendered":"https:\/\/magazineweb.com.ar\/?p=7385"},"modified":"2024-09-29T12:09:12","modified_gmt":"2024-09-29T15:09:12","slug":"la-clase-media-ya-se-autopercibe-pobre-con-las-urnas-a-la-vuelta-de-la-esquina","status":"publish","type":"post","link":"https:\/\/magazineweb.com.ar\/?p=7385","title":{"rendered":"La clase media ya se autopercibe pobre, con las urnas a la vuelta de la esquina"},"content":{"rendered":"\n<p>El retroceso de 15 puntos en el nivel de confianza en el gobierno (\u00edndice de la Universidad Torcuato Di Tella), al igual que en la imagen que registra en las \u00faltimas encuestas, guarda directa relaci\u00f3n entre los efectos socioecon\u00f3micos en la ciudadania y la posible proyecci\u00f3n electoral con vistas a 2025.<\/p>\n\n\n\n<p>El consultor Javier Pianta afirm\u00f3 que \u201cla falta de recuperaci\u00f3n del poder adquisitivo y la recesi\u00f3n son predictores de mal desempe\u00f1o electoral, independientemente de la competencia pol\u00edtica\u201d<\/p>\n\n\n\n<p>Las tendencias de la opini\u00f3n p\u00fablica se construyen a mediano y largo plazo sobre los resultados socioecon\u00f3micos, que actualmente marchan a contramano de los efectos de bienestar, que hubieran generado imagen positiva, buenos niveles de aprobaci\u00f3n e intenci\u00f3n de voto.<\/p>\n\n\n\n<p>Descarta que existan electores por un lado y consumidores por otro, sino que se trata de una comunidad que consume y que vota; por lo tanto, hay vasos comunicantes entre ambas dimensiones de conducta.<\/p>\n\n\n\n<p>Malestar en los bolsillos<br>Las consecuencias del ajuste est\u00e1n impactando fuerte en las econom\u00edas dom\u00e9sticas de los electores; lo cual decanta en t\u00e9rminos de autopercepci\u00f3n de clase social.<\/p>\n\n\n\n<p>En la encuesta nacional realizada en agosto por Opinion Lab, 36% se percib\u00eda como de clase social baja, mientras que remont\u00e1ndose un a\u00f1o s\u00f3lo 18% se ve\u00eda as\u00ed; 38% se identific\u00f3 como de clase baja (30% antes), 21% de clase media (el doble un a\u00f1o atr\u00e1s) y 4% de clase media alta o alta (9% en 2023). Eso perfila un proceso de movilidad social descendente en t\u00e9rminos de autopercepci\u00f3n.<\/p>\n\n\n\n<p>El mismo informe arroja que casi un tercio de quienes se percib\u00edan de clase media alta en 2023 se mantienen igual este a\u00f1o, casi 40% siente que baj\u00f3 un escal\u00f3n a la media, casi un cuarto que baj\u00f3 dos hasta el segmento medio bajo; 5% cay\u00f3 tres pelda\u00f1os, hasta la baja.<\/p>\n\n\n\n<p>En tanto, del 30% que se ve\u00eda como media baja el a\u00f1o pasado, la mitad siente que cay\u00f3 un escal\u00f3n a la baja, 6% cree que subi\u00f3 un pelda\u00f1o a la media y 44% que se mantiene igual.<\/p>\n\n\n\n<p>El 43% de quienes se percib\u00edan de clase media en 2023 sienten que descendieron un escal\u00f3n a la baja, un 20% cree que cedi\u00f3 dos hasta la baja y 37% que se mantiene igual este a\u00f1o.<\/p>\n\n\n\n<p>Por otro lado, del 18% que se ve\u00eda como baja el a\u00f1o pasado, el 71% cree que se mantiene, 3% opina que subi\u00f3 uno a la media y 25% que subi\u00f3 dos hasta la media baja.<\/p>\n\n\n\n<p>De todos modos, en el resultado neto la movilidad descendente autopercibida se impone sobre la ascendente y la estabilidad.<\/p>\n\n\n\n<p>Lo que dicen las encuestas<br>En la misma l\u00ednea, seg\u00fan Haime &amp; Asociados, respecto a 2022 la autopercepci\u00f3n de nivel social alto cedi\u00f3 1,3 puntos porcentuales, la de clase media cay\u00f3 10,4 pp y la de bajo medio descendi\u00f3 5,1 pp; en sentido contrario, quienes se identifican como de clase baja crecieron casi 17 pp en el mismo lapso.<\/p>\n\n\n\n<p>A su turno, la encuesta realizada en agosto por Pulso Research arroj\u00f3 apenas 0,7% de clase alta, 27,5% de clase media, casi 39% de media baja y 28,5% de baja.<\/p>\n\n\n\n<p>M\u00e1s all\u00e1 de los matices, se perfila un patr\u00f3n de deterioro socioecon\u00f3mico transversal creciente que implica un empobrecimiento relativo en un contexto que ya era desfavorable en 2023, pero se agrav\u00f3.<\/p>\n\n\n\n<p>En este marco, seg\u00fan la \u00faltima compulsa de Analog\u00edas 45,2% de los argentinos cree que la suba de la pobreza de estos meses ser\u00e1 permanente, vs casi 41% que abriga la esperanza de que sea temporario.<\/p>\n\n\n\n<p>Para m\u00e1s datos, la situaci\u00f3n cr\u00edtica se intensific\u00f3 en los \u00faltimos meses: la encuesta realizada en septiembre por Proyecci\u00f3n Consultores arroj\u00f3 que el segmento que no llega a fin de mes alcanz\u00f3 un pico de casi 32% en la serie que arranc\u00f3 en marzo; al sumar el 36% que tiene que achicar gastos para llegar, el acumulado trepa a casi 68%.<\/p>\n\n\n\n<p>Seg\u00fan Haime, casi la mitad de las familias s\u00f3lo cubre los gastos con sus ingresos, mientras que poco menos de un tercio no llega a cubrirlos.<\/p>\n\n\n\n<p>Seg\u00fan Haime, m\u00e1s de la mitad cree que las medidas tomadas por Milei no servir\u00e1n por el efecto de empobrecimiento, vs 37% que opina que permitir\u00e1n sacar adelante al pa\u00eds y 8% que piensa que s\u00f3lo evitar\u00e1n un empeoramiento.<\/p>\n\n\n\n<p>Con matices, seg\u00fan Analog\u00edas el 48% de los electores cree que el sacrificio de estos meses no est\u00e1 sirviendo para resolver los problemas de la econom\u00eda, vs 39,2% que opina que s\u00ed.<\/p>\n","protected":false},"excerpt":{"rendered":"<p>El retroceso de 15 puntos en el nivel de confianza en el gobierno (\u00edndice de la Universidad Torcuato Di Tella), al igual que en la imagen que registra en las&hellip;<\/p>\n","protected":false},"author":3,"featured_media":7386,"comment_status":"closed","ping_status":"closed","sticky":false,"template":"","format":"standard","meta":{"footnotes":""},"categories":[4,5,17,13],"tags":[],"class_list":["post-7385","post","type-post","status-publish","format-standard","has-post-thumbnail","hentry","category-destacados","category-economia","category-nacional","category-politica"],"rttpg_featured_image_url":{"full":["https:\/\/magazineweb.com.ar\/wp-content\/uploads\/2024\/09\/720-38.webp",1104,720,false],"landscape":["https:\/\/magazineweb.com.ar\/wp-content\/uploads\/2024\/09\/720-38.webp",1104,720,false],"portraits":["https:\/\/magazineweb.com.ar\/wp-content\/uploads\/2024\/09\/720-38.webp",1104,720,false],"thumbnail":["https:\/\/magazineweb.com.ar\/wp-content\/uploads\/2024\/09\/720-38-150x150.webp",150,150,true],"medium":["https:\/\/magazineweb.com.ar\/wp-content\/uploads\/2024\/09\/720-38-300x196.webp",300,196,true],"large":["https:\/\/magazineweb.com.ar\/wp-content\/uploads\/2024\/09\/720-38-1024x668.webp",1024,668,true],"1536x1536":["https:\/\/magazineweb.com.ar\/wp-content\/uploads\/2024\/09\/720-38.webp",1104,720,false],"2048x2048":["https:\/\/magazineweb.com.ar\/wp-content\/uploads\/2024\/09\/720-38.webp",1104,720,false],"ultp_layout_landscape_large":["https:\/\/magazineweb.com.ar\/wp-content\/uploads\/2024\/09\/720-38.webp",1104,720,false],"ultp_layout_landscape":["https:\/\/magazineweb.com.ar\/wp-content\/uploads\/2024\/09\/720-38-870x570.webp",870,570,true],"ultp_layout_portrait":["https:\/\/magazineweb.com.ar\/wp-content\/uploads\/2024\/09\/720-38-600x720.webp",600,720,true],"ultp_layout_square":["https:\/\/magazineweb.com.ar\/wp-content\/uploads\/2024\/09\/720-38-600x600.webp",600,600,true]},"rttpg_author":{"display_name":"Redacci\u00f3n Magazine Web","author_link":"https:\/\/magazineweb.com.ar\/?author=3"},"rttpg_comment":0,"rttpg_category":"<a href=\"https:\/\/magazineweb.com.ar\/?cat=4\" rel=\"category\">Destacados<\/a> <a href=\"https:\/\/magazineweb.com.ar\/?cat=5\" rel=\"category\">Econom\u00eda<\/a> <a href=\"https:\/\/magazineweb.com.ar\/?cat=17\" rel=\"category\">Nacional<\/a> <a href=\"https:\/\/magazineweb.com.ar\/?cat=13\" rel=\"category\">Pol\u00edtica<\/a>","rttpg_excerpt":"El retroceso de 15 puntos en el nivel de confianza en el gobierno (\u00edndice de la Universidad Torcuato Di Tella), al igual que en la imagen que registra en las&hellip;","_links":{"self":[{"href":"https:\/\/magazineweb.com.ar\/index.php?rest_route=\/wp\/v2\/posts\/7385","targetHints":{"allow":["GET"]}}],"collection":[{"href":"https:\/\/magazineweb.com.ar\/index.php?rest_route=\/wp\/v2\/posts"}],"about":[{"href":"https:\/\/magazineweb.com.ar\/index.php?rest_route=\/wp\/v2\/types\/post"}],"author":[{"embeddable":true,"href":"https:\/\/magazineweb.com.ar\/index.php?rest_route=\/wp\/v2\/users\/3"}],"replies":[{"embeddable":true,"href":"https:\/\/magazineweb.com.ar\/index.php?rest_route=%2Fwp%2Fv2%2Fcomments&post=7385"}],"version-history":[{"count":1,"href":"https:\/\/magazineweb.com.ar\/index.php?rest_route=\/wp\/v2\/posts\/7385\/revisions"}],"predecessor-version":[{"id":7387,"href":"https:\/\/magazineweb.com.ar\/index.php?rest_route=\/wp\/v2\/posts\/7385\/revisions\/7387"}],"wp:featuredmedia":[{"embeddable":true,"href":"https:\/\/magazineweb.com.ar\/index.php?rest_route=\/wp\/v2\/media\/7386"}],"wp:attachment":[{"href":"https:\/\/magazineweb.com.ar\/index.php?rest_route=%2Fwp%2Fv2%2Fmedia&parent=7385"}],"wp:term":[{"taxonomy":"category","embeddable":true,"href":"https:\/\/magazineweb.com.ar\/index.php?rest_route=%2Fwp%2Fv2%2Fcategories&post=7385"},{"taxonomy":"post_tag","embeddable":true,"href":"https:\/\/magazineweb.com.ar\/index.php?rest_route=%2Fwp%2Fv2%2Ftags&post=7385"}],"curies":[{"name":"wp","href":"https:\/\/api.w.org\/{rel}","templated":true}]}}