{"id":7403,"date":"2024-09-30T01:03:00","date_gmt":"2024-09-30T04:03:00","guid":{"rendered":"https:\/\/magazineweb.com.ar\/?p=7403"},"modified":"2024-09-29T13:04:35","modified_gmt":"2024-09-29T16:04:35","slug":"mussi-y-sileoni-encabezaron-la-apertura-de-las-jornadas-pedagogicas-de-diegep","status":"publish","type":"post","link":"https:\/\/magazineweb.com.ar\/?p=7403","title":{"rendered":"Mussi y Sileoni encabezaron la apertura de las Jornadas Pedag\u00f3gicas de DIEGEP"},"content":{"rendered":"\n<p>Se realizaron las XII Jornadas Pedag\u00f3gicas DIEGEP Regi\u00f3n IV, correspondientes a los distritos de Berazategui, Florencio Varela y Quilmes. El intendente local, Juan Jos\u00e9 Mussi; y el director general de Cultura y Educaci\u00f3n de la provincia de Buenos Aires, Alberto Sileoni, abrieron la actividad ante una gran cantidad de directivos y docentes de escuelas de gesti\u00f3n privada y p\u00fablica.<\/p>\n\n\n\n<p>El lema de esta edici\u00f3n de la capacitaci\u00f3n fue \u201cCultura del cuidado, un paradigma educativo\u201d. Const\u00f3 de cinco talleres, que abordaron tem\u00e1ticas relacionadas con la inteligencia artificial, el r\u00e9gimen jubilatorio docente y el consumo problem\u00e1tico de las nuevas tecnolog\u00edas, entre otras cuestiones. Hubo alrededor de 700 inscriptos, entre directivos y docentes. Adem\u00e1s el pianista de 12 a\u00f1os, Ulises Bel\u00e9n, realiz\u00f3 un n\u00famero musical y el Instituto de Educaci\u00f3n Especial \u201cCrecer Juntos\u201d, de Berazategui, realiz\u00f3 una obra de baile.<\/p>\n\n\n\n<p>Al respecto, Mussi expres\u00f3: \u201cLas escuelas privadas son un leg\u00edtimo derecho de quienes las proponen y de quienes las eligen. En Berazategui hemos tenido una gran relaci\u00f3n con sus directivos, y tambi\u00e9n trabajamos con las escuelas p\u00fablicas. La educaci\u00f3n es el pilar de la sociedad\u201d. Adem\u00e1s, el Intendente indic\u00f3: \u201cEl gobierno provincial ayuda mucho a la comunidad educativa de Berazategui. Siempre sostuve que la mejor herramienta para recuperar un pa\u00eds es la educaci\u00f3n. Pero la Argentina tambi\u00e9n necesita que nos unamos, nos amiguemos y nos abracemos\u201d.<\/p>\n\n\n\n<p>En tanto, Sileoni resalt\u00f3: \u201cLo que nos convoca hoy es la \u2018cultura del cuidado\u2019, un concepto que apela a que nos ocupemos del otro. Y en la provincia de Buenos Aires, si bien hay que mejorar muchas cuestiones, la foto completa de la realidad nos demuestra que en las escuelas siguen pasando cosas maravillosas y conmovedoras todos los d\u00edas, que ayudan a mejorar a la sociedad. Eso es lo que vinimos a festejar en este encuentro\u201d.<\/p>\n\n\n\n<p>Tambi\u00e9n participaron de la actividad: integrantes del Gabinete municipal; representantes del Consejo Escolar; el director provincial de Educaci\u00f3n de Gesti\u00f3n Privada, Javier Ranaldi; el inspector Jefe Regional de DIEGEP, Leonardo G\u00f3mez; y la secretaria general del Sindicato Argentino de Docentes Privados (SADOP), Adriana Donzelli.<\/p>\n","protected":false},"excerpt":{"rendered":"<p>Se realizaron las XII Jornadas Pedag\u00f3gicas DIEGEP Regi\u00f3n IV, correspondientes a los distritos de Berazategui, Florencio Varela y Quilmes. El intendente local, Juan Jos\u00e9 Mussi; y el director general de&hellip;<\/p>\n","protected":false},"author":3,"featured_media":7404,"comment_status":"closed","ping_status":"closed","sticky":false,"template":"","format":"standard","meta":{"footnotes":""},"categories":[4,9],"tags":[],"class_list":["post-7403","post","type-post","status-publish","format-standard","has-post-thumbnail","hentry","category-destacados","category-informacion-general"],"rttpg_featured_image_url":{"full":["https:\/\/magazineweb.com.ar\/wp-content\/uploads\/2024\/09\/thumbnail_MUSSI-Y-SILEONI-ENCABEZARON-LA-APERTURA-DE-LAS-JORNADAS-PEDAGOGICAS-DE-DIEGEP-5.jpg",1920,1280,false],"landscape":["https:\/\/magazineweb.com.ar\/wp-content\/uploads\/2024\/09\/thumbnail_MUSSI-Y-SILEONI-ENCABEZARON-LA-APERTURA-DE-LAS-JORNADAS-PEDAGOGICAS-DE-DIEGEP-5.jpg",1920,1280,false],"portraits":["https:\/\/magazineweb.com.ar\/wp-content\/uploads\/2024\/09\/thumbnail_MUSSI-Y-SILEONI-ENCABEZARON-LA-APERTURA-DE-LAS-JORNADAS-PEDAGOGICAS-DE-DIEGEP-5.jpg",1920,1280,false],"thumbnail":["https:\/\/magazineweb.com.ar\/wp-content\/uploads\/2024\/09\/thumbnail_MUSSI-Y-SILEONI-ENCABEZARON-LA-APERTURA-DE-LAS-JORNADAS-PEDAGOGICAS-DE-DIEGEP-5-150x150.jpg",150,150,true],"medium":["https:\/\/magazineweb.com.ar\/wp-content\/uploads\/2024\/09\/thumbnail_MUSSI-Y-SILEONI-ENCABEZARON-LA-APERTURA-DE-LAS-JORNADAS-PEDAGOGICAS-DE-DIEGEP-5-300x200.jpg",300,200,true],"large":["https:\/\/magazineweb.com.ar\/wp-content\/uploads\/2024\/09\/thumbnail_MUSSI-Y-SILEONI-ENCABEZARON-LA-APERTURA-DE-LAS-JORNADAS-PEDAGOGICAS-DE-DIEGEP-5-1024x683.jpg",1024,683,true],"1536x1536":["https:\/\/magazineweb.com.ar\/wp-content\/uploads\/2024\/09\/thumbnail_MUSSI-Y-SILEONI-ENCABEZARON-LA-APERTURA-DE-LAS-JORNADAS-PEDAGOGICAS-DE-DIEGEP-5-1536x1024.jpg",1536,1024,true],"2048x2048":["https:\/\/magazineweb.com.ar\/wp-content\/uploads\/2024\/09\/thumbnail_MUSSI-Y-SILEONI-ENCABEZARON-LA-APERTURA-DE-LAS-JORNADAS-PEDAGOGICAS-DE-DIEGEP-5.jpg",1920,1280,false],"ultp_layout_landscape_large":["https:\/\/magazineweb.com.ar\/wp-content\/uploads\/2024\/09\/thumbnail_MUSSI-Y-SILEONI-ENCABEZARON-LA-APERTURA-DE-LAS-JORNADAS-PEDAGOGICAS-DE-DIEGEP-5-1200x800.jpg",1200,800,true],"ultp_layout_landscape":["https:\/\/magazineweb.com.ar\/wp-content\/uploads\/2024\/09\/thumbnail_MUSSI-Y-SILEONI-ENCABEZARON-LA-APERTURA-DE-LAS-JORNADAS-PEDAGOGICAS-DE-DIEGEP-5-870x570.jpg",870,570,true],"ultp_layout_portrait":["https:\/\/magazineweb.com.ar\/wp-content\/uploads\/2024\/09\/thumbnail_MUSSI-Y-SILEONI-ENCABEZARON-LA-APERTURA-DE-LAS-JORNADAS-PEDAGOGICAS-DE-DIEGEP-5-600x900.jpg",600,900,true],"ultp_layout_square":["https:\/\/magazineweb.com.ar\/wp-content\/uploads\/2024\/09\/thumbnail_MUSSI-Y-SILEONI-ENCABEZARON-LA-APERTURA-DE-LAS-JORNADAS-PEDAGOGICAS-DE-DIEGEP-5-600x600.jpg",600,600,true]},"rttpg_author":{"display_name":"Redacci\u00f3n Magazine Web","author_link":"https:\/\/magazineweb.com.ar\/?author=3"},"rttpg_comment":0,"rttpg_category":"<a href=\"https:\/\/magazineweb.com.ar\/?cat=4\" rel=\"category\">Destacados<\/a> <a href=\"https:\/\/magazineweb.com.ar\/?cat=9\" rel=\"category\">Informaci\u00f3n General<\/a>","rttpg_excerpt":"Se realizaron las XII Jornadas Pedag\u00f3gicas DIEGEP Regi\u00f3n IV, correspondientes a los distritos de Berazategui, Florencio Varela y Quilmes. El intendente local, Juan Jos\u00e9 Mussi; y el director general de&hellip;","_links":{"self":[{"href":"https:\/\/magazineweb.com.ar\/index.php?rest_route=\/wp\/v2\/posts\/7403","targetHints":{"allow":["GET"]}}],"collection":[{"href":"https:\/\/magazineweb.com.ar\/index.php?rest_route=\/wp\/v2\/posts"}],"about":[{"href":"https:\/\/magazineweb.com.ar\/index.php?rest_route=\/wp\/v2\/types\/post"}],"author":[{"embeddable":true,"href":"https:\/\/magazineweb.com.ar\/index.php?rest_route=\/wp\/v2\/users\/3"}],"replies":[{"embeddable":true,"href":"https:\/\/magazineweb.com.ar\/index.php?rest_route=%2Fwp%2Fv2%2Fcomments&post=7403"}],"version-history":[{"count":1,"href":"https:\/\/magazineweb.com.ar\/index.php?rest_route=\/wp\/v2\/posts\/7403\/revisions"}],"predecessor-version":[{"id":7405,"href":"https:\/\/magazineweb.com.ar\/index.php?rest_route=\/wp\/v2\/posts\/7403\/revisions\/7405"}],"wp:featuredmedia":[{"embeddable":true,"href":"https:\/\/magazineweb.com.ar\/index.php?rest_route=\/wp\/v2\/media\/7404"}],"wp:attachment":[{"href":"https:\/\/magazineweb.com.ar\/index.php?rest_route=%2Fwp%2Fv2%2Fmedia&parent=7403"}],"wp:term":[{"taxonomy":"category","embeddable":true,"href":"https:\/\/magazineweb.com.ar\/index.php?rest_route=%2Fwp%2Fv2%2Fcategories&post=7403"},{"taxonomy":"post_tag","embeddable":true,"href":"https:\/\/magazineweb.com.ar\/index.php?rest_route=%2Fwp%2Fv2%2Ftags&post=7403"}],"curies":[{"name":"wp","href":"https:\/\/api.w.org\/{rel}","templated":true}]}}