{"id":7406,"date":"2024-09-30T01:08:00","date_gmt":"2024-09-30T04:08:00","guid":{"rendered":"https:\/\/magazineweb.com.ar\/?p=7406"},"modified":"2024-09-29T19:43:50","modified_gmt":"2024-09-29T22:43:50","slug":"varela-municipio-y-provincia-coordinaron-labores-de-limpieza-en-el-arroyo-las-piedras","status":"publish","type":"post","link":"https:\/\/magazineweb.com.ar\/?p=7406","title":{"rendered":"Varela: Municipio y Provincia coordinaron labores de limpieza en el arroyo Las Piedras"},"content":{"rendered":"\n<p>El jefe comunal -Andr\u00e9s Watson- monitore\u00f3 los trabajos efectuados en el cauce y su entorno en El Molino durante la ma\u00f1ana del viernes.<\/p>\n\n\n\n<p>\u201cUn accionar diagramado junto al gobierno bonaerense sobre 1300 metros del curso h\u00eddrico a fin de favorecer el escurrimiento y reducir el riesgo de desbordes o anegamientos\u201d, pormenoriz\u00f3 el Alcalde.<\/p>\n\n\n\n<p>El titular en el Ejecutivo local explic\u00f3 \u201cuna intervenci\u00f3n con m\u00e1s de 220 trabajadores y trabajadoras de cuatro cooperativas m\u00e1s las cuadrillas municipales\u201d en pos de \u201creforzar la higiene en la zona, la salud, as\u00ed como la calidad de vida de la comunidad\u201d.<\/p>\n\n\n\n<p>Mar\u00eda Esther -frentista- dialog\u00f3 con el Mandatario distrital porque consider\u00f3 \u201cindispensables las tareas para el barrio\u201d. \u201cEstuvimos m\u00e1s de 30 a\u00f1os olvidados\u201d, expres\u00f3. \u201cHicieron varias mejoras como la pasarela peatonal y el alumbrado\u201d, describi\u00f3 la mujer.<\/p>\n\n\n\n<p>De igual manera, Manuela -vecina- cont\u00f3: \u201cNecesit\u00e1bamos un poco de atenci\u00f3n\u201d. La se\u00f1ora not\u00f3 \u201cun acompa\u00f1amiento del Intendente, ocupado en la regi\u00f3n\u201d.&nbsp;<\/p>\n\n\n\n<p>Oriunda de San Nicol\u00e1s, Ramona anhel\u00f3 \u00abel compromiso de todos y mantener estas condiciones\u00bb.<\/p>\n\n\n\n<p>Las labores incluyeron limpieza del arroyo, desmalezado de talud y margen superior; desobstrucci\u00f3n de bajo puente; eliminaci\u00f3n de microbasurales y embanques; poda, puesta en valor de espacios p\u00fablicos.<\/p>\n","protected":false},"excerpt":{"rendered":"<p>El jefe comunal -Andr\u00e9s Watson- monitore\u00f3 los trabajos efectuados en el cauce y su entorno en El Molino durante la ma\u00f1ana del viernes. \u201cUn accionar diagramado junto al gobierno bonaerense&hellip;<\/p>\n","protected":false},"author":3,"featured_media":7407,"comment_status":"closed","ping_status":"closed","sticky":false,"template":"","format":"standard","meta":{"footnotes":""},"categories":[9],"tags":[],"class_list":["post-7406","post","type-post","status-publish","format-standard","has-post-thumbnail","hentry","category-informacion-general"],"rttpg_featured_image_url":{"full":["https:\/\/magazineweb.com.ar\/wp-content\/uploads\/2024\/09\/varelaa.jpg",850,567,false],"landscape":["https:\/\/magazineweb.com.ar\/wp-content\/uploads\/2024\/09\/varelaa.jpg",850,567,false],"portraits":["https:\/\/magazineweb.com.ar\/wp-content\/uploads\/2024\/09\/varelaa.jpg",850,567,false],"thumbnail":["https:\/\/magazineweb.com.ar\/wp-content\/uploads\/2024\/09\/varelaa-150x150.jpg",150,150,true],"medium":["https:\/\/magazineweb.com.ar\/wp-content\/uploads\/2024\/09\/varelaa-300x200.jpg",300,200,true],"large":["https:\/\/magazineweb.com.ar\/wp-content\/uploads\/2024\/09\/varelaa.jpg",850,567,false],"1536x1536":["https:\/\/magazineweb.com.ar\/wp-content\/uploads\/2024\/09\/varelaa.jpg",850,567,false],"2048x2048":["https:\/\/magazineweb.com.ar\/wp-content\/uploads\/2024\/09\/varelaa.jpg",850,567,false],"ultp_layout_landscape_large":["https:\/\/magazineweb.com.ar\/wp-content\/uploads\/2024\/09\/varelaa.jpg",850,567,false],"ultp_layout_landscape":["https:\/\/magazineweb.com.ar\/wp-content\/uploads\/2024\/09\/varelaa.jpg",850,567,false],"ultp_layout_portrait":["https:\/\/magazineweb.com.ar\/wp-content\/uploads\/2024\/09\/varelaa-600x567.jpg",600,567,true],"ultp_layout_square":["https:\/\/magazineweb.com.ar\/wp-content\/uploads\/2024\/09\/varelaa-600x567.jpg",600,567,true]},"rttpg_author":{"display_name":"Redacci\u00f3n Magazine Web","author_link":"https:\/\/magazineweb.com.ar\/?author=3"},"rttpg_comment":0,"rttpg_category":"<a href=\"https:\/\/magazineweb.com.ar\/?cat=9\" rel=\"category\">Informaci\u00f3n General<\/a>","rttpg_excerpt":"El jefe comunal -Andr\u00e9s Watson- monitore\u00f3 los trabajos efectuados en el cauce y su entorno en El Molino durante la ma\u00f1ana del viernes. \u201cUn accionar diagramado junto al gobierno bonaerense&hellip;","_links":{"self":[{"href":"https:\/\/magazineweb.com.ar\/index.php?rest_route=\/wp\/v2\/posts\/7406","targetHints":{"allow":["GET"]}}],"collection":[{"href":"https:\/\/magazineweb.com.ar\/index.php?rest_route=\/wp\/v2\/posts"}],"about":[{"href":"https:\/\/magazineweb.com.ar\/index.php?rest_route=\/wp\/v2\/types\/post"}],"author":[{"embeddable":true,"href":"https:\/\/magazineweb.com.ar\/index.php?rest_route=\/wp\/v2\/users\/3"}],"replies":[{"embeddable":true,"href":"https:\/\/magazineweb.com.ar\/index.php?rest_route=%2Fwp%2Fv2%2Fcomments&post=7406"}],"version-history":[{"count":1,"href":"https:\/\/magazineweb.com.ar\/index.php?rest_route=\/wp\/v2\/posts\/7406\/revisions"}],"predecessor-version":[{"id":7408,"href":"https:\/\/magazineweb.com.ar\/index.php?rest_route=\/wp\/v2\/posts\/7406\/revisions\/7408"}],"wp:featuredmedia":[{"embeddable":true,"href":"https:\/\/magazineweb.com.ar\/index.php?rest_route=\/wp\/v2\/media\/7407"}],"wp:attachment":[{"href":"https:\/\/magazineweb.com.ar\/index.php?rest_route=%2Fwp%2Fv2%2Fmedia&parent=7406"}],"wp:term":[{"taxonomy":"category","embeddable":true,"href":"https:\/\/magazineweb.com.ar\/index.php?rest_route=%2Fwp%2Fv2%2Fcategories&post=7406"},{"taxonomy":"post_tag","embeddable":true,"href":"https:\/\/magazineweb.com.ar\/index.php?rest_route=%2Fwp%2Fv2%2Ftags&post=7406"}],"curies":[{"name":"wp","href":"https:\/\/api.w.org\/{rel}","templated":true}]}}