{"id":7483,"date":"2024-10-10T01:05:00","date_gmt":"2024-10-10T04:05:00","guid":{"rendered":"https:\/\/magazineweb.com.ar\/?p=7483"},"modified":"2024-10-07T21:11:09","modified_gmt":"2024-10-08T00:11:09","slug":"jornada-de-plantacion-de-arboles-en-el-instituto-ceirin","status":"publish","type":"post","link":"https:\/\/magazineweb.com.ar\/?p=7483","title":{"rendered":"Jornada de plantaci\u00f3n de \u00e1rboles en el Instituto CEIRIN"},"content":{"rendered":"\n<p><strong>En el marco de su 25\u00b0 aniversario, el Instituto Psicopedag\u00f3gico de Educaci\u00f3n Especial CEIRIN (Centro para la Estimulaci\u00f3n, Integraci\u00f3n y Reeducaci\u00f3n Integral del Ni\u00f1o) fue sede de una jornada de plantaci\u00f3n de \u00e1rboles frutales que fueron donados, en su mayor\u00eda, por la comunidad del barrio Los Troncos. Participaron en este encuentro, el secretario de Cultura y Educaci\u00f3n de la Municipalidad de Berazategui, Federico L\u00f3pez -en representaci\u00f3n del intendente Juan Jos\u00e9 Mussi-; y el inspector Jefe Regional de DIEGEP, Leonardo G\u00f3mez; junto a la comunidad educativa local, familias, estudiantes e instituciones que integran el Programa Municipal de Escuelas Sustentables.<\/strong><\/p>\n\n\n\n<p>Durante la jornada de forestaci\u00f3n, L\u00f3pez destac\u00f3: \u201cCEIRIN es parte de la historia de Berazategui y cumple 25 a\u00f1os. En este contexto dif\u00edcil, todos hacen un gran esfuerzo para salir adelante y reafirman su compromiso con algo muy significativo, como es la plantaci\u00f3n de \u00e1rboles frutales. Contamos con el Programa Municipal de Escuelas Sustentables, buscamos la forestaci\u00f3n, el reciclado en origen, el compostaje y la plantaci\u00f3n de \u00e1rboles. Gracias por el esfuerzo, el compromiso de las familias y del equipo de trabajo de esta instituci\u00f3n: un orgullo para Berazategui\u201d.<\/p>\n\n\n\n<p>Asimismo, Leonardo G\u00f3mez manifest\u00f3: \u201cEsta es una instituci\u00f3n emblem\u00e1tica en el distrito y en la regi\u00f3n. Quiero agradecer y poner en valor el trabajo del equipo directivo, de la representaci\u00f3n legal, de los docentes -por la empat\u00eda y la amorosidad en el trato-; y a las familias, por confiarnos la educaci\u00f3n y formaci\u00f3n de sus hijos\u201d.<\/p>\n\n\n\n<p>Por su parte, la directora del Instituto, Fernanda Santill\u00e1n, expres\u00f3: \u201cHoy, en el predio de nuestra escuela, compartimos con la comunidad educativa, familias y autoridades municipales este gran evento tan importante para la tierra y el mundo: la plantaci\u00f3n de m\u00e1s de 250 \u00e1rboles frutales que va a beneficiar la propuesta educativa y el trabajo que realizamos con nuestros estudiantes en los pretalleres\u201d.<\/p>\n\n\n\n<p>El Instituto Pedag\u00f3gico CEIRIN (de gesti\u00f3n privada) cuenta con una matr\u00edcula de 145 estudiantes: 45 asisten en jornada completa y 100 a contraturno de sus Escuelas de Educaci\u00f3n Especial de Quilmes, Florencio Varela y Berazategui. Brinda educaci\u00f3n especial en nivel inicial, primario y secundario a estudiantes con discapacidad auditiva y cognitiva. El proyecto institucional pedag\u00f3gico est\u00e1 abordado desde una mirada sustentable, ecol\u00f3gica y de cuidado del medio ambiente. Cuenta con talleres de huerta, de jardiner\u00eda y reforestaci\u00f3n de espacios.<\/p>\n\n\n\n<p>Asistieron, adem\u00e1s, el director municipal de Ambiente y Desarrollo Sustentable, Gabriel Husain; la inspectora de Ense\u00f1anza de la Modalidad de Educaci\u00f3n Especial, Mar\u00eda Laura Fern\u00e1ndez; la asesora regional de Jefatura Regi\u00f3n IV, Silvia Ponce; y el tesorero del Consejo Escolar local, Juan Carlos Soldavini.<\/p>\n","protected":false},"excerpt":{"rendered":"<p>En el marco de su 25\u00b0 aniversario, el Instituto Psicopedag\u00f3gico de Educaci\u00f3n Especial CEIRIN (Centro para la Estimulaci\u00f3n, Integraci\u00f3n y Reeducaci\u00f3n Integral del Ni\u00f1o) fue sede de una jornada de&hellip;<\/p>\n","protected":false},"author":3,"featured_media":7484,"comment_status":"closed","ping_status":"closed","sticky":false,"template":"","format":"standard","meta":{"footnotes":""},"categories":[16],"tags":[],"class_list":["post-7483","post","type-post","status-publish","format-standard","has-post-thumbnail","hentry","category-salud-y-medio-ambiente"],"rttpg_featured_image_url":{"full":["https:\/\/magazineweb.com.ar\/wp-content\/uploads\/2024\/10\/CEIRIN.jpg",1920,1280,false],"landscape":["https:\/\/magazineweb.com.ar\/wp-content\/uploads\/2024\/10\/CEIRIN.jpg",1920,1280,false],"portraits":["https:\/\/magazineweb.com.ar\/wp-content\/uploads\/2024\/10\/CEIRIN.jpg",1920,1280,false],"thumbnail":["https:\/\/magazineweb.com.ar\/wp-content\/uploads\/2024\/10\/CEIRIN-150x150.jpg",150,150,true],"medium":["https:\/\/magazineweb.com.ar\/wp-content\/uploads\/2024\/10\/CEIRIN-300x200.jpg",300,200,true],"large":["https:\/\/magazineweb.com.ar\/wp-content\/uploads\/2024\/10\/CEIRIN-1024x683.jpg",1024,683,true],"1536x1536":["https:\/\/magazineweb.com.ar\/wp-content\/uploads\/2024\/10\/CEIRIN-1536x1024.jpg",1536,1024,true],"2048x2048":["https:\/\/magazineweb.com.ar\/wp-content\/uploads\/2024\/10\/CEIRIN.jpg",1920,1280,false],"ultp_layout_landscape_large":["https:\/\/magazineweb.com.ar\/wp-content\/uploads\/2024\/10\/CEIRIN-1200x800.jpg",1200,800,true],"ultp_layout_landscape":["https:\/\/magazineweb.com.ar\/wp-content\/uploads\/2024\/10\/CEIRIN-870x570.jpg",870,570,true],"ultp_layout_portrait":["https:\/\/magazineweb.com.ar\/wp-content\/uploads\/2024\/10\/CEIRIN-600x900.jpg",600,900,true],"ultp_layout_square":["https:\/\/magazineweb.com.ar\/wp-content\/uploads\/2024\/10\/CEIRIN-600x600.jpg",600,600,true]},"rttpg_author":{"display_name":"Redacci\u00f3n Magazine Web","author_link":"https:\/\/magazineweb.com.ar\/?author=3"},"rttpg_comment":0,"rttpg_category":"<a href=\"https:\/\/magazineweb.com.ar\/?cat=16\" rel=\"category\">Salud y Medio Ambiente<\/a>","rttpg_excerpt":"En el marco de su 25\u00b0 aniversario, el Instituto Psicopedag\u00f3gico de Educaci\u00f3n Especial CEIRIN (Centro para la Estimulaci\u00f3n, Integraci\u00f3n y Reeducaci\u00f3n Integral del Ni\u00f1o) fue sede de una jornada de&hellip;","_links":{"self":[{"href":"https:\/\/magazineweb.com.ar\/index.php?rest_route=\/wp\/v2\/posts\/7483","targetHints":{"allow":["GET"]}}],"collection":[{"href":"https:\/\/magazineweb.com.ar\/index.php?rest_route=\/wp\/v2\/posts"}],"about":[{"href":"https:\/\/magazineweb.com.ar\/index.php?rest_route=\/wp\/v2\/types\/post"}],"author":[{"embeddable":true,"href":"https:\/\/magazineweb.com.ar\/index.php?rest_route=\/wp\/v2\/users\/3"}],"replies":[{"embeddable":true,"href":"https:\/\/magazineweb.com.ar\/index.php?rest_route=%2Fwp%2Fv2%2Fcomments&post=7483"}],"version-history":[{"count":1,"href":"https:\/\/magazineweb.com.ar\/index.php?rest_route=\/wp\/v2\/posts\/7483\/revisions"}],"predecessor-version":[{"id":7485,"href":"https:\/\/magazineweb.com.ar\/index.php?rest_route=\/wp\/v2\/posts\/7483\/revisions\/7485"}],"wp:featuredmedia":[{"embeddable":true,"href":"https:\/\/magazineweb.com.ar\/index.php?rest_route=\/wp\/v2\/media\/7484"}],"wp:attachment":[{"href":"https:\/\/magazineweb.com.ar\/index.php?rest_route=%2Fwp%2Fv2%2Fmedia&parent=7483"}],"wp:term":[{"taxonomy":"category","embeddable":true,"href":"https:\/\/magazineweb.com.ar\/index.php?rest_route=%2Fwp%2Fv2%2Fcategories&post=7483"},{"taxonomy":"post_tag","embeddable":true,"href":"https:\/\/magazineweb.com.ar\/index.php?rest_route=%2Fwp%2Fv2%2Ftags&post=7483"}],"curies":[{"name":"wp","href":"https:\/\/api.w.org\/{rel}","templated":true}]}}