{"id":7496,"date":"2024-10-09T01:08:00","date_gmt":"2024-10-09T04:08:00","guid":{"rendered":"https:\/\/magazineweb.com.ar\/?p=7496"},"modified":"2024-10-08T20:32:30","modified_gmt":"2024-10-08T23:32:30","slug":"presentaron-el-libro-que-es-el-peronismo-en-berazategui","status":"publish","type":"post","link":"https:\/\/magazineweb.com.ar\/?p=7496","title":{"rendered":"Presentaron el libro \u00ab\u00bfQu\u00e9 es el Peronismo?\u00bb en Berazategui"},"content":{"rendered":"\n<p><strong>El presidente del Consejo del Partido Justicialista de Berazategui, Juan Jos\u00e9 Mussi; y el diputado nacional (mandato cumplido) y secretario general de Descamisados, Marcelo Koenig, presentaron el libro de este \u00faltimo \u2013\u201c\u00bfQu\u00e9 es el Peronismo?\u201d- en un encuentro que reuni\u00f3 a militantes en el Consejo del Partido Justicialista local.<\/strong><\/p>\n\n\n\n<p>All\u00ed, Mussi ley\u00f3 algunos pasajes que destac\u00f3 del libro y expres\u00f3: \u201cLes pido que reflexionemos sobre lo que plantea Marcelo porque \u00e9l nos convoca a que nosotros definamos qu\u00e9 es el Peronismo. Tengo esperanza pero necesitamos militancia. Es necesario que le traslademos todas estas cosas a la ciudadan\u00eda\u201d.<\/p>\n\n\n\n<p>Por su parte, Koenig afirm\u00f3: \u201cTodo aquello que est\u00e1 haciendo Milei es lo contrario a lo que es y piensa el Peronismo: insensibilidad social, desfinanciamiento de la educaci\u00f3n p\u00fablica, destrucci\u00f3n del aparato productivo y del tejido social, entrega de la soberan\u00eda nacional\u201d.<\/p>\n\n\n\n<p>Asimismo, continu\u00f3: \u201cPero como a m\u00ed no me gusta definir las cosas por la negativa&#8230; si yo tuviera que pensar qu\u00e9 es el Peronismo, dir\u00eda que el Peronismo en ejercicio es la transformaci\u00f3n que han visto los vecinos y vecinas de Berazategui, a lo largo de todos estos a\u00f1os. El ejercer la conducci\u00f3n pol\u00edtica, el abrir los brazos siempre a los compa\u00f1eros y compa\u00f1eras, el construir afirmando esa identidad del Peronismo es lo que ha hecho el compa\u00f1ero Juan Jos\u00e9 Mussi en Berazategui\u201d.<\/p>\n\n\n\n<p>\u201c\u00bfQu\u00e9 es el Peronismo?\u201d es un libro que -a trav\u00e9s de una narraci\u00f3n que mezcla an\u00e9cdotas y reflexiones cr\u00edticas- describe la situaci\u00f3n actual del movimiento frente a los desaf\u00edos del presente, comparando el Peronismo de anta\u00f1o con el de hoy.&nbsp;<\/p>\n","protected":false},"excerpt":{"rendered":"<p>El presidente del Consejo del Partido Justicialista de Berazategui, Juan Jos\u00e9 Mussi; y el diputado nacional (mandato cumplido) y secretario general de Descamisados, Marcelo Koenig, presentaron el libro de este&hellip;<\/p>\n","protected":false},"author":3,"featured_media":7497,"comment_status":"closed","ping_status":"closed","sticky":false,"template":"","format":"standard","meta":{"footnotes":""},"categories":[13,15],"tags":[],"class_list":["post-7496","post","type-post","status-publish","format-standard","has-post-thumbnail","hentry","category-politica","category-regional"],"rttpg_featured_image_url":{"full":["https:\/\/magazineweb.com.ar\/wp-content\/uploads\/2024\/10\/Libro_Que_Es_El_Peronismo_Marcelo_Koenig_PJ_JD_059.jpg",1920,1280,false],"landscape":["https:\/\/magazineweb.com.ar\/wp-content\/uploads\/2024\/10\/Libro_Que_Es_El_Peronismo_Marcelo_Koenig_PJ_JD_059.jpg",1920,1280,false],"portraits":["https:\/\/magazineweb.com.ar\/wp-content\/uploads\/2024\/10\/Libro_Que_Es_El_Peronismo_Marcelo_Koenig_PJ_JD_059.jpg",1920,1280,false],"thumbnail":["https:\/\/magazineweb.com.ar\/wp-content\/uploads\/2024\/10\/Libro_Que_Es_El_Peronismo_Marcelo_Koenig_PJ_JD_059-150x150.jpg",150,150,true],"medium":["https:\/\/magazineweb.com.ar\/wp-content\/uploads\/2024\/10\/Libro_Que_Es_El_Peronismo_Marcelo_Koenig_PJ_JD_059-300x200.jpg",300,200,true],"large":["https:\/\/magazineweb.com.ar\/wp-content\/uploads\/2024\/10\/Libro_Que_Es_El_Peronismo_Marcelo_Koenig_PJ_JD_059-1024x683.jpg",1024,683,true],"1536x1536":["https:\/\/magazineweb.com.ar\/wp-content\/uploads\/2024\/10\/Libro_Que_Es_El_Peronismo_Marcelo_Koenig_PJ_JD_059-1536x1024.jpg",1536,1024,true],"2048x2048":["https:\/\/magazineweb.com.ar\/wp-content\/uploads\/2024\/10\/Libro_Que_Es_El_Peronismo_Marcelo_Koenig_PJ_JD_059.jpg",1920,1280,false],"ultp_layout_landscape_large":["https:\/\/magazineweb.com.ar\/wp-content\/uploads\/2024\/10\/Libro_Que_Es_El_Peronismo_Marcelo_Koenig_PJ_JD_059-1200x800.jpg",1200,800,true],"ultp_layout_landscape":["https:\/\/magazineweb.com.ar\/wp-content\/uploads\/2024\/10\/Libro_Que_Es_El_Peronismo_Marcelo_Koenig_PJ_JD_059-870x570.jpg",870,570,true],"ultp_layout_portrait":["https:\/\/magazineweb.com.ar\/wp-content\/uploads\/2024\/10\/Libro_Que_Es_El_Peronismo_Marcelo_Koenig_PJ_JD_059-600x900.jpg",600,900,true],"ultp_layout_square":["https:\/\/magazineweb.com.ar\/wp-content\/uploads\/2024\/10\/Libro_Que_Es_El_Peronismo_Marcelo_Koenig_PJ_JD_059-600x600.jpg",600,600,true]},"rttpg_author":{"display_name":"Redacci\u00f3n Magazine Web","author_link":"https:\/\/magazineweb.com.ar\/?author=3"},"rttpg_comment":0,"rttpg_category":"<a href=\"https:\/\/magazineweb.com.ar\/?cat=13\" rel=\"category\">Pol\u00edtica<\/a> <a href=\"https:\/\/magazineweb.com.ar\/?cat=15\" rel=\"category\">Regional<\/a>","rttpg_excerpt":"El presidente del Consejo del Partido Justicialista de Berazategui, Juan Jos\u00e9 Mussi; y el diputado nacional (mandato cumplido) y secretario general de Descamisados, Marcelo Koenig, presentaron el libro de este&hellip;","_links":{"self":[{"href":"https:\/\/magazineweb.com.ar\/index.php?rest_route=\/wp\/v2\/posts\/7496","targetHints":{"allow":["GET"]}}],"collection":[{"href":"https:\/\/magazineweb.com.ar\/index.php?rest_route=\/wp\/v2\/posts"}],"about":[{"href":"https:\/\/magazineweb.com.ar\/index.php?rest_route=\/wp\/v2\/types\/post"}],"author":[{"embeddable":true,"href":"https:\/\/magazineweb.com.ar\/index.php?rest_route=\/wp\/v2\/users\/3"}],"replies":[{"embeddable":true,"href":"https:\/\/magazineweb.com.ar\/index.php?rest_route=%2Fwp%2Fv2%2Fcomments&post=7496"}],"version-history":[{"count":1,"href":"https:\/\/magazineweb.com.ar\/index.php?rest_route=\/wp\/v2\/posts\/7496\/revisions"}],"predecessor-version":[{"id":7498,"href":"https:\/\/magazineweb.com.ar\/index.php?rest_route=\/wp\/v2\/posts\/7496\/revisions\/7498"}],"wp:featuredmedia":[{"embeddable":true,"href":"https:\/\/magazineweb.com.ar\/index.php?rest_route=\/wp\/v2\/media\/7497"}],"wp:attachment":[{"href":"https:\/\/magazineweb.com.ar\/index.php?rest_route=%2Fwp%2Fv2%2Fmedia&parent=7496"}],"wp:term":[{"taxonomy":"category","embeddable":true,"href":"https:\/\/magazineweb.com.ar\/index.php?rest_route=%2Fwp%2Fv2%2Fcategories&post=7496"},{"taxonomy":"post_tag","embeddable":true,"href":"https:\/\/magazineweb.com.ar\/index.php?rest_route=%2Fwp%2Fv2%2Ftags&post=7496"}],"curies":[{"name":"wp","href":"https:\/\/api.w.org\/{rel}","templated":true}]}}