{"id":7654,"date":"2024-10-31T01:07:00","date_gmt":"2024-10-31T04:07:00","guid":{"rendered":"https:\/\/magazineweb.com.ar\/?p=7654"},"modified":"2024-10-23T21:39:29","modified_gmt":"2024-10-24T00:39:29","slug":"nueva-edicion-de-la-fiesta-de-la-frutilla-en-florencio-varela","status":"publish","type":"post","link":"https:\/\/magazineweb.com.ar\/?p=7654","title":{"rendered":"Nueva edici\u00f3n de la Fiesta de la Frutilla en Florencio Varela"},"content":{"rendered":"\n<p>La tradicional festividad con elaboraciones aut\u00f3ctonas regresa el 2 y 3 de noviembre al Museo Provincial \u201cGuillermo Enrique Hudson\u201d -calle 1356, entre Av. Hudson y 1381 -barrio La Carolina 7- de 10 a 18 hs.<\/p>\n\n\n\n<p>El evento cuenta con m\u00faltiples actividades recreativas junto con espacios de exposici\u00f3n destinados a las y los representantes de la agricultura local donde comercializan sus cultivos.<\/p>\n\n\n\n<p>El secretario de Industria y Desarrollo Productivo -Ricardo de la Fuente- destaca \u201cla decisi\u00f3n del intendente Andr\u00e9s Watson en ratificar una celebraci\u00f3n emblema varelense, caracter\u00edstica de nuestra identidad\u201d.<\/p>\n\n\n\n<p>El funcionario aprecia la oportunidad que \u201cbrinda esta iniciativa al ubicar nuestro partido en el mapa: permite tanto a las y los visitantes conocer el distrito, pero tambi\u00e9n generar ingresos directos e indirectos a la ciudadan\u00eda\u201d.<\/p>\n\n\n\n<p>F\u00e9lix Manrique, trabajador de la Asociaci\u00f3n Hort\u00edcola 1610, remarca la posibilidad de \u201cdistribuir la cosecha con un precio que rinde para las ventas al ofrecer bienes frescos, de calidad, a las y los consumidores\u201d.<\/p>\n\n\n\n<p>Prev\u00e9n la suspensi\u00f3n de la actividad ante condiciones clim\u00e1ticas adversas.<\/p>\n","protected":false},"excerpt":{"rendered":"<p>La tradicional festividad con elaboraciones aut\u00f3ctonas regresa el 2 y 3 de noviembre al Museo Provincial \u201cGuillermo Enrique Hudson\u201d -calle 1356, entre Av. Hudson y 1381 -barrio La Carolina 7-&hellip;<\/p>\n","protected":false},"author":3,"featured_media":7655,"comment_status":"closed","ping_status":"closed","sticky":false,"template":"","format":"standard","meta":{"footnotes":""},"categories":[9],"tags":[],"class_list":["post-7654","post","type-post","status-publish","format-standard","has-post-thumbnail","hentry","category-informacion-general"],"rttpg_featured_image_url":{"full":["https:\/\/magazineweb.com.ar\/wp-content\/uploads\/2024\/10\/frutilla-scaled.jpg",2560,1707,false],"landscape":["https:\/\/magazineweb.com.ar\/wp-content\/uploads\/2024\/10\/frutilla-scaled.jpg",2560,1707,false],"portraits":["https:\/\/magazineweb.com.ar\/wp-content\/uploads\/2024\/10\/frutilla-scaled.jpg",2560,1707,false],"thumbnail":["https:\/\/magazineweb.com.ar\/wp-content\/uploads\/2024\/10\/frutilla-150x150.jpg",150,150,true],"medium":["https:\/\/magazineweb.com.ar\/wp-content\/uploads\/2024\/10\/frutilla-300x200.jpg",300,200,true],"large":["https:\/\/magazineweb.com.ar\/wp-content\/uploads\/2024\/10\/frutilla-1024x683.jpg",1024,683,true],"1536x1536":["https:\/\/magazineweb.com.ar\/wp-content\/uploads\/2024\/10\/frutilla-1536x1024.jpg",1536,1024,true],"2048x2048":["https:\/\/magazineweb.com.ar\/wp-content\/uploads\/2024\/10\/frutilla-2048x1365.jpg",2048,1365,true],"ultp_layout_landscape_large":["https:\/\/magazineweb.com.ar\/wp-content\/uploads\/2024\/10\/frutilla-1200x800.jpg",1200,800,true],"ultp_layout_landscape":["https:\/\/magazineweb.com.ar\/wp-content\/uploads\/2024\/10\/frutilla-870x570.jpg",870,570,true],"ultp_layout_portrait":["https:\/\/magazineweb.com.ar\/wp-content\/uploads\/2024\/10\/frutilla-600x900.jpg",600,900,true],"ultp_layout_square":["https:\/\/magazineweb.com.ar\/wp-content\/uploads\/2024\/10\/frutilla-600x600.jpg",600,600,true]},"rttpg_author":{"display_name":"Redacci\u00f3n Magazine Web","author_link":"https:\/\/magazineweb.com.ar\/?author=3"},"rttpg_comment":0,"rttpg_category":"<a href=\"https:\/\/magazineweb.com.ar\/?cat=9\" rel=\"category\">Informaci\u00f3n General<\/a>","rttpg_excerpt":"La tradicional festividad con elaboraciones aut\u00f3ctonas regresa el 2 y 3 de noviembre al Museo Provincial \u201cGuillermo Enrique Hudson\u201d -calle 1356, entre Av. Hudson y 1381 -barrio La Carolina 7-&hellip;","_links":{"self":[{"href":"https:\/\/magazineweb.com.ar\/index.php?rest_route=\/wp\/v2\/posts\/7654","targetHints":{"allow":["GET"]}}],"collection":[{"href":"https:\/\/magazineweb.com.ar\/index.php?rest_route=\/wp\/v2\/posts"}],"about":[{"href":"https:\/\/magazineweb.com.ar\/index.php?rest_route=\/wp\/v2\/types\/post"}],"author":[{"embeddable":true,"href":"https:\/\/magazineweb.com.ar\/index.php?rest_route=\/wp\/v2\/users\/3"}],"replies":[{"embeddable":true,"href":"https:\/\/magazineweb.com.ar\/index.php?rest_route=%2Fwp%2Fv2%2Fcomments&post=7654"}],"version-history":[{"count":1,"href":"https:\/\/magazineweb.com.ar\/index.php?rest_route=\/wp\/v2\/posts\/7654\/revisions"}],"predecessor-version":[{"id":7656,"href":"https:\/\/magazineweb.com.ar\/index.php?rest_route=\/wp\/v2\/posts\/7654\/revisions\/7656"}],"wp:featuredmedia":[{"embeddable":true,"href":"https:\/\/magazineweb.com.ar\/index.php?rest_route=\/wp\/v2\/media\/7655"}],"wp:attachment":[{"href":"https:\/\/magazineweb.com.ar\/index.php?rest_route=%2Fwp%2Fv2%2Fmedia&parent=7654"}],"wp:term":[{"taxonomy":"category","embeddable":true,"href":"https:\/\/magazineweb.com.ar\/index.php?rest_route=%2Fwp%2Fv2%2Fcategories&post=7654"},{"taxonomy":"post_tag","embeddable":true,"href":"https:\/\/magazineweb.com.ar\/index.php?rest_route=%2Fwp%2Fv2%2Ftags&post=7654"}],"curies":[{"name":"wp","href":"https:\/\/api.w.org\/{rel}","templated":true}]}}