{"id":7696,"date":"2024-11-01T01:05:00","date_gmt":"2024-11-01T04:05:00","guid":{"rendered":"https:\/\/magazineweb.com.ar\/?p=7696"},"modified":"2024-10-30T19:58:39","modified_gmt":"2024-10-30T22:58:39","slug":"luthier-primera-muestra-de-insumos-musicales-en-la-casa-de-la-cultura-de-varela","status":"publish","type":"post","link":"https:\/\/magazineweb.com.ar\/?p=7696","title":{"rendered":"+Luthier: primera muestra de insumos musicales en la Casa de la Cultura de Varela"},"content":{"rendered":"\n<p>La Comuna de Varela planifica una exposici\u00f3n de instrumentos, accesorios, cl\u00ednicas m\u00e1s bandas en vivo el domingo 3 de noviembre desde las 14 hs. en la dependencia de la calle Mitre N\u00ba149 con entrada libre y gratuita.<\/p>\n\n\n\n<p>Javier Meza, luthier e impulsor de la propuesta en el 2021, detalla: \u00abEs una muestra para m\u00fasicos, m\u00fasicas y toda la comunidad que tenga curiosidad de conocer a fabricantes del rubro, as\u00ed como saber m\u00e1s del tema\u201d.<\/p>\n\n\n\n<p>\u201cLa exhibici\u00f3n estar\u00e1 \u00edntegramente dedicada a trabajadores y trabajadoras de la producci\u00f3n musical\u201d, se\u00f1ala. Destaca la participaci\u00f3n de \u201cSergui Raffaelli, Chequeres Percusi\u00f3n, Fundas Carol, Nico Panizo, Vertiz, Leandro Cicconi, DHO Electric, Gam guitars, Ardizzi pickups, Impeesa, Claudio Germana, Vera Silva, Lucas Fiotto encordados\u201d.<\/p>\n\n\n\n<p>\u201cTendremos charlas con especialistas a partir de las 16 hs.\u201d, indica y agrega: \u201cEl evento cerrar\u00e1 con la In-Q-badora Universitaria de la M\u00fasica Autogestiva, un proyecto de la Universidad Nacional de Quilmes (UNQ)\u00bb.<\/p>\n","protected":false},"excerpt":{"rendered":"<p>La Comuna de Varela planifica una exposici\u00f3n de instrumentos, accesorios, cl\u00ednicas m\u00e1s bandas en vivo el domingo 3 de noviembre desde las 14 hs. en la dependencia de la calle&hellip;<\/p>\n","protected":false},"author":3,"featured_media":7697,"comment_status":"closed","ping_status":"closed","sticky":false,"template":"","format":"standard","meta":{"footnotes":""},"categories":[7],"tags":[],"class_list":["post-7696","post","type-post","status-publish","format-standard","has-post-thumbnail","hentry","category-espectaculos"],"rttpg_featured_image_url":{"full":["https:\/\/magazineweb.com.ar\/wp-content\/uploads\/2024\/10\/luthier.jpg",1440,1800,false],"landscape":["https:\/\/magazineweb.com.ar\/wp-content\/uploads\/2024\/10\/luthier.jpg",1440,1800,false],"portraits":["https:\/\/magazineweb.com.ar\/wp-content\/uploads\/2024\/10\/luthier.jpg",1440,1800,false],"thumbnail":["https:\/\/magazineweb.com.ar\/wp-content\/uploads\/2024\/10\/luthier-150x150.jpg",150,150,true],"medium":["https:\/\/magazineweb.com.ar\/wp-content\/uploads\/2024\/10\/luthier-240x300.jpg",240,300,true],"large":["https:\/\/magazineweb.com.ar\/wp-content\/uploads\/2024\/10\/luthier-819x1024.jpg",819,1024,true],"1536x1536":["https:\/\/magazineweb.com.ar\/wp-content\/uploads\/2024\/10\/luthier-1229x1536.jpg",1229,1536,true],"2048x2048":["https:\/\/magazineweb.com.ar\/wp-content\/uploads\/2024\/10\/luthier.jpg",1440,1800,false],"ultp_layout_landscape_large":["https:\/\/magazineweb.com.ar\/wp-content\/uploads\/2024\/10\/luthier-1200x800.jpg",1200,800,true],"ultp_layout_landscape":["https:\/\/magazineweb.com.ar\/wp-content\/uploads\/2024\/10\/luthier-870x570.jpg",870,570,true],"ultp_layout_portrait":["https:\/\/magazineweb.com.ar\/wp-content\/uploads\/2024\/10\/luthier-600x900.jpg",600,900,true],"ultp_layout_square":["https:\/\/magazineweb.com.ar\/wp-content\/uploads\/2024\/10\/luthier-600x600.jpg",600,600,true]},"rttpg_author":{"display_name":"Redacci\u00f3n Magazine Web","author_link":"https:\/\/magazineweb.com.ar\/?author=3"},"rttpg_comment":0,"rttpg_category":"<a href=\"https:\/\/magazineweb.com.ar\/?cat=7\" rel=\"category\">Espect\u00e1culos<\/a>","rttpg_excerpt":"La Comuna de Varela planifica una exposici\u00f3n de instrumentos, accesorios, cl\u00ednicas m\u00e1s bandas en vivo el domingo 3 de noviembre desde las 14 hs. en la dependencia de la calle&hellip;","_links":{"self":[{"href":"https:\/\/magazineweb.com.ar\/index.php?rest_route=\/wp\/v2\/posts\/7696","targetHints":{"allow":["GET"]}}],"collection":[{"href":"https:\/\/magazineweb.com.ar\/index.php?rest_route=\/wp\/v2\/posts"}],"about":[{"href":"https:\/\/magazineweb.com.ar\/index.php?rest_route=\/wp\/v2\/types\/post"}],"author":[{"embeddable":true,"href":"https:\/\/magazineweb.com.ar\/index.php?rest_route=\/wp\/v2\/users\/3"}],"replies":[{"embeddable":true,"href":"https:\/\/magazineweb.com.ar\/index.php?rest_route=%2Fwp%2Fv2%2Fcomments&post=7696"}],"version-history":[{"count":1,"href":"https:\/\/magazineweb.com.ar\/index.php?rest_route=\/wp\/v2\/posts\/7696\/revisions"}],"predecessor-version":[{"id":7698,"href":"https:\/\/magazineweb.com.ar\/index.php?rest_route=\/wp\/v2\/posts\/7696\/revisions\/7698"}],"wp:featuredmedia":[{"embeddable":true,"href":"https:\/\/magazineweb.com.ar\/index.php?rest_route=\/wp\/v2\/media\/7697"}],"wp:attachment":[{"href":"https:\/\/magazineweb.com.ar\/index.php?rest_route=%2Fwp%2Fv2%2Fmedia&parent=7696"}],"wp:term":[{"taxonomy":"category","embeddable":true,"href":"https:\/\/magazineweb.com.ar\/index.php?rest_route=%2Fwp%2Fv2%2Fcategories&post=7696"},{"taxonomy":"post_tag","embeddable":true,"href":"https:\/\/magazineweb.com.ar\/index.php?rest_route=%2Fwp%2Fv2%2Ftags&post=7696"}],"curies":[{"name":"wp","href":"https:\/\/api.w.org\/{rel}","templated":true}]}}