{"id":7717,"date":"2024-10-31T01:06:00","date_gmt":"2024-10-31T04:06:00","guid":{"rendered":"https:\/\/magazineweb.com.ar\/?p=7717"},"modified":"2024-10-31T14:55:30","modified_gmt":"2024-10-31T17:55:30","slug":"la-ucr-acuso-a-milei-de-mentir-sobre-el-compromiso-democratico-del-ex-presidente-raul-alfonsin","status":"publish","type":"post","link":"https:\/\/magazineweb.com.ar\/?p=7717","title":{"rendered":"La UCR acus\u00f3 a Milei de \u00abmentir sobre el compromiso democr\u00e1tico\u00bb del ex presidente Ra\u00fal Alfons\u00edn"},"content":{"rendered":"\n<p>El Comit\u00e9 Nacional de la Uni\u00f3n C\u00edvica Radical (UCR), bloques legislativos nacionales, el foro de intendentes y organizaciones partidarias acusaron al presidente Javier Milei de \u00abmentir sobre el compromiso democr\u00e1tico\u00bb del fallecido ex de Estado Ra\u00fal Alfons\u00edn.<\/p>\n\n\n\n<p>\u00abMentir sobre el compromiso democr\u00e1tico de Ra\u00fal Alfons\u00edn no es solo un agravio injustificado a su memoria, es una afrenta al pueblo argentino\u00bb, expres\u00f3 la UCR en un comunicado.<\/p>\n\n\n\n<p>Desde el partido centenario exhortaron al actual mandatario nacional a \u00abrespetar la memoria del ex presidente Ra\u00fal Alfons\u00edn\u00bb y \u00abcesar en sus agravios contra qui\u00e9n fue el verdadero l\u00edder del proceso democr\u00e1tico argentino\u00bb.<\/p>\n\n\n\n<p>\u00abAcusar a Ra\u00fal Alfons\u00edn de ser <code>partidario<\/code> de un golpe de Estado no es solo es una mentira pat\u00e9tica y ofensiva de Milei; es tambi\u00e9n la acusaci\u00f3n de un delito grav\u00edsimo contra la democracia a la que el ex presidente le entreg\u00f3 su extensa y reconocida vida p\u00fablica\u00bb, manifest\u00f3 la UCR.<\/p>\n\n\n\n<p>Adem\u00e1s, consideraron una \u00abprovocaci\u00f3n\u00bb por parte de Milei el hecho de que haya llevado a cabo ese discurso en medio del aniversario del triunfo electoral de Alfons\u00edn y cuando la Argentina celebra sus 41 a\u00f1os de recuperaci\u00f3n de la democracia.<\/p>\n\n\n\n<p>\u00abEs una provocaci\u00f3n en la que un presidente verdaderamente democr\u00e1tico no deber\u00eda caer jam\u00e1s\u00bb, enfatiz\u00f3 el espacio que encabeza el senador nacional Mart\u00edn Lousteau.<\/p>\n\n\n\n<p>Asimismo, manifestaron que el ex mandatario radical \u00abfue quien de verdad recibi\u00f3 la peor herencia que un presidente argentino tuvo que encarar al asumir, y lo hizo sin agredir nunca a un adversario, sin limitar jam\u00e1s las libertades y con el compromiso para afianzar la democracia; sistema que le permiti\u00f3 a Milei ser electo diputado primero y presidente despu\u00e9s\u00bb.<\/p>\n\n\n\n<p>Milei hab\u00eda criticado este mediod\u00eda al ex jefe de Estado en el marco del D\u00eda de la Recuperaci\u00f3n de la Democracia, al se\u00f1alar que a Alfons\u00edn \u00ablo muestran como el padre de la democracia y fue partidario de un golpe\u00bb, en referencia a la crisis de 2001 que culmin\u00f3 con la renuncia de Fernando De la R\u00faa.<\/p>\n","protected":false},"excerpt":{"rendered":"<p>El Comit\u00e9 Nacional de la Uni\u00f3n C\u00edvica Radical (UCR), bloques legislativos nacionales, el foro de intendentes y organizaciones partidarias acusaron al presidente Javier Milei de \u00abmentir sobre el compromiso democr\u00e1tico\u00bb&hellip;<\/p>\n","protected":false},"author":3,"featured_media":7718,"comment_status":"closed","ping_status":"closed","sticky":false,"template":"","format":"standard","meta":{"footnotes":""},"categories":[17],"tags":[],"class_list":["post-7717","post","type-post","status-publish","format-standard","has-post-thumbnail","hentry","category-nacional"],"rttpg_featured_image_url":{"full":["https:\/\/magazineweb.com.ar\/wp-content\/uploads\/2024\/10\/milei-alfonsinjpg.webp",1200,675,false],"landscape":["https:\/\/magazineweb.com.ar\/wp-content\/uploads\/2024\/10\/milei-alfonsinjpg.webp",1200,675,false],"portraits":["https:\/\/magazineweb.com.ar\/wp-content\/uploads\/2024\/10\/milei-alfonsinjpg.webp",1200,675,false],"thumbnail":["https:\/\/magazineweb.com.ar\/wp-content\/uploads\/2024\/10\/milei-alfonsinjpg-150x150.webp",150,150,true],"medium":["https:\/\/magazineweb.com.ar\/wp-content\/uploads\/2024\/10\/milei-alfonsinjpg-300x169.webp",300,169,true],"large":["https:\/\/magazineweb.com.ar\/wp-content\/uploads\/2024\/10\/milei-alfonsinjpg-1024x576.webp",1024,576,true],"1536x1536":["https:\/\/magazineweb.com.ar\/wp-content\/uploads\/2024\/10\/milei-alfonsinjpg.webp",1200,675,false],"2048x2048":["https:\/\/magazineweb.com.ar\/wp-content\/uploads\/2024\/10\/milei-alfonsinjpg.webp",1200,675,false],"ultp_layout_landscape_large":["https:\/\/magazineweb.com.ar\/wp-content\/uploads\/2024\/10\/milei-alfonsinjpg.webp",1200,675,false],"ultp_layout_landscape":["https:\/\/magazineweb.com.ar\/wp-content\/uploads\/2024\/10\/milei-alfonsinjpg-870x570.webp",870,570,true],"ultp_layout_portrait":["https:\/\/magazineweb.com.ar\/wp-content\/uploads\/2024\/10\/milei-alfonsinjpg-600x675.webp",600,675,true],"ultp_layout_square":["https:\/\/magazineweb.com.ar\/wp-content\/uploads\/2024\/10\/milei-alfonsinjpg-600x600.webp",600,600,true]},"rttpg_author":{"display_name":"Redacci\u00f3n Magazine Web","author_link":"https:\/\/magazineweb.com.ar\/?author=3"},"rttpg_comment":0,"rttpg_category":"<a href=\"https:\/\/magazineweb.com.ar\/?cat=17\" rel=\"category\">Nacional<\/a>","rttpg_excerpt":"El Comit\u00e9 Nacional de la Uni\u00f3n C\u00edvica Radical (UCR), bloques legislativos nacionales, el foro de intendentes y organizaciones partidarias acusaron al presidente Javier Milei de \u00abmentir sobre el compromiso democr\u00e1tico\u00bb&hellip;","_links":{"self":[{"href":"https:\/\/magazineweb.com.ar\/index.php?rest_route=\/wp\/v2\/posts\/7717","targetHints":{"allow":["GET"]}}],"collection":[{"href":"https:\/\/magazineweb.com.ar\/index.php?rest_route=\/wp\/v2\/posts"}],"about":[{"href":"https:\/\/magazineweb.com.ar\/index.php?rest_route=\/wp\/v2\/types\/post"}],"author":[{"embeddable":true,"href":"https:\/\/magazineweb.com.ar\/index.php?rest_route=\/wp\/v2\/users\/3"}],"replies":[{"embeddable":true,"href":"https:\/\/magazineweb.com.ar\/index.php?rest_route=%2Fwp%2Fv2%2Fcomments&post=7717"}],"version-history":[{"count":1,"href":"https:\/\/magazineweb.com.ar\/index.php?rest_route=\/wp\/v2\/posts\/7717\/revisions"}],"predecessor-version":[{"id":7719,"href":"https:\/\/magazineweb.com.ar\/index.php?rest_route=\/wp\/v2\/posts\/7717\/revisions\/7719"}],"wp:featuredmedia":[{"embeddable":true,"href":"https:\/\/magazineweb.com.ar\/index.php?rest_route=\/wp\/v2\/media\/7718"}],"wp:attachment":[{"href":"https:\/\/magazineweb.com.ar\/index.php?rest_route=%2Fwp%2Fv2%2Fmedia&parent=7717"}],"wp:term":[{"taxonomy":"category","embeddable":true,"href":"https:\/\/magazineweb.com.ar\/index.php?rest_route=%2Fwp%2Fv2%2Fcategories&post=7717"},{"taxonomy":"post_tag","embeddable":true,"href":"https:\/\/magazineweb.com.ar\/index.php?rest_route=%2Fwp%2Fv2%2Ftags&post=7717"}],"curies":[{"name":"wp","href":"https:\/\/api.w.org\/{rel}","templated":true}]}}