{"id":7726,"date":"2024-11-08T01:03:00","date_gmt":"2024-11-08T04:03:00","guid":{"rendered":"https:\/\/magazineweb.com.ar\/?p=7726"},"modified":"2024-11-10T19:08:38","modified_gmt":"2024-11-10T22:08:38","slug":"7726","status":"publish","type":"post","link":"https:\/\/magazineweb.com.ar\/?p=7726","title":{"rendered":"Comienza la inscripci\u00f3n para las Colonias Municipales de Verano 2025"},"content":{"rendered":"\n<p>El lunes 11 de noviembre abre la inscripci\u00f3n para las colonias municipales de verano que cada a\u00f1o se llevan a cabo en el Complejo Municipal Los Privilegiados. Las mismas son impulsadas por el intendente Juan Jos\u00e9 Mussi y organizadas en forma gratuita por la Municipalidad de Berazategui, a trav\u00e9s de la Secretar\u00eda de Desarrollo Social y Comunitario, Recreaci\u00f3n, Turismo y Deportes.<\/p>\n\n\n\n<p>Del lunes 11 al viernes 22 de noviembre, las personas mayores a partir de 55 a\u00f1os, que no pertenezcan a Centros de Jubilados, podr\u00e1n inscribirse en el Complejo Municipal Los Privilegiados (calle 156 y 50, Pl\u00e1tanos), de lunes a viernes de 9.00 a 15.00.<\/p>\n\n\n\n<p>El resto de los grupos deber\u00e1n anotarse en forma online, ingresando a privilegiados.berazategui.gov.ar, a partir de las 10.00. Tendr\u00e1n que respetar el siguiente cronograma:<\/p>\n\n\n\n<p>-Martes 26\/11: adolescentes (12 a 16 a\u00f1os).<\/p>\n\n\n\n<p>-Jueves 28\/11: infantiles (6 a 11 a\u00f1os).<\/p>\n\n\n\n<p>-Viernes 29\/11: personas con discapacidad (7 a 50 a\u00f1os).<\/p>\n\n\n\n<p>Para inscribirse, se debe acreditar domicilio en Berazategui. Las personas con discapacidad deber\u00e1n presentar el CUD que certifique su condici\u00f3n; y las personas mayores, un certificado de revisi\u00f3n m\u00e9dica, carnet de obra social y DNI.<\/p>\n","protected":false},"excerpt":{"rendered":"<p>El lunes 11 de noviembre abre la inscripci\u00f3n para las colonias municipales de verano que cada a\u00f1o se llevan a cabo en el Complejo Municipal Los Privilegiados. Las mismas son&hellip;<\/p>\n","protected":false},"author":3,"featured_media":7727,"comment_status":"closed","ping_status":"closed","sticky":false,"template":"","format":"standard","meta":{"footnotes":""},"categories":[4,9],"tags":[],"class_list":["post-7726","post","type-post","status-publish","format-standard","has-post-thumbnail","hentry","category-destacados","category-informacion-general"],"rttpg_featured_image_url":{"full":["https:\/\/magazineweb.com.ar\/wp-content\/uploads\/2024\/11\/thumbnail_COMIENZA-LA-INSCRIPCION-PARA-LAS-COLONIAS-MUNICIPALES-DE-VERANO-2025-1.jpg",1920,1280,false],"landscape":["https:\/\/magazineweb.com.ar\/wp-content\/uploads\/2024\/11\/thumbnail_COMIENZA-LA-INSCRIPCION-PARA-LAS-COLONIAS-MUNICIPALES-DE-VERANO-2025-1.jpg",1920,1280,false],"portraits":["https:\/\/magazineweb.com.ar\/wp-content\/uploads\/2024\/11\/thumbnail_COMIENZA-LA-INSCRIPCION-PARA-LAS-COLONIAS-MUNICIPALES-DE-VERANO-2025-1.jpg",1920,1280,false],"thumbnail":["https:\/\/magazineweb.com.ar\/wp-content\/uploads\/2024\/11\/thumbnail_COMIENZA-LA-INSCRIPCION-PARA-LAS-COLONIAS-MUNICIPALES-DE-VERANO-2025-1-150x150.jpg",150,150,true],"medium":["https:\/\/magazineweb.com.ar\/wp-content\/uploads\/2024\/11\/thumbnail_COMIENZA-LA-INSCRIPCION-PARA-LAS-COLONIAS-MUNICIPALES-DE-VERANO-2025-1-300x200.jpg",300,200,true],"large":["https:\/\/magazineweb.com.ar\/wp-content\/uploads\/2024\/11\/thumbnail_COMIENZA-LA-INSCRIPCION-PARA-LAS-COLONIAS-MUNICIPALES-DE-VERANO-2025-1-1024x683.jpg",1024,683,true],"1536x1536":["https:\/\/magazineweb.com.ar\/wp-content\/uploads\/2024\/11\/thumbnail_COMIENZA-LA-INSCRIPCION-PARA-LAS-COLONIAS-MUNICIPALES-DE-VERANO-2025-1-1536x1024.jpg",1536,1024,true],"2048x2048":["https:\/\/magazineweb.com.ar\/wp-content\/uploads\/2024\/11\/thumbnail_COMIENZA-LA-INSCRIPCION-PARA-LAS-COLONIAS-MUNICIPALES-DE-VERANO-2025-1.jpg",1920,1280,false],"ultp_layout_landscape_large":["https:\/\/magazineweb.com.ar\/wp-content\/uploads\/2024\/11\/thumbnail_COMIENZA-LA-INSCRIPCION-PARA-LAS-COLONIAS-MUNICIPALES-DE-VERANO-2025-1-1200x800.jpg",1200,800,true],"ultp_layout_landscape":["https:\/\/magazineweb.com.ar\/wp-content\/uploads\/2024\/11\/thumbnail_COMIENZA-LA-INSCRIPCION-PARA-LAS-COLONIAS-MUNICIPALES-DE-VERANO-2025-1-870x570.jpg",870,570,true],"ultp_layout_portrait":["https:\/\/magazineweb.com.ar\/wp-content\/uploads\/2024\/11\/thumbnail_COMIENZA-LA-INSCRIPCION-PARA-LAS-COLONIAS-MUNICIPALES-DE-VERANO-2025-1-600x900.jpg",600,900,true],"ultp_layout_square":["https:\/\/magazineweb.com.ar\/wp-content\/uploads\/2024\/11\/thumbnail_COMIENZA-LA-INSCRIPCION-PARA-LAS-COLONIAS-MUNICIPALES-DE-VERANO-2025-1-600x600.jpg",600,600,true]},"rttpg_author":{"display_name":"Redacci\u00f3n Magazine Web","author_link":"https:\/\/magazineweb.com.ar\/?author=3"},"rttpg_comment":0,"rttpg_category":"<a href=\"https:\/\/magazineweb.com.ar\/?cat=4\" rel=\"category\">Destacados<\/a> <a href=\"https:\/\/magazineweb.com.ar\/?cat=9\" rel=\"category\">Informaci\u00f3n General<\/a>","rttpg_excerpt":"El lunes 11 de noviembre abre la inscripci\u00f3n para las colonias municipales de verano que cada a\u00f1o se llevan a cabo en el Complejo Municipal Los Privilegiados. Las mismas son&hellip;","_links":{"self":[{"href":"https:\/\/magazineweb.com.ar\/index.php?rest_route=\/wp\/v2\/posts\/7726","targetHints":{"allow":["GET"]}}],"collection":[{"href":"https:\/\/magazineweb.com.ar\/index.php?rest_route=\/wp\/v2\/posts"}],"about":[{"href":"https:\/\/magazineweb.com.ar\/index.php?rest_route=\/wp\/v2\/types\/post"}],"author":[{"embeddable":true,"href":"https:\/\/magazineweb.com.ar\/index.php?rest_route=\/wp\/v2\/users\/3"}],"replies":[{"embeddable":true,"href":"https:\/\/magazineweb.com.ar\/index.php?rest_route=%2Fwp%2Fv2%2Fcomments&post=7726"}],"version-history":[{"count":2,"href":"https:\/\/magazineweb.com.ar\/index.php?rest_route=\/wp\/v2\/posts\/7726\/revisions"}],"predecessor-version":[{"id":7729,"href":"https:\/\/magazineweb.com.ar\/index.php?rest_route=\/wp\/v2\/posts\/7726\/revisions\/7729"}],"wp:featuredmedia":[{"embeddable":true,"href":"https:\/\/magazineweb.com.ar\/index.php?rest_route=\/wp\/v2\/media\/7727"}],"wp:attachment":[{"href":"https:\/\/magazineweb.com.ar\/index.php?rest_route=%2Fwp%2Fv2%2Fmedia&parent=7726"}],"wp:term":[{"taxonomy":"category","embeddable":true,"href":"https:\/\/magazineweb.com.ar\/index.php?rest_route=%2Fwp%2Fv2%2Fcategories&post=7726"},{"taxonomy":"post_tag","embeddable":true,"href":"https:\/\/magazineweb.com.ar\/index.php?rest_route=%2Fwp%2Fv2%2Ftags&post=7726"}],"curies":[{"name":"wp","href":"https:\/\/api.w.org\/{rel}","templated":true}]}}